{"id":28962,"date":"2023-11-23T12:41:16","date_gmt":"2023-11-23T09:41:16","guid":{"rendered":"http:\/\/mersinkadingazetesi.com\/?p=28962"},"modified":"2023-11-23T12:41:16","modified_gmt":"2023-11-23T09:41:16","slug":"baskan-secer-buyuksehirin-emektar-ogretmenleri-ile-bir-araya-geldi","status":"publish","type":"post","link":"https:\/\/mersinkadingazetesi.com\/?p=28962","title":{"rendered":"BA\u015eKAN SE\u00c7ER, B\u00dcY\u00dcK\u015eEH\u0130R&#8217;\u0130N EMEKTAR \u00d6\u011eRETMENLER\u0130 \u0130LE B\u0130R ARAYA GELD\u0130"},"content":{"rendered":"<p>Merin B\u00fcy\u00fck\u015fehir Belediye Ba\u015fkan\u0131 Vahap Se\u00e7er, 24 Kas\u0131m \u00d6\u011fretmenler G\u00fcn\u00fc dolay\u0131s\u0131yla B\u00fcy\u00fck\u015fehir Belediyesi&#8217;nin emektar \u00f6\u011fretmenleri ile bir araya geldi. B\u00fcy\u00fck\u015fehir Belediyesi&#8217;nin il genelinde ki farkl\u0131 birimlerinde e\u011fitim veren \u00f6\u011fretmenlerle yemek program\u0131nda bulu\u015fan Se\u00e7er, &#8220;Sizlere inan\u0131yoruz, sizlere g\u00fcveniyoruz, sizlere sayg\u0131 duyuyoruz, sizleri \u00e7ok seviyoruz. \u00d6\u011fretmenler G\u00fcn\u00fc&#8217;n\u00fcz kutlu olsun&#8221; dedi.<\/p>\n<p>Programda, E\u011fitim Hizmetleri \u015eube M\u00fcd\u00fcrl\u00fc\u011f\u00fc&#8217;n\u00fcn tan\u0131t\u0131m\u0131, \u00fcniversiteyi kazanan \u00f6\u011frencilerin te\u015fekk\u00fcr\u00fc ile kurs merkezlerinde bu y\u0131l e\u011fitim g\u00f6ren \u00f6\u011frencilerin \u00f6\u011fretmenler g\u00fcn\u00fcne \u00f6zel haz\u0131rlad\u0131\u011f\u0131 videolar izletildi.<\/p>\n<p>Se\u00e7er: &#8220;\u00c7ocuklara daha iyi bir gelecek sunmak i\u00e7in inan\u0131lmaz katk\u0131 veriyorsunuz&#8221;<\/p>\n<p>\u00d6\u011fretmenlere; &#8216;Arkada\u015flar\u0131m&#8217; diye seslenerek konu\u015fmas\u0131na ba\u015flayan Ba\u015fkan Se\u00e7er, &#8220;Arkada\u015flar\u0131m diyorum \u00e7\u00fcnk\u00fc birlikte \u00e7al\u0131\u015f\u0131yoruz. Ortak amac\u0131m\u0131z Mersinimize, \u00fclkemize, milletimize, insanl\u0131\u011fa katk\u0131 sunmak. Bug\u00fcne kadar ortaya koydu\u011funuz \u00e7abalardan ve verdi\u011finiz emeklerden dolay\u0131 hepinize \u00e7ok te\u015fekk\u00fcr ediyorum. Eme\u011finize, y\u00fcre\u011finize sa\u011fl\u0131k&#8221; dedi. B\u00fcy\u00fck\u015fehir b\u00fcnyesinde 403 \u00f6\u011fretmenin e\u011fitim verdi\u011fini belirten Se\u00e7er, &#8220;Toplamda 20 kurs merkezimiz var. 7 bin 30 \u00f6\u011frencimize katk\u0131 sunuyorsunuz. Onlara e\u011fitim veriyorsunuz. Daha iyi bir gelecek olu\u015fturmalar\u0131 i\u00e7in inan\u0131lmaz bir katk\u0131 veriyorsunuz&#8221; diye konu\u015ftu. E\u011fitimde f\u0131rsat e\u015fitli\u011fini \u00f6ncelediklerini vurgulayan Se\u00e7er, &#8220;Devlet olmak; sosyal e\u015fitlik\u00e7i olmakt\u0131r. Asl\u0131nda bunlar\u0131n ortak gayesi e\u015fit bir toplum yaratmak, vars\u0131l olanla yoksul olan\u0131n devlet kar\u015f\u0131s\u0131nda e\u015fit bir yurtta\u015f oldu\u011fu duygusunu ona verebilmek. Devlet olmak insanlar\u0131 birle\u015ftirmektir, b\u00fct\u00fcnle\u015ftirmektir kutupla\u015ft\u0131rmak de\u011fildir&#8221; dedi.<\/p>\n<p>Mersin B\u00fcy\u00fck\u015fehir Belediye Ba\u015fkan\u0131 olarak kendisinin bir siyasi g\u00f6r\u00fc\u015f\u00fc oldu\u011funu ancak, kendisi gibi d\u00fc\u015f\u00fcnmeyenlere kar\u015f\u0131 ayr\u0131mc\u0131 davranmad\u0131\u011f\u0131n\u0131 kaydeden Se\u00e7er, &#8220;B\u00f6yle bir hakk\u0131m ve haddim olamaz. Belediye b\u00fcnyesinde \u00e7al\u0131\u015fan hi\u00e7bir kamu g\u00f6revlisinin b\u00f6yle bir hakk\u0131 ve haddi olamaz. 2.5 milyon insana hizmet ediyoruz. Hep beraber yap\u0131yoruz&#8221; diye konu\u015ftu.<\/p>\n<p>&#8220;Hurafelerin de\u011fil, bilimin pe\u015finden gidece\u011fiz&#8221;<\/p>\n<p>B\u00fcy\u00fck\u015fehir olarak e\u011fitime b\u00fcy\u00fck \u00f6nem verdiklerinden s\u00f6z eden Se\u00e7er, &#8220;Bizim sahip oldu\u011fumuz d\u00fcnya g\u00f6r\u00fc\u015f\u00fc; &#8216;Hayatta En Hakiki M\u00fcr\u015fit \u0130limdir&#8217; felsefesinin ve anlay\u0131\u015f\u0131n\u0131n tezah\u00fcr\u00fcd\u00fcr. Hurafelerin de\u011fil, bilimin pe\u015finden gidece\u011fiz. \u00c7ocuklar\u0131m\u0131z e\u011fitilsin, toplumlar\u0131 e\u011fitim kurtar\u0131r, e\u011fitimli toplumlar kalk\u0131n\u0131r. D\u00fcnyada rekabet eden ve rekabette \u00fcst seviyede olan \u00fclkeler e\u011fitimle bu seviyelere geldi. E\u011fitimde yol alanlar, bilimde ilerleyenler d\u00fcnyada s\u00f6z sahibi olmaya ba\u015flad\u0131. Bu felsefeyle B\u00fcy\u00fck\u015fehir olarak e\u011fitimde imk\u00e2nlar\u0131m\u0131z\u0131 en azami kullanarak, bu \u00e7abalar\u0131m\u0131z\u0131 s\u00fcrd\u00fcrmeye devam edece\u011fiz&#8221; ifadelerini kulland\u0131.<\/p>\n<p>&#8220;\u0130yi ki b\u00f6yle de\u011ferli \u00f6\u011fretmenlerimizi belediyemizin b\u00fcnyesine kazand\u0131rm\u0131\u015f\u0131z&#8221;<\/p>\n<p>G\u00f6reve geldikleri g\u00fcnden itibaren \u00f6\u011frenci, kurs merkezleri ve e\u011fitimci say\u0131lar\u0131nda ya\u015fanan art\u0131\u015ftan s\u00f6z eden Se\u00e7er, e\u011fitime; &#8216;ama, fakat, lakin&#8217; demeden b\u00fct\u00e7e ay\u0131rd\u0131klar\u0131n\u0131 dile getirdi. Se\u00e7er, &#8220;Sizlerin de her birinizin kendi alan\u0131n\u0131zda son derece donan\u0131ml\u0131, iyi yeti\u015fmi\u015f, bildiklerini, bilgilerini \u00f6\u011frencisine en iyi \u015fekilde aktarabilen kabiliyette e\u011fitimciler, \u00f6\u011fretmenler olmas\u0131n\u0131 isteriz. Bunun yan\u0131nda \u00e7ocuklar\u0131m\u0131za \u015fefkatli davranan, sadece onlarla pozitif bilim \u00e7er\u00e7evesinde sohbet eden de\u011fil, matematik, kimya, fizik, co\u011frafya; onun bir derdi varsa onunla ilgilenen, ona ablal\u0131k, abilik, yarenlik ve yolda\u015fl\u0131k yapan birer rol modeller olman\u0131z\u0131 arzu ederiz&#8221; ifadelerini kulland\u0131. <\/p>\n<p>B\u00fcy\u00fck\u015fehir&#8217;in \u00f6\u011fretmenleri ile ilgili vatanda\u015flardan ve \u00f6\u011frencilerden ald\u0131\u011f\u0131 olumlu tepkileri de anlatan Se\u00e7er, &#8220;Bak\u0131n \u015funu gururla s\u00f6yl\u00fcyorum; ger\u00e7ekten bunu duydu\u011fum, g\u00f6rd\u00fc\u011f\u00fcm zaman sizlerle bir kez daha mutlu olup, gurur duyuyorum. &#8216;\u0130yi ki b\u00f6yle de\u011ferli \u00f6\u011fretmenlerimizi belediyemizin b\u00fcnyesine kazand\u0131rm\u0131\u015f\u0131z. Bizim m\u00fccadelede yol arkada\u015flar\u0131m\u0131z olmu\u015f&#8217; diyorum. \u00c7ar\u015f\u0131da, pazarda giderken bir han\u0131mefendi, bir \u00e7ocu\u011fumuz; &#8216;Ba\u015fkan\u0131m sizin kurs merkezlerinde \u00fcniversiteye haz\u0131rland\u0131m ve \u00fcniversitede okuyorum&#8217; dedi\u011fi ve te\u015fekk\u00fcr etti\u011fi nokta inan\u0131n d\u00fcnyan\u0131n en mutlu insan\u0131 oluyorum ve \u015funu s\u00f6yl\u00fcyorum; &#8216;Peki, \u00f6\u011fretmenlerimiz nas\u0131ld\u0131?&#8217;. Daha bir tek \u00e7ocu\u011fumuzdan olumsuz bir \u015fey duymad\u0131m ve sizlerden bahsederken emin olun a\u011f\u0131zlar\u0131 dolu dolu ve g\u00f6zleri ya\u015fararak, \u00f6\u011fretmenlerini ismen bana s\u00f6yleyerek memnuniyetlerini dile getiriyorlar. Sizlere binlerce kez te\u015fekk\u00fcr ediyor ve bu anlay\u0131\u015fla g\u00f6revinize devam etmenizi istiyorum&#8221; dedi.<\/p>\n<p>Yak\u0131n bir tarihte yerel se\u00e7imlere gidilece\u011fini hat\u0131rlatan Se\u00e7er, &#8220;Merak etmeyin, buraday\u0131z. Biz Mersin halk\u0131na 4 bu\u00e7uk y\u0131ld\u0131r, 5 y\u0131l\u0131 tamamlamak \u00fczereyiz, hizmet ediyoruz. Biz o hizmeti kalben yap\u0131yoruz. Her \u015feyimizle, biz kendimizi Mersin halk\u0131n\u0131n mutlulu\u011funa, rahat\u0131na, kentte dola\u015f\u0131rken kendini huzurlu, mutlu hissetmesine adam\u0131\u015f\u0131z&#8221; dedi.<\/p>\n<p>&#8220;Verdi\u011fimiz e\u011fitim hizmetlerini halk\u0131m\u0131za anlat\u0131n&#8221;<\/p>\n<p>\u00d6\u011fretmenlerden B\u00fcy\u00fck\u015fehir&#8217;in e\u011fitim alan\u0131ndaki hizmetlerini Mersin halk\u0131na anlatmalar\u0131n\u0131 isteyen Se\u00e7er, &#8220;\u0130nsanlarla konu\u015fun, okuma salonlar\u0131n\u0131z\u0131 anlat\u0131n, adreslerini verin. Bir\u00e7ok \u00e7ocu\u011fumuz evinde ders \u00e7al\u0131\u015fma imk\u00e2n\u0131ndan yoksun. Onlara 20 noktada e\u011fitim merkezimiz oldu\u011funu s\u00f6yleyin. Hem LGS&#8217;ye hem \u00fcniversiteye haz\u0131rland\u0131klar\u0131n\u0131, \u00f6zellikle ekonomik olarak ihtiya\u00e7 sahibi insanlar\u0131n buna y\u00f6nelmesini isteyin&#8221; s\u00f6zlerine yer verdi. Bu y\u0131l 36 bin \u00e7ocu\u011fun ilk\u00f6\u011fretime ba\u015flad\u0131\u011f\u0131n\u0131 aktaran Se\u00e7er, &#8220;\u0130lk kez e\u011fitime ba\u015flayan \u00e7ocu\u011fumuzun ikisinden birinin okul \u00e7antas\u0131n\u0131 da\u011f\u0131t\u0131yoruz. Dezavantajl\u0131 mahallelerde \u00e7ocuklar\u0131m\u0131z\u0131n protein ihtiyac\u0131n\u0131 kar\u015f\u0131lamada katk\u0131 sunal\u0131m diye da\u011f\u0131tt\u0131\u011f\u0131m\u0131z s\u00fctlerden at\u0131\u015ft\u0131rmal\u0131k \u00e7erezlere kadar bunlar\u0131 vatanda\u015flarla payla\u015f\u0131n&#8221; ifadelerini kulland\u0131.<\/p>\n<p>&#8220;Mersin B\u00fcy\u00fck\u015fehir Belediyesi halk\u0131n yuvas\u0131d\u0131r&#8221;<\/p>\n<p>B\u00fcy\u00fck\u015fehir&#8217;in t\u00fcm Mersin halk\u0131n\u0131n yuvas\u0131 oldu\u011funun alt\u0131n\u0131 \u00e7izen Se\u00e7er, &#8220;Sizler de bu yuva i\u00e7erisinde bizzat g\u00f6rev alan \u00fcyelersiniz. Sizler o kurumu koruyacak ve y\u00fckselteceksiniz. Sizin ba\u015far\u0131lar\u0131n\u0131z B\u00fcy\u00fck\u015fehir Belediyesi&#8217;nin marka de\u011ferini art\u0131racak. Diyecekler ki &#8216;Bizim belediyemiz bir tanedir, \u00e7al\u0131\u015fanlar\u0131yla, hizmetleriyle, belediyemizin fiziki ko\u015fullar\u0131yla, uygulamalar\u0131yla, anlay\u0131\u015f\u0131yla T\u00fcrkiye&#8217;de bir numara.&#8217; Bunu dedirtmek 11 bin \u00e7al\u0131\u015fan\u0131n elinde. Ger\u00e7ekleri vatanda\u015flarla payla\u015fman\u0131n bu kuruma kendini ait hissetmekten ge\u00e7ti\u011fini d\u00fc\u015f\u00fcn\u00fcyorum&#8221; diye konu\u015ftu. \u00d6\u011fretmenler G\u00fcn\u00fc program\u0131n\u0131n d\u00fczenlenmesine katk\u0131 sunanlara te\u015fekk\u00fcr eden Se\u00e7er, &#8220;Bu yolda bizlerle beraber y\u00fcr\u00fcyen, g\u00f6revi ne olursa olsun Mersin halk\u0131na katk\u0131 sunan hepinizin eline, eme\u011fine sa\u011fl\u0131k. Sizlere inan\u0131yoruz, g\u00fcveniyoruz ve sayg\u0131 duyuyoruz. Sizleri \u00e7ok seviyoruz. \u00d6\u011fretmenler G\u00fcn\u00fc&#8217;n\u00fcz kutlu olsun&#8221; dedi.<\/p>\n<p>Aslan: &#8220;Nice \u00f6\u011frencimizin kalbine dokunmak i\u00e7in b\u00fcy\u00fck bir \u00e7abayla mesle\u011fimizi yap\u0131yoruz&#8221;<\/p>\n<p>\u00d6\u011fretmenler Ad\u0131na Bah\u00e7e Kurs Merkezi Matematik \u00d6\u011fretmeni Ece G\u00fcler Aslan, \u00f6\u011fretmenlerin; ailelerden sonra insanlar\u0131n y\u00f6n veren ki\u015filer oldu\u011funu belirterek, &#8220;Biz de nice \u00f6\u011frencimizin kalbine dokunmak, onlar\u0131n hayat\u0131na y\u00f6n vermek i\u00e7in b\u00fcy\u00fck bir \u00e7abayla mesle\u011fimizi yap\u0131yoruz. E\u011fitim hizmeti vermemize, en kutsal meslek olarak bilinen \u00f6\u011fretmenli\u011fi yapmam\u0131za vesile olan, e\u011fitimde f\u0131rsat e\u015fitli\u011fini ama\u00e7layan ve sosyal belediyecili\u011fi ilke edinmi\u015f B\u00fcy\u00fck\u015fehir Belediye Ba\u015fkan\u0131m\u0131z Vahap Se\u00e7er&#8217;e b\u00fct\u00fcn \u00f6\u011fretmen arkada\u015flar\u0131m ad\u0131na te\u015fekk\u00fcr ederim. Ulu \u00d6nderimiz Mustafa Kemal Atat\u00fcrk&#8217;\u00fcn dedi\u011fi gibi; &#8216;Eserinin \u00fczerinde imzas\u0131 olmayan yegane sanatkar \u00f6\u011fretmendir.&#8217; Daha nice imzas\u0131z eserler yeti\u015ftirmek dile\u011fiyle, ba\u015fta Ba\u015f\u00f6\u011fretmenimiz Mustafa Kemal Atat\u00fcrk olmak \u00fczere, \u00fclkemizi bug\u00fcne getirmi\u015f \u00f6\u011fretmenleri minnet ve \u015f\u00fckranla an\u0131yor, t\u00fcm \u00f6\u011fretmen arkada\u015flar\u0131m\u0131 sevgi ve sayg\u0131yla selaml\u0131yorum&#8221;  diye konu\u015ftu.<\/p>\n<p>Alver: &#8220;Hayalim olan okula yerle\u015fmeme sebep olan t\u00fcm \u00f6\u011fretmenlerime te\u015fekk\u00fcr ederim&#8221;<\/p>\n<p>E\u011fitim \u00d6\u011fretimi Destekleme Kurs Merkezi Halkkent \u015eubesi&#8217;nde e\u011fitim alan ve Fen Lisesi&#8217;ni kazanan \u00f6\u011frencilerden \u0130rem Su Alver de LGS \u00f6\u011frencileri ad\u0131na \u00f6\u011fretmenlerine bir te\u015fekk\u00fcr konu\u015fmas\u0131 yapt\u0131. Alver, &#8220;Yahya Akel Fen Lisesi 9. s\u0131n\u0131f \u00f6\u011frencisiyim. Hayalim olan bu okula yerle\u015fmeme sebep olan, eme\u011fi ge\u00e7en t\u00fcm \u00f6\u011fretmenlerime te\u015fekk\u00fcr ederim. \u00d6\u011fretmenlerimiz bizlerle aile oldular. Bizleri yak\u0131ndan tan\u0131mak i\u00e7in evlerimize ziyarette bulundular. Bizlerle sosyal etkinliklere geldiler. Bizleri sadece ders konusunda de\u011fil, psikolojik olarak da desteklediler. Bize bu imk\u00e2n\u0131 verdi\u011fi i\u00e7in Ba\u015fkan\u0131m\u0131z Vahap Se\u00e7er&#8217;e \u00e7ok te\u015fekk\u00fcr ediyorum. \u00d6\u011fretmenler G\u00fcn\u00fcn\u00fcz kutlu olsun&#8221; ifadelerini kulland\u0131.<\/p>\n<p>Demir: &#8220;Sizleri ailemden biri gibi g\u00f6r\u00fcyorum&#8221;<\/p>\n<p>\u00c7ilek \u015eubesi \u00f6\u011fretmenleri sayesinde okuma-yazma \u00f6\u011frenen vatanda\u015f Yeter Demir ise mahallelerinde bulunan kurs merkezinde okuma-yazma kursuna kat\u0131ld\u0131\u011f\u0131ndan ve aylarca s\u00fcren e\u011fitim sonunda s\u0131n\u0131f arkada\u015flar\u0131yla birlikte okuma-yazma \u00f6\u011frendi\u011finden bahsetti. Demir, &#8220;Kursta ald\u0131\u011f\u0131m e\u011fitim sayesinde art\u0131k okuyabiliyorum, sevdi\u011fim \u015fiirleri defterime not alabiliyorum, tek ba\u015f\u0131ma otob\u00fcse binebiliyorum, hastaneye gidebiliyorum, markette rahatl\u0131kla al\u0131\u015fveri\u015f yapabiliyorum, internette merak etti\u011fim her \u015feyi ara\u015ft\u0131rabiliyorum. Sizleri ailemden biri gibi g\u00f6r\u00fcyorum. Yapt\u0131\u011f\u0131n\u0131z her etkinli\u011fi takip etmeye \u00e7al\u0131\u015f\u0131yorum. Art\u0131k okuyabildi\u011fim i\u00e7in kendim yapabilece\u011fim&#8221; dedi. Ba\u015fkan Se\u00e7er&#8217;den mahallelerine k\u00fct\u00fcphane iste\u011finde bulunan Demir, &#8220;Kitap okumay\u0131 seviyoruz. Sizin sayenizde de okuma-yazma \u00f6\u011frendim. \u00c7ok te\u015fekk\u00fcr ederim. \u00d6\u011fretmenler G\u00fcn\u00fcn\u00fcz\u00fc kutluyorum&#8221; diye konu\u015ftu.<\/p>\n<p>\u00d6\u011fretmenler, e\u011fitimde f\u0131rsat e\u015fitli\u011fi sa\u011flad\u0131klar\u0131 i\u00e7in gururlu<\/p>\n<p>Okuma yazmas\u0131 olmayan gen\u00e7 kad\u0131nlara e\u011fitim veren \u00d6\u011fretmen G\u00fclistan Atasay, e\u011fitimde yaratt\u0131klar\u0131 f\u0131rsat e\u015fitli\u011finden dolay\u0131 \u00e7ok mutlu olduklar\u0131n\u0131 s\u00f6yledi. \u00d6\u011frencilerden ald\u0131klar\u0131 geri d\u00f6n\u00fc\u015flerin kendilerini \u00e7ok mutlu etti\u011fini kaydeden Atasay, &#8220;Kursumuz sonland\u0131\u011f\u0131nda da zaten onlar da ceplerine bir\u00e7ok \u015fey koyarak bu e\u011fitimi tamamlad\u0131lar ve hayatlar\u0131na d\u00f6nd\u00fcler ve geri d\u00f6n\u00fc\u015flerini hala al\u0131yoruz, hala irtibat halindeyiz&#8221; dedi. B\u00fcy\u00fck\u015fehir ailesi i\u00e7inde oldu\u011fu i\u00e7in \u00e7ok mutlu oldu\u011funu kaydeden \u00d6\u011fretmen Berfin \u00d6nder, &#8220;G\u00fcn\u00fcm\u00fczde ailelerimiz \u00e7ocuklar\u0131n\u0131 okutmak i\u00e7in ger\u00e7ekten \u00e7ok zorlan\u0131yor ama b\u00f6yle hi\u00e7bir \u00fccret almadan kurslar\u0131m\u0131z\u0131n olmas\u0131 onlara b\u00fcy\u00fck bir avantaj sa\u011fl\u0131yor. Biz de bu hizmetin i\u00e7erisinde oldu\u011fumuz i\u00e7in \u00e7ok mutluyuz&#8221; dedi.  \u00d6\u011fretmen Furkan Do\u011fan ise, &#8220;Dezavantajl\u0131 b\u00f6lgelerde e\u011fitim vermek \u00e7ok \u00f6nemli. \u00c7\u00fcnk\u00fc as\u0131l ihtiya\u00e7 olan b\u00f6lgeler bence oras\u0131. Hem di\u011fer \u00e7ocuklarla rekabetlerini ayn\u0131 seviyeye getirmek hem de onlar\u0131n d\u00fcnyalar\u0131n\u0131 de\u011fi\u015ftirmek \u00f6nemli&#8221; \u015feklinde konu\u015ftu.<\/p>\n<p>Konu\u015fmalar\u0131n ard\u0131ndan Se\u00e7er B\u00fcy\u00fck\u015fehir b\u00fcnyesindeki t\u00fcm \u00f6\u011fretmenler ad\u0131na \u00f6\u011fretmen Ece G\u00fcler Aslan&#8217;a \u00e7i\u00e7ek takdim etti. Program, toplu foto\u011fraf \u00e7ekimi ve ard\u0131ndan B\u00fcy\u00fck\u015fehir Belediyesi Pop Orkestras\u0131&#8217;n\u0131n konseri ile sona erdi. <\/p>\n","protected":false},"excerpt":{"rendered":"<p>Merin B\u00fcy\u00fck\u015fehir Belediye Ba\u015fkan\u0131 Vahap Se\u00e7er, 24 Kas\u0131m \u00d6\u011fretmenler G\u00fcn\u00fc dolay\u0131s\u0131yla B\u00fcy\u00fck\u015fehir Belediyesi&#8217;nin emektar \u00f6\u011fretmenleri ile bir araya geldi. B\u00fcy\u00fck\u015fehir Belediyesi&#8217;nin il genelinde ki farkl\u0131 birimlerinde e\u011fitim veren \u00f6\u011fretmenlerle yemek program\u0131nda bulu\u015fan Se\u00e7er, &#8220;Sizlere inan\u0131yoruz, sizlere g\u00fcveniyoruz, sizlere sayg\u0131 duyuyoruz, sizleri \u00e7ok seviyoruz. \u00d6\u011fretmenler G\u00fcn\u00fc&#8217;n\u00fcz kutlu olsun&#8221; dedi. Programda, E\u011fitim Hizmetleri \u015eube M\u00fcd\u00fcrl\u00fc\u011f\u00fc&#8217;n\u00fcn tan\u0131t\u0131m\u0131, \u00fcniversiteyi [&hellip;]<\/p>\n","protected":false},"author":2,"featured_media":28963,"comment_status":"open","ping_status":"open","sticky":false,"template":"","format":"standard","meta":{"footnotes":""},"categories":[2,3],"tags":[],"class_list":["post-28962","post","type-post","status-publish","format-standard","has-post-thumbnail","hentry","category-gundem","category-manset"],"views":2,"_links":{"self":[{"href":"https:\/\/mersinkadingazetesi.com\/index.php?rest_route=\/wp\/v2\/posts\/28962"}],"collection":[{"href":"https:\/\/mersinkadingazetesi.com\/index.php?rest_route=\/wp\/v2\/posts"}],"about":[{"href":"https:\/\/mersinkadingazetesi.com\/index.php?rest_route=\/wp\/v2\/types\/post"}],"author":[{"embeddable":true,"href":"https:\/\/mersinkadingazetesi.com\/index.php?rest_route=\/wp\/v2\/users\/2"}],"replies":[{"embeddable":true,"href":"https:\/\/mersinkadingazetesi.com\/index.php?rest_route=%2Fwp%2Fv2%2Fcomments&post=28962"}],"version-history":[{"count":0,"href":"https:\/\/mersinkadingazetesi.com\/index.php?rest_route=\/wp\/v2\/posts\/28962\/revisions"}],"wp:featuredmedia":[{"embeddable":true,"href":"https:\/\/mersinkadingazetesi.com\/index.php?rest_route=\/wp\/v2\/media\/28963"}],"wp:attachment":[{"href":"https:\/\/mersinkadingazetesi.com\/index.php?rest_route=%2Fwp%2Fv2%2Fmedia&parent=28962"}],"wp:term":[{"taxonomy":"category","embeddable":true,"href":"https:\/\/mersinkadingazetesi.com\/index.php?rest_route=%2Fwp%2Fv2%2Fcategories&post=28962"},{"taxonomy":"post_tag","embeddable":true,"href":"https:\/\/mersinkadingazetesi.com\/index.php?rest_route=%2Fwp%2Fv2%2Ftags&post=28962"}],"curies":[{"name":"wp","href":"https:\/\/api.w.org\/{rel}","templated":true}]}}