{"id":28971,"date":"2023-11-23T12:44:13","date_gmt":"2023-11-23T09:44:13","guid":{"rendered":"http:\/\/mersinkadingazetesi.com\/?p=28971"},"modified":"2023-11-23T12:44:13","modified_gmt":"2023-11-23T09:44:13","slug":"vali-ali-hamza-pehlivan-ogretmenler-gunu-vesileyle-duzenlenen-yemek-programinda-emekli-ogretmenlerle-bir-araya-geldi","status":"publish","type":"post","link":"https:\/\/mersinkadingazetesi.com\/?p=28971","title":{"rendered":"VAL\u0130 AL\u0130 HAMZA PEHL\u0130VAN, \u00d6\u011eRETMENLER G\u00dcN\u00dc VES\u0130LEYLE D\u00dcZENLENEN YEMEK PROGRAMINDA EMEKL\u0130 \u00d6\u011eRETMENLERLE B\u0130R ARAYA GELD\u0130"},"content":{"rendered":"<p>Valimiz Ali Hamza Pehlivan, e\u015fi Y\u0131ld\u0131z Pehlivan han\u0131mefendi ile birlikte, 24 Kas\u0131m \u00d6\u011fretmenler G\u00fcn\u00fc etkinlikleri kapsam\u0131nda Emekli \u00d6\u011fretmenler onuruna d\u00fczenlenen yemek program\u0131na kat\u0131ld\u0131.<br \/>\n\u00a0<br \/>\nSuphi \u00d6ner \u00d6\u011fretmenevinde, \u0130l Milli E\u011fitim M\u00fcd\u00fcrl\u00fc\u011f\u00fc taraf\u0131ndan d\u00fczenlenen programda bir konu\u015fma ger\u00e7ekle\u015ftiren Vali Pehlivan;\u201d \u00c7ok k\u0131ymetli \u00f6\u011fretmenlerim; sizleri sayg\u0131yla selaml\u0131yor, 24 Kas\u0131m \u00d6\u011fretmenler G\u00fcn\u00fcn\u00fcz\u00fc kutluyorum.\u00a0<br \/>\n\u00a0<br \/>\nBug\u00fcn bir \u00f6\u011fretmenimiz, vaktiyle e\u011fitti\u011fi, \u00f6\u011fretti\u011fi \u00f6\u011frencilerle bir araya gelmi\u015f ve tahtaya \u015fu c\u00fcmleyi yazm\u0131\u015f; \u201c\u0130yi ki sizin \u00f6\u011fretmeninizim ve iyi ki sizin \u00f6\u011fretmeninizdim.\u201d Bu c\u00fcmle, y\u00fcrekte ve zihinde var olan g\u00fczel duygular ile insan\u0131 en iyi \u015fekilde yeti\u015ftirmek gayesine kendini adam\u0131\u015f olman\u0131n yans\u0131mas\u0131d\u0131r.\u00a0<br \/>\n\u00a0<br \/>\nHer meslek grubunun kendine g\u00f6re bir konusu vard\u0131r. \u00d6\u011fretmenli\u011fin konusu ise e\u015fref-i mahlukat olan insand\u0131r. \u00d6\u011fretmenlerimiz, yarat\u0131lm\u0131\u015flar\u0131n en \u015fereflisi olan insan\u0131, en iyi \u015fekilde yeti\u015ftirme idealini ortaya koyan de\u011ferlerimizdir.\u00a0<br \/>\n\u00a0<br \/>\nTarih boyunca, nice insanlar, y\u00f6neticiler, liderler, bilim insanlar\u0131 yeti\u015fmi\u015f. B\u00fct\u00fcn bu insanlar\u0131n, tarihte nam salm\u0131\u015f,tarihe damga vurmu\u015f olanlar da dahil olmak \u00fczere, hepsinin muhakkak bir \u00f6\u011fretmeni olmu\u015f. D\u00fcnyaya geldi\u011fimizde \u00f6nce annemizi beraberinde babam\u0131z\u0131, ailemizi tan\u0131yoruz. Belli bir ya\u015fa geldi\u011fimizde de \u00f6\u011fretmenimizle tan\u0131\u015f\u0131yoruz. \u00d6\u011fretmenimiz de bizi ailemizden teslim alarak adeta g\u00f6z\u00fc gibi bak\u0131yor.\u00a0<br \/>\n\u00a0<br \/>\nSizler \u00f6yle yapt\u0131n\u0131z. Bize, y\u0131llarca emek verdiniz, al\u0131n teri d\u00f6kt\u00fcn\u00fcz ve size emanet edilen ana kuzular\u0131n\u0131 vatan\u0131m\u0131z, milletimiz, devletimiz, bug\u00fcn\u00fcm\u00fcz ve gelece\u011fimiz i\u00e7in en iyi \u015fekilde yeti\u015ftirmeye \u00e7al\u0131\u015ft\u0131n\u0131z, yeti\u015ftirdiniz.\u00a0<br \/>\n\u00a0<br \/>\nE\u011fitti\u011finiz \u00e7ocuklar i\u00e7erisinde \u00e7e\u015fitli meslek gruplar\u0131na mensup insanlar yeti\u015fti. Memlekete faydal\u0131 olmak i\u00e7in sizin onlara vermi\u015f oldu\u011funuz bilgiyi ve e\u011fitimi topluma yans\u0131tmaya gayret ettiler. Siz eminimki yapt\u0131klar\u0131n\u0131zla ve eserlerinizde hakl\u0131 bir gurur duyuyorsunuz. Bu gurur, yeti\u015ftirmi\u015f oldu\u011funuz \u00f6\u011frencilerinizin, ba\u015far\u0131l\u0131 bir \u015fekilde topluma hizmet etti\u011fini g\u00f6rme duygusudur. \u0130\u015fte bu duyguyla o tahtaya \u201c\u0130yi ki sizin \u00f6\u011fretmeninizim\u201d diye yazabiliyorsunuz.\u00a0<br \/>\n\u00a0<br \/>\nMeslek hayat\u0131n\u0131zda ulvi bir g\u00f6rev icra ettiniz. Hala da i\u00e7inizde bu duygular\u0131 da ya\u015fat\u0131yorsunuz. Az \u00f6nce k\u0131ymetli emekli \u00f6\u011fretmenimiz konu\u015fmas\u0131nda \u201c\u00d6\u011fretmenler g\u00fcne\u015ftir\u201d dedi. \u00d6\u011fretmenlerimizin emektarl\u0131\u011f\u0131ndan bahsederken genelde muma benzetilir. Ben g\u00fcne\u015fe benzetilmesinden yana olanlardan\u0131m. \u00c7\u00fcnk\u00fc, mum yand\u0131k\u00e7a t\u00fckenir. Ama g\u00fcne\u015f yand\u0131k\u00e7a kendinden g\u00fc\u00e7 al\u0131r. \u0130\u00e7inde f\u0131rt\u0131nalar kopar, patlamalar olur. Ama o, daha da g\u00fc\u00e7l\u00fc bir \u015fekilde ayd\u0131nlatmaya devam eder. Bu ak\u015fam bu salonda; on y\u0131llar, yirmi y\u0131llar, otuz y\u0131llar,k\u0131rk y\u0131llar\u0131 ge\u00e7irerek emekli olsan\u0131z da hepiniz g\u00fcne\u015f gibi parl\u0131yorsunuz.\u00a0<br \/>\n\u00a0<br \/>\nNice zihinleri ayd\u0131nlatt\u0131n\u0131z, nice g\u00f6n\u00fcllere girdiniz. Belki ka\u011f\u0131t \u00fczerinde emeklilik berat\u0131n\u0131z\u0131 ald\u0131n\u0131z. Ama g\u00f6r\u00fcyor ve inan\u0131yorum ki i\u00e7inizdeki idealist duygular \u00f6mr\u00fcn\u00fcz\u00fcn sonuna kadar var olacakt\u0131r. Bizler de sizler gibi tecr\u00fcbeli ve sayg\u0131de\u011fer \u00f6\u011fretmenlerimizle bir araya geldi\u011fimizde feyz al\u0131yoruz.\u00a0<br \/>\n\u00a0<br \/>\nBu y\u0131l; Cumhuriyetimizin 100. y\u0131l\u0131n\u0131 kutlad\u0131k ve kutluyoruz. Ge\u00e7en y\u00fczy\u0131lda, \u00f6\u011fretmenlerimizin \u00e7ok eme\u011fi var. O y\u00fczy\u0131l\u0131n arkas\u0131nda var olan ve 16 b\u00fcy\u00fck devlet kurmam\u0131za vesile olan medeniyet in\u015fas\u0131nda, devletlerin kurulmas\u0131 ve d\u00fcnyada kendini g\u00fc\u00e7l\u00fc bir \u015fekilde hissettirmesi konusunda da \u00f6\u011fretmenlerimizin pay\u0131 b\u00fcy\u00fckt\u00fcr. Bu manada 16 y\u0131ld\u0131z\u0131n en sonuncusu ve ilelebet var olaca\u011f\u0131na inand\u0131\u011f\u0131m\u0131z T\u00fcrkiye Cumhuriyetimizin temellerinin olu\u015fturulmas\u0131 ve bug\u00fcnlere gelmesinde de \u00f6\u011fretmenlerimizin pay\u0131 \u00e7ok b\u00fcy\u00fckt\u00fcr.\u00a0<br \/>\n\u00a0<br \/>\nCumhuriyetimizin kurucusu,ba\u015f\u00f6\u011fretmen Gazi Mustafa Kemal Atat\u00fcrk \u201c\u00d6\u011fretmenler, yeni nesil, sizin eseriniz olacakt\u0131r.\u201d demi\u015ftir. \u0130kinci y\u00fczy\u0131l\u0131m\u0131za, Say\u0131n Cumhurba\u015fkan\u0131m\u0131z\u0131n ifadeleriyle; \u201cT\u00fcrkiye Y\u00fczy\u0131l\u0131na\u201d ad\u0131m atarken, gelecek y\u00fczy\u0131l\u0131n, bizim y\u00fczy\u0131l\u0131m\u0131z olaca\u011f\u0131 inanc\u0131n\u0131 hepimiz ta\u015f\u0131yoruz. En b\u00fcy\u00fck g\u00fcvencemizin de \u00f6\u011fretmenlerimiz oldu\u011funa inan\u0131yoruz.\u00a0<br \/>\n\u00a0<br \/>\nBu duygularla, bu ak\u015fam sizlerle ailecek birlikte olmaktan duydu\u011fum memnuniyeti, onuru, mutlulu\u011fu bir kere daha ifade etmek istiyorum. \u00d6\u011fretmenlerimize verilen de\u011ferin bir g\u00fcne, bir haftaya s\u0131\u011fd\u0131r\u0131lamayaca\u011f\u0131n\u0131n fark\u0131nda,bilincinde oldu\u011fumuzu belirterek sizlerin ve sizlerin \u015fahs\u0131nda b\u00fct\u00fcn emektar \u00f6\u011fretmenlerimizin 24 Kas\u0131m \u00d6\u011fretmenler G\u00fcn\u00fcn\u00fc can\u0131 g\u00f6n\u00fclden kutluyorum.\u201d ifadelerini kulland\u0131.<br \/>\n\u00a0<br \/>\n\u0130l Milli E\u011fitim M\u00fcd\u00fcr\u00fc Fazilet Durmu\u015f ve Emekli \u00d6\u011fretmen Ahmet Ekinci de birer konu\u015fma ger\u00e7ekle\u015ftirdi, duygu ve d\u00fc\u015f\u00fcncelerini payla\u015ft\u0131.\u00a0<br \/>\n\u00a0<br \/>\nVali Pehlivan, e\u015fi Y\u0131ld\u0131z Pehlivan han\u0131mefendi ile birlikte programa kat\u0131lan emekli \u00f6\u011fretmenler ile ayr\u0131 ayr\u0131 ilgilenerek onlarla sohbet etti.\u00a0<br \/>\n\u2028Programa; Yeni\u015fehir Kaymakam\u0131 Nevzat \u015eeng\u00f6k, \u0130l Milli E\u011fitim M\u00fcd\u00fcr\u00fc Fazilet Durmu\u015f ve \u00e7ok say\u0131da emekli \u00f6\u011fretmen ve aileleri kat\u0131ld\u0131.<\/p>\n","protected":false},"excerpt":{"rendered":"<p>Valimiz Ali Hamza Pehlivan, e\u015fi Y\u0131ld\u0131z Pehlivan han\u0131mefendi ile birlikte, 24 Kas\u0131m \u00d6\u011fretmenler G\u00fcn\u00fc etkinlikleri kapsam\u0131nda Emekli \u00d6\u011fretmenler onuruna d\u00fczenlenen yemek program\u0131na kat\u0131ld\u0131. \u00a0 Suphi \u00d6ner \u00d6\u011fretmenevinde, \u0130l Milli E\u011fitim M\u00fcd\u00fcrl\u00fc\u011f\u00fc taraf\u0131ndan d\u00fczenlenen programda bir konu\u015fma ger\u00e7ekle\u015ftiren Vali Pehlivan;\u201d \u00c7ok k\u0131ymetli \u00f6\u011fretmenlerim; sizleri sayg\u0131yla selaml\u0131yor, 24 Kas\u0131m \u00d6\u011fretmenler G\u00fcn\u00fcn\u00fcz\u00fc kutluyorum.\u00a0 \u00a0 Bug\u00fcn bir \u00f6\u011fretmenimiz, vaktiyle [&hellip;]<\/p>\n","protected":false},"author":2,"featured_media":28972,"comment_status":"open","ping_status":"open","sticky":false,"template":"","format":"standard","meta":{"footnotes":""},"categories":[2,3],"tags":[],"class_list":["post-28971","post","type-post","status-publish","format-standard","has-post-thumbnail","hentry","category-gundem","category-manset"],"views":2,"_links":{"self":[{"href":"https:\/\/mersinkadingazetesi.com\/index.php?rest_route=\/wp\/v2\/posts\/28971"}],"collection":[{"href":"https:\/\/mersinkadingazetesi.com\/index.php?rest_route=\/wp\/v2\/posts"}],"about":[{"href":"https:\/\/mersinkadingazetesi.com\/index.php?rest_route=\/wp\/v2\/types\/post"}],"author":[{"embeddable":true,"href":"https:\/\/mersinkadingazetesi.com\/index.php?rest_route=\/wp\/v2\/users\/2"}],"replies":[{"embeddable":true,"href":"https:\/\/mersinkadingazetesi.com\/index.php?rest_route=%2Fwp%2Fv2%2Fcomments&post=28971"}],"version-history":[{"count":0,"href":"https:\/\/mersinkadingazetesi.com\/index.php?rest_route=\/wp\/v2\/posts\/28971\/revisions"}],"wp:featuredmedia":[{"embeddable":true,"href":"https:\/\/mersinkadingazetesi.com\/index.php?rest_route=\/wp\/v2\/media\/28972"}],"wp:attachment":[{"href":"https:\/\/mersinkadingazetesi.com\/index.php?rest_route=%2Fwp%2Fv2%2Fmedia&parent=28971"}],"wp:term":[{"taxonomy":"category","embeddable":true,"href":"https:\/\/mersinkadingazetesi.com\/index.php?rest_route=%2Fwp%2Fv2%2Fcategories&post=28971"},{"taxonomy":"post_tag","embeddable":true,"href":"https:\/\/mersinkadingazetesi.com\/index.php?rest_route=%2Fwp%2Fv2%2Ftags&post=28971"}],"curies":[{"name":"wp","href":"https:\/\/api.w.org\/{rel}","templated":true}]}}