{"id":28985,"date":"2023-11-24T12:11:07","date_gmt":"2023-11-24T09:11:07","guid":{"rendered":"http:\/\/mersinkadingazetesi.com\/?p=28985"},"modified":"2023-11-24T12:11:07","modified_gmt":"2023-11-24T09:11:07","slug":"gucumuzun-farkindayiz","status":"publish","type":"post","link":"https:\/\/mersinkadingazetesi.com\/?p=28985","title":{"rendered":"\u2018G\u00dcC\u00dcM\u00dcZ\u00dcN  FARKINDAYIZ\u2019"},"content":{"rendered":"<p>G\u00fcnebakan Kad\u0131n Derne\u011fi taraf\u0131ndan yap\u0131lan a\u00e7\u0131klamada \u201cG\u00fcc\u00fcm\u00fcz\u00fcn  fark\u0131nday\u0131z, d\u00f6n\u00fc\u015ft\u00fcr\u00fcc\u00fc etkimizi biliyoruz.\u201d<br \/>\ndenildi.<\/p>\n<p>\u201cBug\u00fcn 25 Kas\u0131m Kad\u0131na y\u00f6nelik \u015fiddete kar\u015f\u0131  uluslararas\u0131 m\u00fccadele ve dayan\u0131\u015fma g\u00fcn\u00fcm\u00fcz. Kad\u0131na, \u00e7ocu\u011fa,  lgbt+lara erkekten ve sistemden gelen \u015fiddetin engellenebilmesi i\u00e7in 25 kas\u0131mlarda t\u00fcm d\u00fcnyada sokaklar\u0131 dolduruyoruz.\u201c denilen a\u00e7\u0131klamada, \u201cG\u00fcc\u00fcm\u00fcz\u00fcn  fark\u0131nday\u0131z, d\u00f6n\u00fc\u015ft\u00fcr\u00fcc\u00fc etkimizi biliyoruz. Toplumsal Cinsiyet e\u015fitsizl\u011finin \u015fiddetin sebebi oldu\u011funu g\u00f6rerek hareket ediyor ve e\u015fitlik i\u00e7in m\u00fccadele veriyoruz.<br \/>\nG\u00fcnebakan Kad\u0131n Derne\u011fi olarak 25 kas\u0131m 2008\u2019den beri bu m\u00fccadelenin bir par\u00e7as\u0131 oldu\u011fumuz i\u00e7in gururluyuz. Yerel bir dernek olarak Mersin\u2019in \u00f6zg\u00fcn ko\u015fullar\u0131na bakmak m\u00fccadele \u015feklimizi belirleyebiliyor. Yan\u0131 s\u0131ra her t\u00fcrl\u00fc e\u015fitsizli\u011fin bir sistem sorunu oldu\u011funu g\u00f6rerek bu sistemleri e\u015fitlik\u00e7i hale getirmenin yollar\u0131n\u0131 ara\u015ft\u0131r\u0131yoruz. Bu niyetle hukuki davalar\u0131 takip ediyoruz, yerel y\u00f6netimlerle i\u015fbirli\u011fi yap\u0131yoruz, e\u011fitimler al\u0131yoruz ve e\u011fitimler veriyoruz. T\u00fcrkiye kad\u0131n hareketini yak\u0131ndan izliyor a\u011flara ve platformlara kat\u0131l\u0131m sa\u011fl\u0131yoruz. Ayr\u0131mc\u0131 yasalar\u0131n de\u011fi\u015ftirilmesi ve e\u015fitlik\u00e7i yasalar\u0131n uygulanmas\u0131 i\u00e7in birlikte \u00e7aba g\u00f6steriyoruz. \u00d6rg\u00fctleniyoruz.\u201d \u015feklinde vurgu yap\u0131ld\u0131.<\/p>\n<p>\u201cE\u015fitlik taleplerimizi yine hayk\u0131r\u0131yoruz\u201d<\/p>\n<p>\u0130stanbul S\u00f6zle\u015fmesi\u2019nden \u00e7\u0131k\u0131lmas\u0131 ve h\u00fck\u00fcmetin toplumsal cinsiyet e\u015fitsizli\u011fi ile m\u00fccadelede b\u00fct\u00fcnl\u00fckl\u00fc bir politikas\u0131n\u0131n olmamas\u0131n\u0131n kad\u0131n cinayetleri, \u00e7ocuk tacizleri ve nefret su\u00e7lar\u0131n\u0131n devam edece\u011finin i\u015fareti oldu\u011fu belirtilen a\u00e7\u0131klamada, \u201cErken ya\u015fta evlilikler, k\u0131z \u00e7ocuklar\u0131n\u0131n e\u011fitiminin g\u00fcvencesizli\u011fi, kad\u0131na y\u00f6nelik \u015fiddetle m\u00fccadele eden kurumlar\u0131n etkisizle\u015fmesi devam edecek. Son olarak yasalarda kad\u0131n aleyhine yap\u0131lmaya \u00e7al\u0131\u015f\u0131lan de\u011fi\u015fiklikler g\u00fcndemimizi olu\u015fturmaktad\u0131r. Nafaka tart\u0131\u015fmalar\u0131 gibi. G\u00fcnebakan Kad\u0131n Derne\u011fi olarak hakta e\u015fitlik, temsilde e\u015fitlik, askta e\u015fitlik taleplerimizi yine hayk\u0131r\u0131yoruz.<br \/>\nG\u00f6r\u00fcyoruz, duyuyoruz, susmuyoruz. \u00d6rg\u00fctleniyoruz. Ya\u015fas\u0131n kad\u0131n dayan\u0131\u015fmas\u0131.\u201d denildi.<\/p>\n","protected":false},"excerpt":{"rendered":"<p>G\u00fcnebakan Kad\u0131n Derne\u011fi taraf\u0131ndan yap\u0131lan a\u00e7\u0131klamada \u201cG\u00fcc\u00fcm\u00fcz\u00fcn fark\u0131nday\u0131z, d\u00f6n\u00fc\u015ft\u00fcr\u00fcc\u00fc etkimizi biliyoruz.\u201d denildi. \u201cBug\u00fcn 25 Kas\u0131m Kad\u0131na y\u00f6nelik \u015fiddete kar\u015f\u0131 uluslararas\u0131 m\u00fccadele ve dayan\u0131\u015fma g\u00fcn\u00fcm\u00fcz. Kad\u0131na, \u00e7ocu\u011fa, lgbt+lara erkekten ve sistemden gelen \u015fiddetin engellenebilmesi i\u00e7in 25 kas\u0131mlarda t\u00fcm d\u00fcnyada sokaklar\u0131 dolduruyoruz.\u201c denilen a\u00e7\u0131klamada, \u201cG\u00fcc\u00fcm\u00fcz\u00fcn fark\u0131nday\u0131z, d\u00f6n\u00fc\u015ft\u00fcr\u00fcc\u00fc etkimizi biliyoruz. Toplumsal Cinsiyet e\u015fitsizl\u011finin \u015fiddetin sebebi oldu\u011funu g\u00f6rerek hareket [&hellip;]<\/p>\n","protected":false},"author":2,"featured_media":28986,"comment_status":"open","ping_status":"open","sticky":false,"template":"","format":"standard","meta":{"footnotes":""},"categories":[3],"tags":[],"class_list":["post-28985","post","type-post","status-publish","format-standard","has-post-thumbnail","hentry","category-manset"],"views":4,"_links":{"self":[{"href":"https:\/\/mersinkadingazetesi.com\/index.php?rest_route=\/wp\/v2\/posts\/28985"}],"collection":[{"href":"https:\/\/mersinkadingazetesi.com\/index.php?rest_route=\/wp\/v2\/posts"}],"about":[{"href":"https:\/\/mersinkadingazetesi.com\/index.php?rest_route=\/wp\/v2\/types\/post"}],"author":[{"embeddable":true,"href":"https:\/\/mersinkadingazetesi.com\/index.php?rest_route=\/wp\/v2\/users\/2"}],"replies":[{"embeddable":true,"href":"https:\/\/mersinkadingazetesi.com\/index.php?rest_route=%2Fwp%2Fv2%2Fcomments&post=28985"}],"version-history":[{"count":0,"href":"https:\/\/mersinkadingazetesi.com\/index.php?rest_route=\/wp\/v2\/posts\/28985\/revisions"}],"wp:featuredmedia":[{"embeddable":true,"href":"https:\/\/mersinkadingazetesi.com\/index.php?rest_route=\/wp\/v2\/media\/28986"}],"wp:attachment":[{"href":"https:\/\/mersinkadingazetesi.com\/index.php?rest_route=%2Fwp%2Fv2%2Fmedia&parent=28985"}],"wp:term":[{"taxonomy":"category","embeddable":true,"href":"https:\/\/mersinkadingazetesi.com\/index.php?rest_route=%2Fwp%2Fv2%2Fcategories&post=28985"},{"taxonomy":"post_tag","embeddable":true,"href":"https:\/\/mersinkadingazetesi.com\/index.php?rest_route=%2Fwp%2Fv2%2Ftags&post=28985"}],"curies":[{"name":"wp","href":"https:\/\/api.w.org\/{rel}","templated":true}]}}