{"id":28988,"date":"2023-11-24T12:11:52","date_gmt":"2023-11-24T09:11:52","guid":{"rendered":"http:\/\/mersinkadingazetesi.com\/?p=28988"},"modified":"2023-11-24T12:11:52","modified_gmt":"2023-11-24T09:11:52","slug":"turkiye-kadinlarin-omuzlarinda-yukselecek","status":"publish","type":"post","link":"https:\/\/mersinkadingazetesi.com\/?p=28988","title":{"rendered":"\u2018T\u00dcRK\u0130YE KADINLARIN OMUZLARINDA Y\u00dcKSELECEK\u2019"},"content":{"rendered":"<p>T\u00dc\u0130OSB Y\u00f6netim Kurulu Ba\u015fkan\u0131, OSB\u00dcK Y\u00f6netim Kurulu \u00dcyesi G\u00fcl Aky\u00fcrek Balta, T\u00fcrkiye y\u00fczy\u0131l\u0131n\u0131n \u00fcreten ve etkin kad\u0131nlar\u0131n y\u00fczy\u0131l\u0131 olaca\u011f\u0131n\u0131 ifade ederek, \u201cT\u00fcrkiye kad\u0131nlar\u0131n omuzlar\u0131nda y\u00fckselecek\u201d dedi.<br \/>\nMersin Tarsus Tar\u0131msal \u00dcr\u00fcn \u0130\u015fleme \u0130htisas Organize Sanayi B\u00f6lgesi (T\u00dc\u0130OSB) Y\u00f6netim Kurulu Ba\u015fkan\u0131, Organize Sanayi B\u00f6lgeleri \u00dcst Kurulu\u015fu (OSB\u00dcK) Y\u00f6netim Kurulu \u00dcyesi G\u00fcl Aky\u00fcrek Balta, T\u00fcrkiye y\u00fczy\u0131l\u0131n\u0131n \u00fcreten ve etkin kad\u0131nlar\u0131n y\u00fczy\u0131l\u0131 olaca\u011f\u0131n\u0131 belirtti.<br \/>\nT\u00fcrkiye\u2019nin ilk ihracat\u00e7\u0131, dijital OSB\u2019si T\u00dc\u0130OSB\u2019nin kurucusu ve OSB\u00dcK\u2019\u00fcn tek kad\u0131n y\u00f6netim kurulu \u00fcyesi olan Aky\u00fcrek Balta, gelecek y\u00fcz y\u0131llar\u0131n kad\u0131nlarla birlikte in\u015fa edilmesi d\u0131\u015f\u0131nda bir se\u00e7enek olmad\u0131\u011f\u0131n\u0131n alt\u0131n\u0131 \u00e7izerek, \u201c\u00dclkemizin her alanda g\u00fc\u00e7l\u00fc s\u00f6z sahibi kad\u0131nlara ihtiyac\u0131 oldu\u011funu biliyoruz. T\u00fcrkiye, kad\u0131nlar\u0131n omuzlar\u0131nda y\u00fckselecek. E\u015fitimiz olan erkeklerle \u00fcretimde de birlikte y\u00fcr\u00fcyece\u011fiz\u201d dedi.<br \/>\n\u00dcretimde, y\u00f6netimde kad\u0131nlar\u0131n daha fazla yer almas\u0131 i\u00e7in \u00e7al\u0131\u015fmalar yapt\u0131klar\u0131n\u0131 ifade eden Aky\u00fcrek Balta, \u201cT\u00dc\u0130OSB G\u0131da \u0130novasyon Merkezimiz kapsam\u0131nda Kad\u0131n Ortak Giri\u015fim Fabrikalar\u0131 (KOG\u0130F) projemizi ger\u00e7ekle\u015ftirece\u011fiz. \u0130novasyon merkezimiz fikri olan kad\u0131n, erkek, gen\u00e7 t\u00fcm giri\u015fimcilere y\u00f6nelik olmas\u0131na kar\u015f\u0131n ilk \u00e7a\u011fr\u0131y\u0131 kad\u0131nlar\u0131m\u0131za yapmay\u0131 tercih ettik\u201d diye ifade etti.<br \/>\nKOG\u0130F projesi ile i\u015f d\u00fcnyas\u0131nda giri\u015fimci, nitelikli, \u00fcretken ve etkin kad\u0131nlar olmas\u0131n\u0131 hedeflediklerini kaydeden Aky\u00fcrek Balta, \u015f\u00f6yle konu\u015ftu:<br \/>\n\u201cProje ile g\u0131da ve tar\u0131m konusunda kad\u0131nlar\u0131m\u0131z\u0131n geli\u015ftirecekleri \u00f6zg\u00fcn, inovatif ve teknoloji tabanl\u0131 i\u015f fikirlerinin hayata ge\u00e7irilmesi hedeflendi. \u00d6n\u00fcm\u00fczdeki s\u00fcre\u00e7te de yine kad\u0131nlar\u0131m\u0131z i\u00e7in model olu\u015fturacak yeni projelerimizi hayata ge\u00e7irece\u011fiz. Cumhuriyetin 100. y\u0131l\u0131nda \u00fclke sanayinde, ticaretinde, ihracat\u0131nda \u00f6zetle \u00fcretimin her dal\u0131nda daha \u00e7ok kad\u0131n\u0131n kat\u0131l\u0131m\u0131 ile T\u00fcrkiye y\u00fczy\u0131l\u0131na imzam\u0131z\u0131 atmak istiyoruz.\u201d<\/p>\n<p>T\u00dc\u0130OSB\u2019deki geli\u015fmelerden de s\u00f6z eden Aky\u00fcrek Balta, 2024 y\u0131l\u0131n\u0131 \u00fcretime ge\u00e7me y\u0131l\u0131 olarak hedeflediklerini belirterek \u015f\u00f6yle konu\u015ftu:<br \/>\n\u201c2016 y\u0131l\u0131ndan bu yana yat\u0131r\u0131mlar\u0131m\u0131z\u0131 b\u00fcy\u00fctmek, b\u00f6lgemizde yeni sanayi alanlar\u0131 ihtiyac\u0131n\u0131 kar\u015f\u0131lamak ve Avrupa Ye\u015fil Mutabakat\u0131 kriterlerine uyumlu, T\u00fcrkiye\u2019nin ilk dijital OSB\u2019sini kurma hedefimize kararl\u0131l\u0131kla ilerliyoruz.<br \/>\n2018 y\u0131l\u0131nda Sanayi ve Teknoloji Bakanl\u0131\u011f\u0131 onay\u0131 ile t\u00fczel ki\u015fili\u011fimizin kurulu\u015funu ger\u00e7ekle\u015ftirdik. 2019 y\u0131l\u0131nda T\u00dc\u0130OSB\u2019nin temelini att\u0131k. 2021 y\u0131l\u0131nda yol ve arazi kaz\u0131-dolgu in\u015faat i\u015flerimize ba\u015flad\u0131k. B\u00f6lge arazi d\u00fczenleme \u00e7al\u0131\u015fmalar\u0131m\u0131z ve arsa tahsislerimizi 2023 y\u0131l\u0131 i\u00e7erisinde tamamlad\u0131k. Yeni yat\u0131r\u0131mc\u0131 talepleri i\u00e7in 125 hektarl\u0131k geni\u015fleme alan\u0131 ba\u015fvurumuzu Sanayi ve Teknoloji Bakanl\u0131\u011f\u0131\u2019na yapt\u0131k. \u015eu anda temel alt yap\u0131 ihalelerimiz i\u00e7in s\u00fcre\u00e7 devam ediyor. 2024 ise fabrikalar\u0131m\u0131z\u0131n \u00fcretime ba\u015flama y\u0131l\u0131 olacak.\u201d<\/p>\n<p>T\u00dc\u0130OSB\u2019nin yat\u0131r\u0131mc\u0131lar\u0131 i\u00e7in bir\u00e7ok avantaj\u0131 b\u00fcnyesinde bar\u0131nd\u0131raca\u011f\u0131n\u0131 ve adeta bir avantajlar \u00fcss\u00fc olaca\u011f\u0131na vurgu yapan G\u00fcl Aky\u00fcrek Balta, \u015f\u00f6yle devam etti:<br \/>\n\u201cBir\u00e7ok \u00f6nemli projeye imza atacak olan T\u00dc\u0130OSB, Ak\u0131ll\u0131 Teknik Alt Yap\u0131lar\u0131n yan\u0131 s\u0131ra Ar-Ge Yenilik\u00e7ilik ve Dijital D\u00f6n\u00fc\u015f\u00fcm Merkezi, Tar\u0131m ve G\u0131da Teknolojileri Test Merkezi, G\u0131da \u0130novasyon Merkezi, Dijital Tar\u0131m ve G\u0131da End\u00fcstrisi E\u011fitim Kompleksi, Ortak Lojistik Merkezi, G\u00fcne\u015f Enerji Santrali Projesi ve DigiGreenFoodValley sertifika sistemi ile b\u00f6lgenin ve T\u00fcrkiye\u2019nin d\u00f6n\u00fc\u015f\u00fcm\u00fcne liderlik yapacak bir marka. T\u00dc\u0130OSB, dijitalle\u015fme ile birlikte \u00fcretimin u\u00e7tan uca izlenebilirli\u011fini sa\u011flayacak.\u201d<\/p>\n","protected":false},"excerpt":{"rendered":"<p>T\u00dc\u0130OSB Y\u00f6netim Kurulu Ba\u015fkan\u0131, OSB\u00dcK Y\u00f6netim Kurulu \u00dcyesi G\u00fcl Aky\u00fcrek Balta, T\u00fcrkiye y\u00fczy\u0131l\u0131n\u0131n \u00fcreten ve etkin kad\u0131nlar\u0131n y\u00fczy\u0131l\u0131 olaca\u011f\u0131n\u0131 ifade ederek, \u201cT\u00fcrkiye kad\u0131nlar\u0131n omuzlar\u0131nda y\u00fckselecek\u201d dedi. Mersin Tarsus Tar\u0131msal \u00dcr\u00fcn \u0130\u015fleme \u0130htisas Organize Sanayi B\u00f6lgesi (T\u00dc\u0130OSB) Y\u00f6netim Kurulu Ba\u015fkan\u0131, Organize Sanayi B\u00f6lgeleri \u00dcst Kurulu\u015fu (OSB\u00dcK) Y\u00f6netim Kurulu \u00dcyesi G\u00fcl Aky\u00fcrek Balta, T\u00fcrkiye y\u00fczy\u0131l\u0131n\u0131n \u00fcreten ve [&hellip;]<\/p>\n","protected":false},"author":2,"featured_media":28989,"comment_status":"open","ping_status":"open","sticky":false,"template":"","format":"standard","meta":{"footnotes":""},"categories":[8,2,3],"tags":[],"class_list":["post-28988","post","type-post","status-publish","format-standard","has-post-thumbnail","hentry","category-ekonomi","category-gundem","category-manset"],"views":4,"_links":{"self":[{"href":"https:\/\/mersinkadingazetesi.com\/index.php?rest_route=\/wp\/v2\/posts\/28988"}],"collection":[{"href":"https:\/\/mersinkadingazetesi.com\/index.php?rest_route=\/wp\/v2\/posts"}],"about":[{"href":"https:\/\/mersinkadingazetesi.com\/index.php?rest_route=\/wp\/v2\/types\/post"}],"author":[{"embeddable":true,"href":"https:\/\/mersinkadingazetesi.com\/index.php?rest_route=\/wp\/v2\/users\/2"}],"replies":[{"embeddable":true,"href":"https:\/\/mersinkadingazetesi.com\/index.php?rest_route=%2Fwp%2Fv2%2Fcomments&post=28988"}],"version-history":[{"count":0,"href":"https:\/\/mersinkadingazetesi.com\/index.php?rest_route=\/wp\/v2\/posts\/28988\/revisions"}],"wp:featuredmedia":[{"embeddable":true,"href":"https:\/\/mersinkadingazetesi.com\/index.php?rest_route=\/wp\/v2\/media\/28989"}],"wp:attachment":[{"href":"https:\/\/mersinkadingazetesi.com\/index.php?rest_route=%2Fwp%2Fv2%2Fmedia&parent=28988"}],"wp:term":[{"taxonomy":"category","embeddable":true,"href":"https:\/\/mersinkadingazetesi.com\/index.php?rest_route=%2Fwp%2Fv2%2Fcategories&post=28988"},{"taxonomy":"post_tag","embeddable":true,"href":"https:\/\/mersinkadingazetesi.com\/index.php?rest_route=%2Fwp%2Fv2%2Ftags&post=28988"}],"curies":[{"name":"wp","href":"https:\/\/api.w.org\/{rel}","templated":true}]}}