{"id":28994,"date":"2023-11-24T12:13:46","date_gmt":"2023-11-24T09:13:46","guid":{"rendered":"http:\/\/mersinkadingazetesi.com\/?p=28994"},"modified":"2023-11-24T12:13:46","modified_gmt":"2023-11-24T09:13:46","slug":"kadinlarimiz-guclu-olursa-turkiye-daha-da-guclu-olacaktir","status":"publish","type":"post","link":"https:\/\/mersinkadingazetesi.com\/?p=28994","title":{"rendered":"\u201cKADINLARIMIZ G\u00dc\u00c7L\u00dc OLURSA T\u00dcRK\u0130YE DAHA DA G\u00dc\u00c7L\u00dc OLACAKTIR\u201d"},"content":{"rendered":"<p>Toroslar Belediye Ba\u015fkan\u0131 Ats\u0131z Af\u015f\u0131n Y\u0131lmaz, 25 Kas\u0131m Kad\u0131na Y\u00f6nelik \u015eiddete Kar\u015f\u0131 Uluslararas\u0131 M\u00fccadele G\u00fcn\u00fc dolay\u0131s\u0131yla; \u201cKad\u0131nla \u015fiddetin birlikte an\u0131lmad\u0131\u011f\u0131 huzurlu ve g\u00fcvenli bir gelece\u011fi in\u015fa ve ihya \u00e7abalar\u0131na canla ba\u015fla destek vermeyi s\u00fcrd\u00fcrece\u011fiz. Bu sorun, hepimizin sorunudur\u201d mesaj\u0131n\u0131 verdi.<br \/>\n\u201cYaln\u0131zca 25 Kas\u0131m\u2019da de\u011fil, kad\u0131nlar\u0131n her zaman yan\u0131nda oldu\u011fumuzu en y\u00fcksek sesle hayk\u0131r\u0131yoruz\u201d diyen Ba\u015fkan Y\u0131lmaz; \u201cMesleki E\u011fitim kurslar\u0131m\u0131z, Kariyer Merkezimiz, \u00fccretsiz d\u00fczenledi\u011fimiz k\u00fclt\u00fcr, sanat, spor kurslar\u0131m\u0131z ve etkinliklerimiz, aile i\u00e7i ileti\u015fim e\u011fitimlerimiz, psikolojik ve sosyal desteklerimizin yan\u0131 s\u0131ra bir\u00e7ok projemizle kad\u0131nlar\u0131m\u0131z\u0131n yan\u0131nda olduk ve olmaya devam ediyoruz\u201d ifadelerini kulland\u0131.<br \/>\nBa\u015fkan Y\u0131lmaz; \u201c 25 Kas\u0131m, Birle\u015fmi\u015f Milletler taraf\u0131ndan Kad\u0131na Y\u00f6nelik \u015eiddete Kar\u015f\u0131 Uluslararas\u0131 M\u00fccadele G\u00fcn\u00fc ilan edilmi\u015ftir. Kad\u0131n\u0131n sayg\u0131nl\u0131\u011f\u0131n\u0131 korumak hepimiz i\u00e7in bir insanl\u0131k g\u00f6revidir. Sadece kad\u0131na y\u00f6nelik \u015fiddetin de\u011fil \u015fiddetin her t\u00fcrl\u00fcs\u00fcne kar\u015f\u0131y\u0131z. Hi\u00e7bir insan\u0131n hi\u00e7bir insana \u015fiddet uygulamaya hakk\u0131 yok. \u015eunu unutmayal\u0131m ki kad\u0131n ve erkek her alanda e\u015fittir. 195 kad\u0131n \u00e7al\u0131\u015fan\u0131m\u0131zla kad\u0131n erkek ayr\u0131m\u0131 yapmadan hizmet \u00fcretiyoruz\u201d dedi.<\/p>\n<p>\u201cAVRUPA YEREL YA\u015eAMDA<br \/>\nKADIN-ERKEK E\u015e\u0130TL\u0130K \u015eARTI&#8217;NI \u0130MZALAYAN \u0130LK BELED\u0130YEY\u0130Z\u201d<\/p>\n<p>Avrupa Belediyeler ve B\u00f6lgeler Konseyi (CEMR) taraf\u0131ndan haz\u0131rlanan Avrupa Yerel Ya\u015famda Kad\u0131n-Erkek E\u015fitlik \u015eart\u0131\u2019n\u0131 imzalayan ilk belediye olduklar\u0131n\u0131 belirten Ba\u015fkan Y\u0131lmaz, \u015fiddetin \u00f6nlenmesi ve<br \/>\ngerekli tedbirlerin al\u0131nmas\u0131 konusunda \u00e7al\u0131\u015fmalar\u0131n\u0131 s\u00fcrd\u00fcrd\u00fcklerini s\u00f6yledi.<\/p>\n<p>\u201cTORTEK \u0130LE 6 B\u0130N 278 VATANDA\u015eIMIZA MESLEK\u0130 E\u011e\u0130T\u0130M VERD\u0130K\u201d<\/p>\n<p>Toroslar Belediye Ba\u015fkan\u0131 Ats\u0131z Af\u015f\u0131n Y\u0131lmaz, 56 farkl\u0131 bran\u015ftaki Teknik ve Mesleki E\u011fitim Kurslar\u0131 (TORTEK) ile 6 bin 278 vatanda\u015fa mesleki e\u011fitim<br \/>\nverdiklerini, \u00fcretim s\u00fcrecindeki kad\u0131nlar\u0131<br \/>\ndesteklediklerini de kaydetti.<br \/>\nEl becerilerini geli\u015ftirmek, yeteneklerini profesyonel seviyeye ta\u015f\u0131mak ve hobisini mesle\u011fi haline getirmek isteyen herkese kurs kap\u0131lar\u0131n\u0131n sonuna kadar a\u00e7\u0131k oldu\u011funu ifade eden Ba\u015fkan Y\u0131lmaz; \u201cKad\u0131nlar, TORTEK\u2019te \u00fcretiyor, hobilerini mesle\u011fe d\u00f6n\u00fc\u015ft\u00fcr\u00fcyor. Biz de \u00fcreten kad\u0131nlar\u0131m\u0131z\u0131n daha \u00e7ok gelir sa\u011flayacaklar\u0131 alanlar\u0131 sa\u011fl\u0131yoruz. TORTEK<br \/>\nat\u00f6lyelerimizin kapasitesini daha da art\u0131rd\u0131k ve 56 bran\u015fa y\u00fckselttik. Kurs sonunda belgelerini alan kursiyerlerimiz, kendilerine i\u015f imk\u00e2n\u0131 bularak aile ekonomilerine katk\u0131 sa\u011flarken, ayn\u0131 zamanda e\u011fitimlerini devam ettirerek kendi i\u015f yerlerini de a\u00e7abiliyorlar. \u0130stihdam\u0131 te\u015fvik eden \u00e7al\u0131\u015fmalar\u0131m\u0131z\u0131n yan\u0131 s\u0131ra \u00fcretim s\u00fcrecindeki kad\u0131nlar\u0131n desteklenmesine de a\u011f\u0131rl\u0131k veriyoruz. Bu anlamda ba\u015far\u0131l\u0131 bir meslek yolu haz\u0131rlad\u0131\u011f\u0131m\u0131z gibi ekonomiye de vas\u0131fl\u0131 eleman yeti\u015ftirmek i\u00e7in \u00f6nemli bir misyonu \u00fcstleniyoruz \u00d6\u011frenmenin ya\u015f\u0131 yok. Meslek edinmek isteyen b\u00fct\u00fcn kad\u0131nlara kap\u0131m\u0131z a\u00e7\u0131k\u201d diye konu\u015ftu.<\/p>\n<p> \u201cG\u00dc\u00c7L\u00dc KADIN, G\u00dc\u00c7L\u00dc A\u0130LE, G\u00dc\u00c7L\u00dc TOPLUM D\u0130YORUZ\u201d<\/p>\n<p>Gelecek nesillere daha g\u00fczel bir Toroslar, Mersin ve T\u00fcrkiye b\u0131rakmak i\u00e7in gayret g\u00f6sterdiklerini kaydeden Ba\u015fkan Y\u0131lmaz; \u201cD\u00fcnyan\u0131n bir\u00e7ok yerinde kad\u0131na y\u00f6nelik \u015fiddet olaylar\u0131n\u0131 \u00fcz\u00fclerek takip ediyoruz. Kad\u0131nlar\u0131n \u015fiddet ve istismara maruz kald\u0131klar\u0131 bir ortamda toplumun huzur ve refah\u0131ndan s\u00f6z edilemez. Kad\u0131nlar, k\u00fclt\u00fcr ve gelene\u011fimizin ta\u015f\u0131y\u0131c\u0131s\u0131d\u0131r. Bu bak\u0131mdan biz de Toroslar\u0131m\u0131zda kad\u0131nlar\u0131n g\u00fcvenle ya\u015famlar\u0131n\u0131 s\u00fcrd\u00fcrebilece\u011fi bir ortam sunmak i\u00e7in \u00e7al\u0131\u015f\u0131yoruz. Toroslar Kad\u0131n ve \u00c7ocuk Dan\u0131\u015fma Merkezimiz ile psikolojik, hukuksal ve sosyal dan\u0131\u015fmanl\u0131k hizmeti vererek fark\u0131ndal\u0131k \u00e7al\u0131\u015fmalar\u0131 ger\u00e7ekle\u015ftiriyoruz. Hep s\u00f6yledi\u011fimiz gibi bir evde bulunan her bir ferdin derdi bizleri ilgilendiriyor. Kad\u0131nlar\u0131m\u0131za, \u00e7ocuklar\u0131m\u0131za, gen\u00e7lerimize, engellilerimize, ya\u015fl\u0131lar\u0131m\u0131za k\u0131saca toplumun her kesimine y\u00f6nelik \u00e7al\u0131\u015fmalar\u0131m\u0131za hep devam edece\u011fiz. Ailemiz g\u00fc\u00e7l\u00fc olursa toplumumuz da g\u00fc\u00e7l\u00fc olur ve \u00e7ocuklar\u0131m\u0131z da g\u00fczel yeti\u015firler. \u00d6zg\u00fcvenli \u00e7ocuk, \u00f6zg\u00fcvenli gen\u00e7lik ve \u00f6zg\u00fcvenli kad\u0131n g\u00fc\u00e7l\u00fc gelecek demek. Bu a\u00e7\u0131dan g\u00fc\u00e7l\u00fc aile i\u00e7in de mutlaka kad\u0131n\u0131n g\u00fc\u00e7l\u00fc olmas\u0131<br \/>\ngerekiyor. Bu duygu ve d\u00fc\u015f\u00fcncelerle t\u00fcm kad\u0131nlar\u0131m\u0131z\u0131n sa\u011fl\u0131kl\u0131, huzurlu, ve sevgi dolu bir d\u00fcnyada hi\u00e7bir \u015fiddete maruz kalmadan ya\u015famalar\u0131n\u0131 diliyor, sevgi ve sayg\u0131lar sunuyorum\u201d \u015feklinde konu\u015ftu.<\/p>\n","protected":false},"excerpt":{"rendered":"<p>Toroslar Belediye Ba\u015fkan\u0131 Ats\u0131z Af\u015f\u0131n Y\u0131lmaz, 25 Kas\u0131m Kad\u0131na Y\u00f6nelik \u015eiddete Kar\u015f\u0131 Uluslararas\u0131 M\u00fccadele G\u00fcn\u00fc dolay\u0131s\u0131yla; \u201cKad\u0131nla \u015fiddetin birlikte an\u0131lmad\u0131\u011f\u0131 huzurlu ve g\u00fcvenli bir gelece\u011fi in\u015fa ve ihya \u00e7abalar\u0131na canla ba\u015fla destek vermeyi s\u00fcrd\u00fcrece\u011fiz. Bu sorun, hepimizin sorunudur\u201d mesaj\u0131n\u0131 verdi. \u201cYaln\u0131zca 25 Kas\u0131m\u2019da de\u011fil, kad\u0131nlar\u0131n her zaman yan\u0131nda oldu\u011fumuzu en y\u00fcksek sesle hayk\u0131r\u0131yoruz\u201d diyen Ba\u015fkan [&hellip;]<\/p>\n","protected":false},"author":2,"featured_media":28995,"comment_status":"open","ping_status":"open","sticky":false,"template":"","format":"standard","meta":{"footnotes":""},"categories":[8,34,1,3,5],"tags":[],"class_list":["post-28994","post","type-post","status-publish","format-standard","has-post-thumbnail","hentry","category-ekonomi","category-flas-haber","category-genel","category-manset","category-mersin"],"views":6,"_links":{"self":[{"href":"https:\/\/mersinkadingazetesi.com\/index.php?rest_route=\/wp\/v2\/posts\/28994"}],"collection":[{"href":"https:\/\/mersinkadingazetesi.com\/index.php?rest_route=\/wp\/v2\/posts"}],"about":[{"href":"https:\/\/mersinkadingazetesi.com\/index.php?rest_route=\/wp\/v2\/types\/post"}],"author":[{"embeddable":true,"href":"https:\/\/mersinkadingazetesi.com\/index.php?rest_route=\/wp\/v2\/users\/2"}],"replies":[{"embeddable":true,"href":"https:\/\/mersinkadingazetesi.com\/index.php?rest_route=%2Fwp%2Fv2%2Fcomments&post=28994"}],"version-history":[{"count":0,"href":"https:\/\/mersinkadingazetesi.com\/index.php?rest_route=\/wp\/v2\/posts\/28994\/revisions"}],"wp:featuredmedia":[{"embeddable":true,"href":"https:\/\/mersinkadingazetesi.com\/index.php?rest_route=\/wp\/v2\/media\/28995"}],"wp:attachment":[{"href":"https:\/\/mersinkadingazetesi.com\/index.php?rest_route=%2Fwp%2Fv2%2Fmedia&parent=28994"}],"wp:term":[{"taxonomy":"category","embeddable":true,"href":"https:\/\/mersinkadingazetesi.com\/index.php?rest_route=%2Fwp%2Fv2%2Fcategories&post=28994"},{"taxonomy":"post_tag","embeddable":true,"href":"https:\/\/mersinkadingazetesi.com\/index.php?rest_route=%2Fwp%2Fv2%2Ftags&post=28994"}],"curies":[{"name":"wp","href":"https:\/\/api.w.org\/{rel}","templated":true}]}}