{"id":29012,"date":"2023-11-24T17:39:37","date_gmt":"2023-11-24T14:39:37","guid":{"rendered":"http:\/\/mersinkadingazetesi.com\/?p=29012"},"modified":"2023-11-24T17:39:37","modified_gmt":"2023-11-24T14:39:37","slug":"baskan-bozdogan-tarsus-belediyesi-olarak-siddete-maruz-kalan-kadinlarin-her-daim-yanindayiz","status":"publish","type":"post","link":"https:\/\/mersinkadingazetesi.com\/?p=29012","title":{"rendered":"BA\u015eKAN BOZDO\u011eAN, \u2018TARSUS BELED\u0130YES\u0130 OLARAK \u015e\u0130DDETE MARUZ KALAN KADINLARIN HER DA\u0130M YANINDAYIZ\u2019"},"content":{"rendered":"<p>Tarsus Belediyesi 25 Kas\u0131m Kad\u0131na Y\u00f6nelik \u015eiddetle M\u00fccadele G\u00fcn\u00fc kapsam\u0131nda bir dizi fark\u0131ndal\u0131k etkinli\u011fi ger\u00e7ekle\u015ftirecek. Tarsus Belediye Ba\u015fkan\u0131 Dr. Haluk Bozdo\u011fan, \u2018\u201925 Kas\u0131m Kad\u0131na Y\u00f6nelik \u015eiddete Kar\u015f\u0131 Uluslararas\u0131 M\u00fccadele G\u00fcn\u00fc&#8217;n\u00fcn toplumda fark\u0131ndal\u0131k yaratmas\u0131n\u0131 umut ediyor, kad\u0131na y\u00f6nelik \u015fiddeti k\u0131n\u0131yor ve \u015fiddetin tamamen ortadan kalkt\u0131\u011f\u0131, bar\u0131\u015f, huzur ve mutlulu\u011fun h\u00e2kim oldu\u011fu daha g\u00fczel bir d\u00fcnya diliyorum, fark\u0131ndal\u0131k etkinliklerimize t\u00fcm halk\u0131m\u0131z davetlidir.\u201d ifadelerini kulland\u0131.<br \/>\nTarsus Belediyesi, 25 Kas\u0131m Kad\u0131na Y\u00f6nelik \u015eiddetle M\u00fccadele G\u00fcn\u00fc&#8217;nde \u00e7e\u015fitli etkinlikler d\u00fczenliyor.  25 Kas\u0131m 2023 Cumartesi saat 11.00 ile 15.00 aras\u0131nda Yarenlik Alan\u0131nda bilgilendirme stantlar\u0131 kurulacak, ard\u0131ndan 13.00 ve 17.00 aras\u0131nda Tarsus Kent Konseyi Fuaye Salonu\u2019nda \u2018\u2019Her Yerdeyiz\u2019\u2019 Foto\u011fraf Sergisi ger\u00e7ekle\u015ftirilecek. 13.00\u2019da \u015fiddet ve hukuk konular\u0131nda Av Ferda Aras taraf\u0131ndan s\u00f6yle\u015fi d\u00fczenlenecek. Kad\u0131na y\u00f6nelik \u015fiddetin duygusal s\u00fcreci Uzman Psikolog Merve Tokg\u00f6z taraf\u0131ndan anlat\u0131lacak. \u015e\u00f6yle\u015fi etkinlikleri Tarsus Kent Konseyi G\u00fcner Y\u00fcksek Baykal Toplant\u0131 Salonu\u2019nda yap\u0131lacak. <\/p>\n<p>BA\u015eKAN BOZDO\u011eAN\u2019DAN<br \/>\n25 KASIM MESAJI<\/p>\n<p>Tarsus Belediye Ba\u015fkan\u0131 Dr. Haluk Bozdo\u011fan, 25 Kas\u0131m Kad\u0131na Y\u00f6nelik \u015eiddetle Uluslararas\u0131 M\u00fccadele G\u00fcn\u00fc sebebiyle d\u00fczenlenen etkinliklere t\u00fcm halk\u0131 davet ederek bir mesaj yay\u0131nlad\u0131. <\/p>\n<p>Ba\u015fkan Bozdo\u011fan mesaj\u0131nda, \u201cKad\u0131na y\u00f6nelik \u015fiddet, k\u00fcresel bir sorun olup, mevcut ilerlemelere ra\u011fmen hala varl\u0131\u011f\u0131n\u0131 s\u00fcrd\u00fcrmektedir. Fiziksel, psikolojik ve ekonomik \u015fiddet, toplumun her kesimini etkileyen bir ger\u00e7ektir.<\/p>\n<p>Toplumsal bir sorun olan kad\u0131na y\u00f6nelik \u015fiddetle daha etkin m\u00fccadele i\u00e7in erken ya\u015flardan itibaren verilecek iyi bir e\u011fitim ile bireylerin bilin\u00e7lenmesi sa\u011flanmal\u0131, kad\u0131na y\u00f6nelik \u015fiddetin \u00f6nlenmesiyle ilgili sosyal projeler hayata ge\u00e7irilmeli, kad\u0131n\u0131 korumaya y\u00f6nelik kamu hizmetleri g\u00fc\u00e7lendirilmeli ve \u00e7\u00f6z\u00fcm sa\u011flamaya y\u00f6nelik yasal d\u00fczenlemeler yap\u0131lmal\u0131d\u0131r.<\/p>\n<p>Kad\u0131nlar\u0131n de\u011fer g\u00f6rmedikleri, ayr\u0131mc\u0131l\u0131\u011fa u\u011frad\u0131klar\u0131 ve hatta \u015fiddet ve istismara maruz kald\u0131klar\u0131 bir ortamda toplumun bar\u0131\u015f, huzur ve refah\u0131ndan s\u00f6z edilemez.  Kad\u0131na y\u00f6nelik \u015fiddet do\u011frudan veya dolayl\u0131 olarak toplumun tamam\u0131n\u0131 etkilemektedir.<\/p>\n<p>Tarsus Belediyesi olarak, \u015fiddete maruz kalan kad\u0131nlar\u0131n yan\u0131nday\u0131z ve destek\u00e7ileriyiz. 25 Kas\u0131m Kad\u0131na Y\u00f6nelik \u015eiddete Kar\u015f\u0131 Uluslararas\u0131 M\u00fccadele G\u00fcn\u00fc&#8217;n\u00fcn toplumda fark\u0131ndal\u0131k yaratmas\u0131n\u0131 umut ediyor, kad\u0131na y\u00f6nelik \u015fiddeti k\u0131n\u0131yor ve \u015fiddetin tamamen ortadan kalkt\u0131\u011f\u0131, bar\u0131\u015f, huzur ve mutlulu\u011fun h\u00e2kim oldu\u011fu daha g\u00fczel bir d\u00fcnya diliyorum, fark\u0131ndal\u0131k etkinliklerimize t\u00fcm halk\u0131m\u0131z davetlidir.\u201d ifadelerini kulland\u0131.<\/p>\n","protected":false},"excerpt":{"rendered":"<p>Tarsus Belediyesi 25 Kas\u0131m Kad\u0131na Y\u00f6nelik \u015eiddetle M\u00fccadele G\u00fcn\u00fc kapsam\u0131nda bir dizi fark\u0131ndal\u0131k etkinli\u011fi ger\u00e7ekle\u015ftirecek. Tarsus Belediye Ba\u015fkan\u0131 Dr. Haluk Bozdo\u011fan, \u2018\u201925 Kas\u0131m Kad\u0131na Y\u00f6nelik \u015eiddete Kar\u015f\u0131 Uluslararas\u0131 M\u00fccadele G\u00fcn\u00fc&#8217;n\u00fcn toplumda fark\u0131ndal\u0131k yaratmas\u0131n\u0131 umut ediyor, kad\u0131na y\u00f6nelik \u015fiddeti k\u0131n\u0131yor ve \u015fiddetin tamamen ortadan kalkt\u0131\u011f\u0131, bar\u0131\u015f, huzur ve mutlulu\u011fun h\u00e2kim oldu\u011fu daha g\u00fczel bir d\u00fcnya diliyorum, [&hellip;]<\/p>\n","protected":false},"author":2,"featured_media":29013,"comment_status":"open","ping_status":"open","sticky":false,"template":"","format":"standard","meta":{"footnotes":""},"categories":[2,3,5],"tags":[],"class_list":["post-29012","post","type-post","status-publish","format-standard","has-post-thumbnail","hentry","category-gundem","category-manset","category-mersin"],"views":9,"_links":{"self":[{"href":"https:\/\/mersinkadingazetesi.com\/index.php?rest_route=\/wp\/v2\/posts\/29012"}],"collection":[{"href":"https:\/\/mersinkadingazetesi.com\/index.php?rest_route=\/wp\/v2\/posts"}],"about":[{"href":"https:\/\/mersinkadingazetesi.com\/index.php?rest_route=\/wp\/v2\/types\/post"}],"author":[{"embeddable":true,"href":"https:\/\/mersinkadingazetesi.com\/index.php?rest_route=\/wp\/v2\/users\/2"}],"replies":[{"embeddable":true,"href":"https:\/\/mersinkadingazetesi.com\/index.php?rest_route=%2Fwp%2Fv2%2Fcomments&post=29012"}],"version-history":[{"count":0,"href":"https:\/\/mersinkadingazetesi.com\/index.php?rest_route=\/wp\/v2\/posts\/29012\/revisions"}],"wp:featuredmedia":[{"embeddable":true,"href":"https:\/\/mersinkadingazetesi.com\/index.php?rest_route=\/wp\/v2\/media\/29013"}],"wp:attachment":[{"href":"https:\/\/mersinkadingazetesi.com\/index.php?rest_route=%2Fwp%2Fv2%2Fmedia&parent=29012"}],"wp:term":[{"taxonomy":"category","embeddable":true,"href":"https:\/\/mersinkadingazetesi.com\/index.php?rest_route=%2Fwp%2Fv2%2Fcategories&post=29012"},{"taxonomy":"post_tag","embeddable":true,"href":"https:\/\/mersinkadingazetesi.com\/index.php?rest_route=%2Fwp%2Fv2%2Ftags&post=29012"}],"curies":[{"name":"wp","href":"https:\/\/api.w.org\/{rel}","templated":true}]}}