{"id":29029,"date":"2023-11-27T12:54:54","date_gmt":"2023-11-27T09:54:54","guid":{"rendered":"http:\/\/mersinkadingazetesi.com\/?p=29029"},"modified":"2023-11-27T12:54:54","modified_gmt":"2023-11-27T09:54:54","slug":"emekliler-hayatin-her-alaninda-buyuksehirle-guvende","status":"publish","type":"post","link":"https:\/\/mersinkadingazetesi.com\/?p=29029","title":{"rendered":"EMEKL\u0130LER HAYATIN HER ALANINDA B\u00dcY\u00dcK\u015eEH\u0130R&#8217;LE G\u00dcVENDE"},"content":{"rendered":"<p>Mersin B\u00fcy\u00fck\u015fehir Belediyesi, ya\u015f alm\u0131\u015f vatanda\u015flar\u0131 hayat\u0131n her alan\u0131nda aktif tutmaya devam ediyor. Sosyal etkinliklerden sa\u011fl\u0131k hizmetlerine, ula\u015f\u0131mdan bar\u0131nma ve g\u0131daya kadar pek \u00e7ok alanda ya\u015f alm\u0131\u015f vatanda\u015flar i\u00e7in \u00e7al\u0131\u015fan B\u00fcy\u00fck\u015fehir, hizmetlere h\u0131z kesmeden devam ediyor.<\/p>\n<p>Yaln\u0131z ya\u015fayan, kentin her k\u00f6\u015fesinde sosyalle\u015fmek isteyen ya\u015f alm\u0131\u015f yurtta\u015flar, B\u00fcy\u00fck\u015fehir&#8217;in Evde Sa\u011fl\u0131k Hizmetleri ve Emekli Evi Hizmetleri ile hem aktif ya\u015f al\u0131yor, hem de sa\u011fl\u0131k hizmetlerine rahatl\u0131kla eri\u015fiyor. Ya\u015f alm\u0131\u015f vatanda\u015flar; Yeni\u015fehir, Toroslar ve Tarsus&#8217;ta faaliyet g\u00f6steren Emekli Evleri sayesinde sosyal hayatta da yer buluyor.<\/p>\n<p>Tanr\u0131verdi: &#8220;B\u00fcy\u00fck\u015fehir, 65 ya\u015f \u00fcst\u00fc vatanda\u015flar\u0131n daima yan\u0131nda&#8221;<\/p>\n<p>Evde Sa\u011fl\u0131k Hizmetleri&#8217;nden yararlanan 65 ya\u015f \u00fcst\u00fc vatanda\u015flara verilen destekler hakk\u0131nda bilgi veren Sa\u011fl\u0131k \u0130\u015fleri Dairesi Ba\u015fkanl\u0131\u011f\u0131 Ya\u015fl\u0131 Destek Birimi&#8217;nde g\u00f6rev yapan Gerontolog Cihan Tanr\u0131verdi, &#8220;Ya\u015f alm\u0131\u015f vatanda\u015flar\u0131m\u0131z\u0131n sa\u011fl\u0131k durumlar\u0131n\u0131 kontrol ediyoruz. Arad\u0131\u011f\u0131m\u0131z bir vatanda\u015fa ula\u015famad\u0131\u011f\u0131m\u0131z durumlarda bir yak\u0131n\u0131n\u0131 ar\u0131yor, yine ula\u015famazsak adresinde kontrol ediyoruz&#8221; diye konu\u015ftu.<\/p>\n<p>Verilen sa\u011fl\u0131k hizmetlerinin yan\u0131 s\u0131ra, evlerindeki mini bak\u0131m-onar\u0131mlarda da vatanda\u015flara yard\u0131mc\u0131 olduklar\u0131n\u0131 vurgulayan Tanr\u0131verdi, &#8220;Ya\u015f alm\u0131\u015f vatanda\u015flar\u0131m\u0131z lamba, musluk de\u011fi\u015fimi, sifon ar\u0131zas\u0131 gibi ar\u0131zalar\u0131 bize bildirdi\u011fi takdirde, birimimizde bulunan mini bak\u0131m-onar\u0131m-tadilat ekibimiz bu tadilatlar\u0131 ger\u00e7ekle\u015ftiriyor. 65 ya\u015f ve \u00fcst\u00fc vatanda\u015flar\u0131n sosyalle\u015fmesi, toplumdan izole olmalar\u0131n\u0131 \u00f6nlemek ad\u0131na d\u00fczenli olarak etkinlikler yap\u0131yoruz. Bu etkinliklerde ula\u015f\u0131m yine belediyemiz taraf\u0131ndan sa\u011flan\u0131yor&#8221; diye konu\u015ftu.<\/p>\n<p>Yeter: &#8220;55 ya\u015f \u00fcst\u00fc vatanda\u015flar\u0131m\u0131za sosyal, k\u00fclt\u00fcrel ve sa\u011fl\u0131k alan\u0131nda hizmet veriyoruz&#8221;<\/p>\n<p>Mersin B\u00fcy\u00fck\u015fehir Belediyesi Sosyal Hizmetler Dairesi&#8217;ne ba\u011fl\u0131 Yeni\u015fehir, Halkkent, Tarsus ve yak\u0131n zamanda a\u00e7\u0131lacak olan Viran\u015fehir Emekli Evi&#8217;nde, 55 ya\u015f \u00fcst\u00fc emeklilere sosyal, k\u00fclt\u00fcrel, sa\u011fl\u0131k, ki\u015fisel geli\u015fim alan\u0131nda hizmet verdiklerini kaydeden Halkkent Emekli Evi Sorumlusu \u00c7a\u011fda\u015f Yeter, &#8220;Bu \u00e7al\u0131\u015fmalar\u0131n yan\u0131 s\u0131ra piknik, geziler, s\u00f6yle\u015fi, spor faaliyetleri, sa\u011fl\u0131k taramalar\u0131 yap\u0131l\u0131yor. Belirli aral\u0131klarla da psikolojik dan\u0131\u015fmanl\u0131k hizmeti sunuyoruz&#8221; dedi.<\/p>\n<p>Emekli Bilgen: &#8220;Belediye her zaman bizlerin yan\u0131nda, iyi ki varlar&#8221;<\/p>\n<p>B\u00fcy\u00fck\u015fehir&#8217;in Evde Sa\u011fl\u0131k Hizmetleri&#8217;nden yararlanan emekli devlet memuru 83 ya\u015f\u0131ndaki H\u00fcseyin Bilgen, &#8220;B\u00fcy\u00fck\u015fehir Belediyesi temizlik i\u015flerimizi yap\u0131yor, yemek g\u00f6nderiyor, ayr\u0131ca s\u00fcrekli bizi ar\u0131yorlar ve s\u0131k s\u0131k kontrole geliyorlar. En ufak bir ihtiyac\u0131m\u0131z olursa bildirmemizi istiyorlar. Belediye&#8217;nin verdi\u011fi hizmetler olmasa biz ayakta duramay\u0131z, iyi ki varlar&#8221; dedi.<\/p>\n<p>Emekli Kaya: &#8220;Etkinlikler ve konserler \u00e7ok keyifli ge\u00e7iyor&#8221;<\/p>\n<p>Emekli Evi \u00fcyelerinden PTT emeklisi T\u00fcrkan Kaya ise yap\u0131lan etkinliklerden b\u00fcy\u00fck keyif ald\u0131\u011f\u0131n\u0131 belirterek, &#8220;Burada kendi ya\u015f\u0131tlar\u0131m\u0131zla, arkada\u015flar\u0131m\u0131zla vakit ge\u00e7iriyoruz. Bu y\u00fczden belediyemize \u00e7ok minnettar\u0131z. Emekliler i\u00e7in etkinlikler ve konserler \u00e7ok keyifli ge\u00e7iyor. Ba\u015fkan\u0131m\u0131z Vahap Se\u00e7er gelir gelmez sahile kafelerimizi yapt\u0131. \u0130stedi\u011fimiz plajda denize \u00fccretsiz giriyoruz&#8221; s\u00f6zlerine yer verdi.<\/p>\n<p>Emekli \u00d6zt\u00fcrk: &#8220;Ke\u015fke b\u00fct\u00fcn belediyeler b\u00f6yle hizmet verse&#8221;<\/p>\n<p>Evde Sa\u011fl\u0131k Hizmetleri&#8217;nden yararlanan Hatice G\u00fcl\u015fen \u00d6zt\u00fcrk, &#8220;B\u00fcy\u00fck\u015fehir her ihtiyac\u0131m\u0131 kar\u015f\u0131lad\u0131, tedavi almama yard\u0131m ettiler. Her hafta telefon ediyorlar. Ke\u015fke b\u00fct\u00fcn belediyeler b\u00f6yle hizmet verse&#8221; dedi.<\/p>\n<p>Emekli Alt\u0131nova: &#8220;Emekli Evi&#8217;nin \u00e7ok iyi bir hizmet oldu\u011funu d\u00fc\u015f\u00fcn\u00fcyorum&#8221;<\/p>\n<p>Emekli Evi&#8217;ndeki etkinlikleri takip eden 75 ya\u015f\u0131ndaki emekli Vaile Alt\u0131nova ise, &#8220;Kat\u0131ld\u0131\u011f\u0131m\u0131z etkinliklerden \u00e7ok memnunuz. Emekli Evi&#8217;nin \u00e7ok iyi bir hizmet oldu\u011funu d\u00fc\u015f\u00fcn\u00fcyorum. De\u011fi\u015fik etkinlikler yap\u0131ld\u0131\u011f\u0131n\u0131 duyuyorum, ama birka\u00e7 kez geldim. B\u00f6yle etkinlikler oldu\u011fu s\u00fcrece gelmeyi arzu ederim&#8221; diye konu\u015ftu.<\/p>\n","protected":false},"excerpt":{"rendered":"<p>Mersin B\u00fcy\u00fck\u015fehir Belediyesi, ya\u015f alm\u0131\u015f vatanda\u015flar\u0131 hayat\u0131n her alan\u0131nda aktif tutmaya devam ediyor. Sosyal etkinliklerden sa\u011fl\u0131k hizmetlerine, ula\u015f\u0131mdan bar\u0131nma ve g\u0131daya kadar pek \u00e7ok alanda ya\u015f alm\u0131\u015f vatanda\u015flar i\u00e7in \u00e7al\u0131\u015fan B\u00fcy\u00fck\u015fehir, hizmetlere h\u0131z kesmeden devam ediyor. Yaln\u0131z ya\u015fayan, kentin her k\u00f6\u015fesinde sosyalle\u015fmek isteyen ya\u015f alm\u0131\u015f yurtta\u015flar, B\u00fcy\u00fck\u015fehir&#8217;in Evde Sa\u011fl\u0131k Hizmetleri ve Emekli Evi Hizmetleri ile [&hellip;]<\/p>\n","protected":false},"author":2,"featured_media":29030,"comment_status":"open","ping_status":"open","sticky":false,"template":"","format":"standard","meta":{"footnotes":""},"categories":[3],"tags":[],"class_list":["post-29029","post","type-post","status-publish","format-standard","has-post-thumbnail","hentry","category-manset"],"views":3,"_links":{"self":[{"href":"https:\/\/mersinkadingazetesi.com\/index.php?rest_route=\/wp\/v2\/posts\/29029"}],"collection":[{"href":"https:\/\/mersinkadingazetesi.com\/index.php?rest_route=\/wp\/v2\/posts"}],"about":[{"href":"https:\/\/mersinkadingazetesi.com\/index.php?rest_route=\/wp\/v2\/types\/post"}],"author":[{"embeddable":true,"href":"https:\/\/mersinkadingazetesi.com\/index.php?rest_route=\/wp\/v2\/users\/2"}],"replies":[{"embeddable":true,"href":"https:\/\/mersinkadingazetesi.com\/index.php?rest_route=%2Fwp%2Fv2%2Fcomments&post=29029"}],"version-history":[{"count":0,"href":"https:\/\/mersinkadingazetesi.com\/index.php?rest_route=\/wp\/v2\/posts\/29029\/revisions"}],"wp:featuredmedia":[{"embeddable":true,"href":"https:\/\/mersinkadingazetesi.com\/index.php?rest_route=\/wp\/v2\/media\/29030"}],"wp:attachment":[{"href":"https:\/\/mersinkadingazetesi.com\/index.php?rest_route=%2Fwp%2Fv2%2Fmedia&parent=29029"}],"wp:term":[{"taxonomy":"category","embeddable":true,"href":"https:\/\/mersinkadingazetesi.com\/index.php?rest_route=%2Fwp%2Fv2%2Fcategories&post=29029"},{"taxonomy":"post_tag","embeddable":true,"href":"https:\/\/mersinkadingazetesi.com\/index.php?rest_route=%2Fwp%2Fv2%2Ftags&post=29029"}],"curies":[{"name":"wp","href":"https:\/\/api.w.org\/{rel}","templated":true}]}}