{"id":29032,"date":"2023-11-27T12:55:33","date_gmt":"2023-11-27T09:55:33","guid":{"rendered":"http:\/\/mersinkadingazetesi.com\/?p=29032"},"modified":"2023-11-27T12:55:33","modified_gmt":"2023-11-27T09:55:33","slug":"3-tarsus-felsefe-festivali-yapildi-tarsus-belediye-meclisinde-felsefe-konusuldu","status":"publish","type":"post","link":"https:\/\/mersinkadingazetesi.com\/?p=29032","title":{"rendered":"3. TARSUS FELSEFE FEST\u0130VAL\u0130 YAPILDI  TARSUS BELED\u0130YE MECL\u0130S\u0130&#8217;NDE FELSEFE KONU\u015eULDU"},"content":{"rendered":"<p>Tarsus&#8217;ta bir felsefe etkinli\u011fine daha imza at\u0131ld\u0131. Tarsus Festivali, Antik \u00c7a\u011f agoras\u0131nda kent y\u00f6neticilerinin ve filozoflar\u0131n topland\u0131\u011f\u0131 gibi Tarsus Belediye Meclisi&#8217;nde de felsefe konu\u015fuldu<\/p>\n<p>Aratos Felsefe Dergisi ve Tarsus Belediyesi&#8217;nce ortakla\u015fa d\u00fczenlenen 3. Tarsus Felsefe Festivali yap\u0131ld\u0131. \u0130ki g\u00fcnl\u00fck festivalin ilk g\u00fcn\u00fc Tarsus&#8217;ta ikinci g\u00fcn ise Mersin&#8217;de Mezitli Kent Konseyi&#8217;nde ger\u00e7ekle\u015ftirildi.<\/p>\n<p>3. Tarsus Felsefe Festivali, ilk g\u00fcn Tarsus Belediyesi Meclis yap\u0131ld\u0131. A\u00e7\u0131l\u0131\u015fta, etkinli\u011fi d\u00fczenleyen iki kurumun temsilcileri olarak, Aratos Felsefe Dergisi Yay\u0131n Y\u00f6netmeni gazeteci-yazar U\u011fur Pi\u015fmanl\u0131k, Tarsus Belediye Ba\u015fkan\u0131 Yard\u0131mc\u0131s\u0131 Ali Dinsever konu\u015ftu.<\/p>\n<p>Felsefe oturumu \u00f6ncesi 2023 &#8220;Aratos K\u00fclt\u00fcr Sanat \u00d6d\u00fclleri&#8221; Dr. Halil At\u0131lgan ve Do\u00e7. Dr. Ali \u0130hsan \u00d6kten&#8217;e takdim edildi.<\/p>\n<p>\u00d6\u011fleden \u00f6nce ve sonra iki oturumda yap\u0131lacak olan festivale 6 ayr\u0131 \u00fcniversiteden akademisyen konu\u015fmac\u0131 olarak yer ald\u0131. \u00c7ok say\u0131da konu\u011fun dinleyici olarak kat\u0131ld\u0131\u011f\u0131 felsefe festivalde Mersin \u00dcniversitesi Felsefe Tarihi Anabilim Dal\u0131 Ba\u015fkan\u0131 Prof. Dr. Zehrag\u00fcl A\u015fk\u0131n&#8217;\u0131n oturum Ba\u015fkanl\u0131\u011f\u0131nda ger\u00e7ekle\u015ftirilen etkinli\u011fe \u0130stanbul \u00dcniversitesi&#8217;den Prof. Dr. Cengiz \u00c7akmak, Dokuz Eyl\u00fcl Universitesi&#8217;nden Prof. Dr. Do\u011fan G\u00f6\u00e7men, Uluda\u011f \u00dcniversitesi&#8217;nden Prof. Dr. Metin Becermen, \u00c7ukurova \u00dcniversitesi&#8217;nden Prof. Dr. Adnan G\u00fcm\u00fc\u015f ve Pamukkale \u00dcniversitesi&#8217;nden Prof. Dr. Mehmet Ali Sar\u0131 kat\u0131ld\u0131.<\/p>\n<p>Etkinli\u011fe kat\u0131lan akademisyenler, ayd\u0131nlanman\u0131n antik, modern ve \u00e7a\u011fda\u015f felsefedeki k\u00f6kenleri \u00fczerine yapm\u0131\u015f olduklar\u0131 sunum ile devam etti. Hocalar\u0131m\u0131z Ayd\u0131nlanma kavram\u0131n\u0131 tarihsel ba\u011flam\u0131nda ele ald\u0131lar ve ayd\u0131nlanman\u0131n g\u00fcncelle ba\u011flant\u0131s\u0131n\u0131 kurarak sosyo-ekonomik ve politik ba\u011flamda \u00e7\u00f6z\u00fcmlediler.<\/p>\n<p>Konu\u015fmalar sonras\u0131nda, Tarsus Belediye Ba\u015fkan\u0131 Dr. Haluk Bozdo\u011fan da bir konu\u015fma yaparak, Aratos Felsefe Dergisiyle birlikte 3. Tarsus Felsefe Festivalini ger\u00e7ekle\u015ftirmekten duydu\u011fu memnuniyeti dile getirerek, &#8220;Tarsus Belediyesi olarak, e\u011fitme \u00f6nem veriyoruz. K\u00fclt\u00fcr ve sanat\u0131 destekliyoruz. Bizim ilk se\u00e7ildi\u011fimiz zamandan bu yana slogan\u0131m\u0131z ayd\u0131n kenti Tarsus oldu. B\u00fct\u00fcn konu\u015fmac\u0131 hocalar\u0131m\u0131za de\u011ferli katk\u0131lar\u0131 i\u00e7in ve de\u011ferli dinleyenleri sevgi ve sayg\u0131yla selaml\u0131yorum&#8221; dedi.<\/p>\n<p>Aratos Felsefe Dergisi Yay\u0131n Y\u00f6netmeni U\u011fur Pi\u015fmanl\u0131k, Antik \u00c7a\u011f&#8217;da felsefe okullar\u0131na sahip olan ve \u00e7ok say\u0131da filozof yeti\u015ftiren Tarsus&#8217;un felsefe kenti olmas\u0131 yolunda \u00e7aba g\u00f6sterdiklerini dile getirerek, &#8220;Aratos Felsefe Dergisi ve Tarsus Belediyesi&#8217;nce ortakla\u015fa d\u00fczenledi\u011fimiz 3. Tarsus Felsefe Festivalinin kentin k\u00fclt\u00fcr ya\u015fam\u0131na anlaml\u0131 bir katk\u0131 olarak g\u00f6r\u00fcyorum. \u00c7ok say\u0131da felsefe okulu bulunan ve 45 kadar filozof yeti\u015ftirmi\u015f olan Tarsus&#8217;u felsefe kenti yapma \u00e7abam\u0131za ve festivalin felsefeye olan ilginin artmas\u0131na, felsefenin toplumsalla\u015fmas\u0131na da katk\u0131da bulunacakt\u0131r.<\/p>\n<p>Yerel y\u00f6netimlerin gerek bu t\u00fcr felsefe \u00e7abalar\u0131na gerekse k\u00fclt\u00fcr sanata deste\u011fi olduk\u00e7a \u00f6nemlidir. 3. Tarsus Felsefe Festivalini birlikte ger\u00e7ekle\u015ftirdi\u011fimiz Tarsus Belediyesi&#8217;ne, ba\u015fkan Dr. Haluk Bozdo\u011fan&#8217;a, eme\u011fi ge\u00e7en herkese, de\u011ferli hocalar\u0131m\u0131za ve kat\u0131l\u0131mc\u0131 felsefe dostlar\u0131na te\u015fekk\u00fcr ediyorum&#8221; diye konu\u015ftu.<\/p>\n<p>Festival konu\u015fmac\u0131s\u0131 akademisyenlere plaketleri takdim edildi.<\/p>\n<p>3. Tarsus Felsefe Festivali&#8217;nin 2. g\u00fcn\u00fc Mersin&#8217;de Mezitli Kent Konseyi ile birlikte ger\u00e7ekle\u015ftirildi. Buradaki etkinlik, Mezitli Kent Konseyi Ba\u015fkan\u0131 Sibel Gelbul ve Aratos Dergisi ve Okullar\u0131 Kurucusu U\u011fur Pi\u015fmanl\u0131k&#8217;\u0131n A\u00e7\u0131l\u0131\u015f konu\u015fmas\u0131yla ba\u015flad\u0131. Hocalar\u0131n konu\u015fmalar\u0131n\u0131n ard\u0131ndan, kat\u0131l\u0131mc\u0131lara Mezitli Kent Konseyi Ba\u015fkan\u0131 Sibel Gelbul ve y\u00f6neticilerinden Vakkas K\u0131l\u0131n\u00e7 taraf\u0131ndan te\u015fekk\u00fcr paketleri verildi ve etkinlik \u015fiir ve m\u00fczik dinletisi ile sonland\u0131.<\/p>\n","protected":false},"excerpt":{"rendered":"<p>Tarsus&#8217;ta bir felsefe etkinli\u011fine daha imza at\u0131ld\u0131. Tarsus Festivali, Antik \u00c7a\u011f agoras\u0131nda kent y\u00f6neticilerinin ve filozoflar\u0131n topland\u0131\u011f\u0131 gibi Tarsus Belediye Meclisi&#8217;nde de felsefe konu\u015fuldu Aratos Felsefe Dergisi ve Tarsus Belediyesi&#8217;nce ortakla\u015fa d\u00fczenlenen 3. Tarsus Felsefe Festivali yap\u0131ld\u0131. \u0130ki g\u00fcnl\u00fck festivalin ilk g\u00fcn\u00fc Tarsus&#8217;ta ikinci g\u00fcn ise Mersin&#8217;de Mezitli Kent Konseyi&#8217;nde ger\u00e7ekle\u015ftirildi. 3. Tarsus Felsefe Festivali, [&hellip;]<\/p>\n","protected":false},"author":2,"featured_media":29033,"comment_status":"open","ping_status":"open","sticky":false,"template":"","format":"standard","meta":{"footnotes":""},"categories":[3],"tags":[],"class_list":["post-29032","post","type-post","status-publish","format-standard","has-post-thumbnail","hentry","category-manset"],"views":8,"_links":{"self":[{"href":"https:\/\/mersinkadingazetesi.com\/index.php?rest_route=\/wp\/v2\/posts\/29032"}],"collection":[{"href":"https:\/\/mersinkadingazetesi.com\/index.php?rest_route=\/wp\/v2\/posts"}],"about":[{"href":"https:\/\/mersinkadingazetesi.com\/index.php?rest_route=\/wp\/v2\/types\/post"}],"author":[{"embeddable":true,"href":"https:\/\/mersinkadingazetesi.com\/index.php?rest_route=\/wp\/v2\/users\/2"}],"replies":[{"embeddable":true,"href":"https:\/\/mersinkadingazetesi.com\/index.php?rest_route=%2Fwp%2Fv2%2Fcomments&post=29032"}],"version-history":[{"count":0,"href":"https:\/\/mersinkadingazetesi.com\/index.php?rest_route=\/wp\/v2\/posts\/29032\/revisions"}],"wp:featuredmedia":[{"embeddable":true,"href":"https:\/\/mersinkadingazetesi.com\/index.php?rest_route=\/wp\/v2\/media\/29033"}],"wp:attachment":[{"href":"https:\/\/mersinkadingazetesi.com\/index.php?rest_route=%2Fwp%2Fv2%2Fmedia&parent=29032"}],"wp:term":[{"taxonomy":"category","embeddable":true,"href":"https:\/\/mersinkadingazetesi.com\/index.php?rest_route=%2Fwp%2Fv2%2Fcategories&post=29032"},{"taxonomy":"post_tag","embeddable":true,"href":"https:\/\/mersinkadingazetesi.com\/index.php?rest_route=%2Fwp%2Fv2%2Ftags&post=29032"}],"curies":[{"name":"wp","href":"https:\/\/api.w.org\/{rel}","templated":true}]}}