{"id":29052,"date":"2023-11-27T16:59:32","date_gmt":"2023-11-27T13:59:32","guid":{"rendered":"http:\/\/mersinkadingazetesi.com\/?p=29052"},"modified":"2023-11-27T16:59:32","modified_gmt":"2023-11-27T13:59:32","slug":"akdeniz-belediye-baskani-gultaktan-emekli-ogretmenine-vefa","status":"publish","type":"post","link":"https:\/\/mersinkadingazetesi.com\/?p=29052","title":{"rendered":"AKDEN\u0130Z BELED\u0130YE BA\u015eKANI  G\u00dcLTAK\u2019TAN EMEKL\u0130 \u00d6\u011eRETMEN\u0130NE VEFA"},"content":{"rendered":"<p>Akdeniz Belediye Ba\u015fkan\u0131 M. Mustafa G\u00fcltak, 24 Kas\u0131m \u00d6\u011fretmenler G\u00fcn\u00fc dolay\u0131s\u0131yla \u00c7ankaya \u0130lk\u00f6\u011fretim Okulu\u2019ndan \u00f6\u011fretmeni olan G\u00fcler \u00d6zbay\u2019\u0131, ayn\u0131 d\u00f6nemde birlikte okudu\u011fu arkada\u015flar\u0131yla birlikte evinde ziyaret etti. \u00d6\u011fretmenine \u00e7i\u00e7ek hediye eden Ba\u015fkan G\u00fcltak, emekli \u00f6\u011fretmen \u00d6zbay\u2019\u0131n \u00f6\u011fretmenler g\u00fcn\u00fcn\u00fc kutlad\u0131.<\/p>\n<p>Akdeniz Belediye Ba\u015fkan\u0131 Mustafa G\u00fcltak,  24 Kas\u0131m \u00d6\u011fretmenler G\u00fcn\u00fcnde, kendi ilkokul \u00f6\u011fretmenini de unutmad\u0131. \u00d6\u011fretmenine \u00e7i\u00e7ek hediye eden Ba\u015fkan G\u00fcltak, elini \u00f6perek g\u00fcn\u00fcn\u00fc kutlad\u0131. Ziyaretine ili\u015fkin a\u00e7\u0131klama yapan Ba\u015fkan G\u00fcltak, ilkokulu \u00c7ankaya \u0130lk\u00f6\u011fretim Okulunda okudu\u011funu s\u00f6yleyerek, \u201cOkuldan mezun oldu\u011fumuz arkada\u015flar\u0131m\u0131zla birlikte oradaki \u00f6\u011fretmenlerimizden G\u00fcler hocam\u0131z\u0131n evine geldik. Kendisinin elini \u00f6p\u00fcp, g\u00fcn\u00fcn\u00fc kutlad\u0131k. Halini hat\u0131r\u0131n\u0131 sorduk\u201d dedi. <\/p>\n<p>\u201c\u00c7ok mutlu oldum\u201d<\/p>\n<p>Ba\u015fkan G\u00fcltak ve \u00f6\u011frencilerinin kendisini ziyaretinden dolay\u0131 mutlu oldu\u011funu dile getiren emekli \u00f6\u011fretmen G\u00fcler \u00d6zbay ise kendisinin de ilkokulu \u00c7ankaya \u0130lk\u00f6\u011fretim Okulunda okudu\u011funu ifade ederek, \u201c\u00c7ankaya \u0130lk\u00f6\u011fretim Okulu\u2019nda 27 y\u0131l \u00f6\u011fretmenlik yapt\u0131m. Bug\u00fcn de \u00f6\u011frencilerimle bir arada olman\u0131n mutlulu\u011funu ya\u015f\u0131yorum. Hepsine \u00e7ok te\u015fekk\u00fcr ediyorum. Herkese sa\u011fl\u0131kl\u0131 mutlu g\u00fcnler diliyorum\u201d \u015feklinde konu\u015ftu.<\/p>\n","protected":false},"excerpt":{"rendered":"<p>Akdeniz Belediye Ba\u015fkan\u0131 M. Mustafa G\u00fcltak, 24 Kas\u0131m \u00d6\u011fretmenler G\u00fcn\u00fc dolay\u0131s\u0131yla \u00c7ankaya \u0130lk\u00f6\u011fretim Okulu\u2019ndan \u00f6\u011fretmeni olan G\u00fcler \u00d6zbay\u2019\u0131, ayn\u0131 d\u00f6nemde birlikte okudu\u011fu arkada\u015flar\u0131yla birlikte evinde ziyaret etti. \u00d6\u011fretmenine \u00e7i\u00e7ek hediye eden Ba\u015fkan G\u00fcltak, emekli \u00f6\u011fretmen \u00d6zbay\u2019\u0131n \u00f6\u011fretmenler g\u00fcn\u00fcn\u00fc kutlad\u0131. Akdeniz Belediye Ba\u015fkan\u0131 Mustafa G\u00fcltak, 24 Kas\u0131m \u00d6\u011fretmenler G\u00fcn\u00fcnde, kendi ilkokul \u00f6\u011fretmenini de unutmad\u0131. \u00d6\u011fretmenine \u00e7i\u00e7ek [&hellip;]<\/p>\n","protected":false},"author":2,"featured_media":29053,"comment_status":"open","ping_status":"open","sticky":false,"template":"","format":"standard","meta":{"footnotes":""},"categories":[3],"tags":[],"class_list":["post-29052","post","type-post","status-publish","format-standard","has-post-thumbnail","hentry","category-manset"],"views":9,"_links":{"self":[{"href":"https:\/\/mersinkadingazetesi.com\/index.php?rest_route=\/wp\/v2\/posts\/29052"}],"collection":[{"href":"https:\/\/mersinkadingazetesi.com\/index.php?rest_route=\/wp\/v2\/posts"}],"about":[{"href":"https:\/\/mersinkadingazetesi.com\/index.php?rest_route=\/wp\/v2\/types\/post"}],"author":[{"embeddable":true,"href":"https:\/\/mersinkadingazetesi.com\/index.php?rest_route=\/wp\/v2\/users\/2"}],"replies":[{"embeddable":true,"href":"https:\/\/mersinkadingazetesi.com\/index.php?rest_route=%2Fwp%2Fv2%2Fcomments&post=29052"}],"version-history":[{"count":0,"href":"https:\/\/mersinkadingazetesi.com\/index.php?rest_route=\/wp\/v2\/posts\/29052\/revisions"}],"wp:featuredmedia":[{"embeddable":true,"href":"https:\/\/mersinkadingazetesi.com\/index.php?rest_route=\/wp\/v2\/media\/29053"}],"wp:attachment":[{"href":"https:\/\/mersinkadingazetesi.com\/index.php?rest_route=%2Fwp%2Fv2%2Fmedia&parent=29052"}],"wp:term":[{"taxonomy":"category","embeddable":true,"href":"https:\/\/mersinkadingazetesi.com\/index.php?rest_route=%2Fwp%2Fv2%2Fcategories&post=29052"},{"taxonomy":"post_tag","embeddable":true,"href":"https:\/\/mersinkadingazetesi.com\/index.php?rest_route=%2Fwp%2Fv2%2Ftags&post=29052"}],"curies":[{"name":"wp","href":"https:\/\/api.w.org\/{rel}","templated":true}]}}