{"id":29130,"date":"2023-12-01T12:50:34","date_gmt":"2023-12-01T09:50:34","guid":{"rendered":"http:\/\/mersinkadingazetesi.com\/?p=29130"},"modified":"2023-12-01T12:50:34","modified_gmt":"2023-12-01T09:50:34","slug":"av-kazim-yuksel-avukata-siddetin-onlenmesi-icin-onleyici-tedbirler-alinmalidir","status":"publish","type":"post","link":"https:\/\/mersinkadingazetesi.com\/?p=29130","title":{"rendered":"AV. KAZIM Y\u00dcKSEL: &#8220;AVUKATA \u015e\u0130DDET\u0130N \u00d6NLENMES\u0130 \u0130\u00c7\u0130N \u00d6NLEY\u0130C\u0130 TEDB\u0130RLER ALINMALIDIR&#8221;"},"content":{"rendered":"<p>Mersin Barosu&#8217;nun kurulu\u015funun 99. y\u0131l d\u00f6n\u00fcm\u00fc nedeniyle Mersin Cumhuriyet Alan\u0131&#8217;nda t\u00f6ren d\u00fczenlendi. T\u00f6rende bas\u0131n a\u00e7\u0131klamas\u0131 yapan Mersin Barosu Ba\u015fkan Yard\u0131mc\u0131s\u0131 Av. Kaz\u0131m Y\u00fcksel, kutsal g\u00f6revi ifa eden avukatlara y\u00f6nelik \u015fiddetin her ge\u00e7en g\u00fcn daha da artmas\u0131n\u0131 \u00fcz\u00fcnt\u00fcs\u00fc ve endi\u015fesi i\u00e7erisinde oldu\u011funu s\u00f6yleyerek, &#8220;Avukata \u015fiddetin \u00f6n\u00fcne ge\u00e7ilmesi i\u00e7in \u00fclke y\u00f6neticilerinin acilen harekete ge\u00e7mesini ve \u00f6nleyici tedbirleri almas\u0131n\u0131 istiyoruz&#8221; dedi.<\/p>\n<p>99 YILLIK GURUR HEP\u0130M\u0130Z\u0130N<\/p>\n<p>CHP \u00f6nceki d\u00f6nem Mersin Milletvekili Av. Alpay Antmen, Mersin Barosu y\u00f6netim kurulu \u00fcyeleri ve avukatlar\u0131n kat\u0131l\u0131m\u0131yla Cumhuriyet Alan\u0131&#8217;nda ger\u00e7ekle\u015fen t\u00f6rende Mersin Barosu Ba\u015fkan Yard\u0131mc\u0131s\u0131 Av. Kaz\u0131m Y\u00fcksel, Atat\u00fcrk An\u0131t\u0131&#8217;na \u00e7elenk sundu. Sayg\u0131 duru\u015fu ve \u0130stiklal Mar\u015f\u0131&#8217;n\u0131n okunmas\u0131n\u0131n ard\u0131ndan burada konu\u015fma yapan Y\u00fcksel, Mersin Barosu&#8217;nun tarih\u00e7esi hakk\u0131nda bilgiler vererek, &#8220;Bug\u00fcn Mersin Barosu&#8217;nun kurulu\u015funun 99. y\u0131l d\u00f6n\u00fcm\u00fcn\u00fc nedeniyle bir arada olmam\u0131z\u0131n gururunu ya\u015f\u0131yoruz. 99 y\u0131ll\u0131k varl\u0131\u011f\u0131m\u0131z\u0131 siz de\u011ferli meslekta\u015flar\u0131m\u0131zla birlikte ba\u015fard\u0131k. Bu gurur hepimizin. 1 Aral\u0131k 1924 tarihinde kurulan Mersin Barosu&#8217;nda, merkezde 16, Tarsus&#8217;ta 3, Silifke&#8217;de 1 olmak \u00fczere toplam 20 kay\u0131tl\u0131 avukat bulunuyordu. Mersin Barosu kuruldu\u011fu g\u00fcnden bug\u00fcne b\u00fcy\u00fcyerek, \u015fu anda baromuza kay\u0131tl\u0131 aktif g\u00f6rev yapan 3381 avukat\u0131m\u0131z ve 368 stajyer avukat\u0131m\u0131z ile T\u00fcrkiye&#8217;nin 8. b\u00fcy\u00fck barosu olmu\u015ftur. Mersin Barosu fiziki mek\u00e2n\u0131, donan\u0131m\u0131 ve e\u011fitimlerimizle her ge\u00e7en g\u00fcn b\u00fcy\u00fcm\u00fc\u015f, topluma ve meslekta\u015flar\u0131m\u0131za sundu\u011fu hizmetlerle, verdi\u011fi hak ve hukuk m\u00fccadelesi ile T\u00fcrkiye&#8217;de \u00f6rnek ve \u00f6nc\u00fc bir baro olmu\u015ftur. Mersin Barosu y\u00f6netimi olarak, g\u00f6revimizi hukuk ve adalet m\u00fccadelesinden \u00f6d\u00fcn vermeden s\u00fcrd\u00fcrmenin onurunu ve gururunu ya\u015f\u0131yoruz&#8221; \u015feklinde konu\u015ftu.<\/p>\n<p>\u00d6NEML\u0130 ADIMLAR DA ATILMI\u015eTIR<\/p>\n<p>Avukat\u0131n, adil yarg\u0131lanma hakk\u0131n\u0131n, adaletin ve hukukun \u00fcst\u00fcnl\u00fc\u011f\u00fcn\u00fcn sa\u011flanmas\u0131nda, ki\u015fi hak ve \u00f6zg\u00fcrl\u00fcklerin korunmas\u0131nda en b\u00fcy\u00fck g\u00fcvence oldu\u011funu belirten Y\u00fcksel, &#8220;Bu kutsal g\u00f6revi ifa eden avukatlar maalesef, her ge\u00e7en g\u00fcn daha da b\u00fcy\u00fcyen mesleki sorunlarla kar\u015f\u0131la\u015fmaktad\u0131r. M\u00fccadelelerimiz neticesinde mesleki sorunlar\u0131m\u0131z\u0131n \u00e7\u00f6z\u00fcm\u00fcnde \u00f6nemli ad\u0131mlar da at\u0131lm\u0131\u015ft\u0131r.  T\u00fcrkiye Barolar Birli\u011fi, Mersin Barosu ve di\u011fer barolar\u0131m\u0131z\u0131n dayan\u0131\u015fmas\u0131 ve \u00e7abalar\u0131 neticesinde, CMK \u00fccretleri ve avukatl\u0131k asgari \u00fccret tarifesinde bir k\u0131s\u0131m iyile\u015ftirmeler yap\u0131lm\u0131\u015ft\u0131r.<\/p>\n<p>SAVUNMA MESLE\u011e\u0130N\u0130 YOK SAYAN SORUNLARIMIZ VAR<\/p>\n<p>Savunma mesle\u011fini yok sayan sorunlar\u0131 payla\u015fan Y\u00fcksel, &#8220;Bir\u00e7ok meslekta\u015f\u0131m\u0131z, mesleki faaliyetleri nedeniyle soru\u015fturma ve kovu\u015fturmaya maruz kalmakta, ya da tutuklu olarak yarg\u0131lanmaktad\u0131rlar.  Meslekta\u015flar\u0131m\u0131za y\u00f6nelik fiili ve s\u00f6zl\u00fc sald\u0131r\u0131lar\u0131n her ge\u00e7en artmas\u0131n\u0131n derin \u00fcz\u00fcnt\u00fcs\u00fc ve endi\u015fesi i\u00e7erisindeyiz. Avukatlara y\u00f6nelik sald\u0131r\u0131larda, sald\u0131rganlar\u0131n \u00e7o\u011funlukla tutuksuz yarg\u0131lanmas\u0131, hak ettikleri \u015fekilde cezaland\u0131r\u0131lmamalar\u0131 nedeniyle; avukat\u0131 uyu\u015fmazl\u0131\u011f\u0131n taraf\u0131 g\u00f6ren zihniyetin, yeni sald\u0131r\u0131lar\u0131na sebep olmaktad\u0131r. Avukata \u015fiddetin \u00f6n\u00fcne ge\u00e7ilmesi i\u00e7in \u00fclke y\u00f6neticilerinin acilen harekete ge\u00e7mesini ve \u00f6nleyici tedbirleri almas\u0131n\u0131 istiyoruz. Bilinmelidir ki, avukata yap\u0131lan her sald\u0131r\u0131 esasen halk\u0131n adil yarg\u0131lanma hakk\u0131na y\u00f6neliktir. <\/p>\n<p>\u00dclkemizde hukuk fak\u00fcltesi say\u0131s\u0131n\u0131n her ge\u00e7en g\u00fcn artmas\u0131 sebebiyle hukuk fak\u00fcltelerinde e\u011fitim kalitesinin d\u00fc\u015fmesi, avukatl\u0131k mesle\u011finin faaliyet alan\u0131n\u0131n daralt\u0131lmas\u0131 gibi sorunlar, avukatl\u0131k mesle\u011fini ekonomik olarak geriye g\u00f6t\u00fcrmektedir. Kaliteli e\u011fitim vermeyen hukuk fak\u00fcltelerinin kapat\u0131lmas\u0131n\u0131, hukuk mesleklerine giri\u015f s\u0131nav\u0131n\u0131n 2024 y\u0131l\u0131 sonunda taviz verilmeden uygulanmas\u0131n\u0131 talep ediyoruz.<\/p>\n<p>SORUNLARIMIZIN A\u015eILMASI \u0130\u00c7\u0130N \u00c7ALI\u015eIYORUZ<\/p>\n<p>B\u00fcy\u00fck ve g\u00fc\u00e7l\u00fc bir aile olan Mersin Barosu&#8217;nun her bir ferdiyle, y\u00f6netim kurulumuzla, t\u00fcm kurullarda g\u00f6rev alan meslekta\u015flar\u0131m\u0131zla ve di\u011fer barolar\u0131m\u0131zla birlikte, mesle\u011fimizin hak etti\u011fi yere kavu\u015fmas\u0131 ve sorunlar\u0131m\u0131z\u0131n a\u015f\u0131lmas\u0131 i\u00e7in \u00e7al\u0131\u015f\u0131yoruz.<\/p>\n<p>Mersin Barosu&#8217;nun kurulu\u015funun 99. y\u0131l d\u00f6n\u00fcm\u00fcn\u00fc kutlar, baromuzun ba\u015far\u0131lar\u0131na katk\u0131 veren ge\u00e7mi\u015f d\u00f6nem t\u00fcm baro ba\u015fkanlar\u0131m\u0131za, y\u00f6netim kuruluna, di\u011fer kurullarda g\u00f6rev alan ve ba\u015far\u0131lar\u0131m\u0131za destek veren t\u00fcm meslekta\u015flar\u0131m\u0131za ve y\u00f6netim kurulumuz ad\u0131na te\u015fekk\u00fcr eder, aram\u0131zdan ayr\u0131lan meslekta\u015flar\u0131m\u0131z\u0131 rahmetle anar, sayg\u0131lar\u0131m\u0131z\u0131 sunar\u0131m&#8221; ifadesini kulland\u0131.<\/p>\n","protected":false},"excerpt":{"rendered":"<p>Mersin Barosu&#8217;nun kurulu\u015funun 99. y\u0131l d\u00f6n\u00fcm\u00fc nedeniyle Mersin Cumhuriyet Alan\u0131&#8217;nda t\u00f6ren d\u00fczenlendi. T\u00f6rende bas\u0131n a\u00e7\u0131klamas\u0131 yapan Mersin Barosu Ba\u015fkan Yard\u0131mc\u0131s\u0131 Av. Kaz\u0131m Y\u00fcksel, kutsal g\u00f6revi ifa eden avukatlara y\u00f6nelik \u015fiddetin her ge\u00e7en g\u00fcn daha da artmas\u0131n\u0131 \u00fcz\u00fcnt\u00fcs\u00fc ve endi\u015fesi i\u00e7erisinde oldu\u011funu s\u00f6yleyerek, &#8220;Avukata \u015fiddetin \u00f6n\u00fcne ge\u00e7ilmesi i\u00e7in \u00fclke y\u00f6neticilerinin acilen harekete ge\u00e7mesini ve \u00f6nleyici tedbirleri [&hellip;]<\/p>\n","protected":false},"author":2,"featured_media":29131,"comment_status":"open","ping_status":"open","sticky":false,"template":"","format":"standard","meta":{"footnotes":""},"categories":[2,3],"tags":[],"class_list":["post-29130","post","type-post","status-publish","format-standard","has-post-thumbnail","hentry","category-gundem","category-manset"],"views":104,"_links":{"self":[{"href":"https:\/\/mersinkadingazetesi.com\/index.php?rest_route=\/wp\/v2\/posts\/29130"}],"collection":[{"href":"https:\/\/mersinkadingazetesi.com\/index.php?rest_route=\/wp\/v2\/posts"}],"about":[{"href":"https:\/\/mersinkadingazetesi.com\/index.php?rest_route=\/wp\/v2\/types\/post"}],"author":[{"embeddable":true,"href":"https:\/\/mersinkadingazetesi.com\/index.php?rest_route=\/wp\/v2\/users\/2"}],"replies":[{"embeddable":true,"href":"https:\/\/mersinkadingazetesi.com\/index.php?rest_route=%2Fwp%2Fv2%2Fcomments&post=29130"}],"version-history":[{"count":0,"href":"https:\/\/mersinkadingazetesi.com\/index.php?rest_route=\/wp\/v2\/posts\/29130\/revisions"}],"wp:featuredmedia":[{"embeddable":true,"href":"https:\/\/mersinkadingazetesi.com\/index.php?rest_route=\/wp\/v2\/media\/29131"}],"wp:attachment":[{"href":"https:\/\/mersinkadingazetesi.com\/index.php?rest_route=%2Fwp%2Fv2%2Fmedia&parent=29130"}],"wp:term":[{"taxonomy":"category","embeddable":true,"href":"https:\/\/mersinkadingazetesi.com\/index.php?rest_route=%2Fwp%2Fv2%2Fcategories&post=29130"},{"taxonomy":"post_tag","embeddable":true,"href":"https:\/\/mersinkadingazetesi.com\/index.php?rest_route=%2Fwp%2Fv2%2Ftags&post=29130"}],"curies":[{"name":"wp","href":"https:\/\/api.w.org\/{rel}","templated":true}]}}