{"id":29161,"date":"2023-12-03T16:20:58","date_gmt":"2023-12-03T13:20:58","guid":{"rendered":"http:\/\/mersinkadingazetesi.com\/?p=29161"},"modified":"2023-12-03T16:20:58","modified_gmt":"2023-12-03T13:20:58","slug":"karaduvar-balik-festivaline-insan-akini","status":"publish","type":"post","link":"https:\/\/mersinkadingazetesi.com\/?p=29161","title":{"rendered":"KARADUVAR BALIK FEST\u0130VAL\u0130\u2019NE \u0130NSAN AKINI"},"content":{"rendered":"<p>Akdeniz Belediyesi\u2019nin bu y\u0131l 4\u2019\u00fcnc\u00fcs\u00fcn\u00fc organize etti\u011fi ve her y\u0131l oldu\u011fu gibi lezzetin e\u011flence ile bulu\u015ftu\u011fu, yerli ve yabanca y\u00fcz binlerce insan\u0131n ziyaret etti\u011fi \u201cGeleneksel Karaduvar Bal\u0131k Festivali\u201d yap\u0131ld\u0131. Torunu ile birlikte festival alan\u0131n\u0131 gezerek vatanda\u015flarla sohbet eden Akdeniz Belediye Ba\u015fkan\u0131 M. Mustafa G\u00fcltak, g\u00fcn boyu s\u00fcren festivale t\u00fcm Mersinlileri davet etmi\u015fti.<\/p>\n<p>Festival, Akdeniz Sahili\u2019nin hemen yan\u0131na kazand\u0131r\u0131lan devasa b\u00fcy\u00fckl\u00fckteki Sardalya Park yan\u0131nda, saat 15:00\u2019teki a\u00e7\u0131l\u0131\u015fla ger\u00e7ekle\u015fti. Sahile kurulan \u00e7ad\u0131rlarda, saat 14:00 ila 17:00 aras\u0131nda festivali ziyaret eden konuklara bal\u0131k-ekmek ve \u015falgam ikram\u0131 yap\u0131ld\u0131. <\/p>\n<p>\u00c7ocuk etkinlikleri, \u00f6d\u00fcll\u00fc yar\u0131\u015fmalar, ill\u00fczyon g\u00f6sterileri, \u00dcnl\u00fc Yemek Uzman\u0131 ve Yazar Sahrap Soysal s\u00f6yle\u015fisi, Grup SoundRock Konseri, Hasan Ye\u015filg\u00f6z Konseri, Kibrit Kutusu konseri, DJ performanslar\u0131, halk oyunlar\u0131 ve dans g\u00f6sterileri ile bal\u0131k festivali, \u00f6neki y\u0131llarda oldu\u011fu gibi dolu dolu ge\u00e7ti. Geleneksel bal\u0131k festivali, sevilen sanat\u00e7\u0131 Serkan Kaya\u2019n\u0131n ak\u015fam saat 19:00\u2019da hayranlar\u0131na verece\u011fi unutulmaz konserinin ard\u0131ndan sona erdi.  <\/p>\n<p>Festival bu y\u0131l Sardalya Park\u2019ta<\/p>\n<p>Akdeniz Belediyesi taraf\u0131ndan ilki 2019 y\u0131l\u0131nda ger\u00e7ekle\u015fen ve yap\u0131ld\u0131\u011f\u0131 her y\u0131l 100 bini a\u015fk\u0131n insan\u0131n ziyaret etti\u011fi g\u00f6rkemli festival, bu y\u0131l, Akdeniz Belediyesi\u2019nin Karaduvar Mahallesi sahiline kazand\u0131rd\u0131\u011f\u0131 23 d\u00f6n\u00fcm b\u00fcy\u00fckl\u00fc\u011fe sahip Sardalya Park yan\u0131nda organize edildi. <\/p>\n<p>\u00c7ocuklar e\u011flenceye erken ba\u015flad\u0131<\/p>\n<p>Ebeveynleri ile birlikte festival alan\u0131na ak\u0131n eden k\u00fc\u00e7\u00fck \u00e7ocuklar, kendileri i\u00e7in haz\u0131rlanan oyun alanlar\u0131nda g\u00f6n\u00fcllerince e\u011fleniyor, yerel m\u00fczik gruplar\u0131n\u0131n seslendirdi\u011fi \u015fark\u0131lara e\u015flik etti. Sardalya\u2019n\u0131n diyar\u0131 Karaduvar Mahallesi\u2019ni t\u00fcm T\u00fcrkiye ve d\u00fcnyaya tan\u0131tan ve konuklara tonlarca bal\u0131k-ekme\u011fin ikram edildi\u011fi renkli festivale 7\u2019den 70\u2019e binlerce vatanda\u015f\u0131n ak\u0131n\u0131 aral\u0131ks\u0131z s\u00fcrd\u00fc.<\/p>\n<p>Binlerce vatanda\u015f, bal\u0131k ekmek ve \u015falgam alabilmek i\u00e7in kuyru\u011fa girdi<\/p>\n<p>Akdeniz Belediyesi\u2019nin bu y\u0131l 4\u2019\u00fcnc\u00fcs\u00fcn\u00fc d\u00fczenledi\u011fi Geleneksel Karaduvar Bal\u0131k Festivali\u2019ne insan ak\u0131n\u0131 aral\u0131ks\u0131z bir \u015fekilde s\u00fcr\u00fcyor.<\/p>\n<p>Yerel ve ulusal bas\u0131n mensuplar\u0131n\u0131n da yo\u011fun ilgi g\u00f6sterdi\u011fi Karaduvar Bal\u0131k Festivali\u2019nin organize edildi\u011fi Sardalya Park\u2019a gelen aileler, bal\u0131k-ekmek ve \u015falgam alabilmek i\u00e7in metrelerce uzunluktaki kuyru\u011fa girdi. Festivale farkl\u0131 il ve il\u00e7elerden gelen vatanda\u015flar\u0131n da oldu\u011fu \u00f6\u011frenilirken, tezg\u00e2h\u0131n ba\u015f\u0131na ge\u00e7en Akdeniz Belediye Ba\u015fkan\u0131 M. Mustafa G\u00fcltak da park\u0131n i\u00e7inde s\u0131raya giren binlerce vatanda\u015fa bal\u0131k-ekmek ve \u015falgam ikram etti. Bal\u0131k ekmek alan vatanda\u015flar da park\u0131n \u00e7imlerine oturarak lezzetin ve e\u011flencenin keyfini \u00e7\u0131kard\u0131. <\/p>\n<p>\u00c7ocuklar i\u00e7in d\u00fczenlenen konserler, palya\u00e7o g\u00f6sterileri, y\u00fcz boyama gibi renkli etkinlik ve oyunlar devam ederken, bir\u00e7ok vatanda\u015f da Sardalya Park\u0131n hemen yan\u0131nda bulunan sahile inerek g\u00fcne\u015fli bir hafta sonunda denizi seyretmenin ve oltalarla bal\u0131k yakalaman\u0131n keyfini ya\u015fad\u0131.<\/p>\n<p>\u0130nsan ak\u0131n\u0131n\u0131n aral\u0131ks\u0131z \u015fekilde s\u00fcrd\u00fc\u011f\u00fc 4\u2019\u00fcnc\u00fc Geleneksel Karaduvar Bal\u0131k Festivali ilerleyen saatlerde konserler, yar\u0131\u015fmalar, renkli etkinliklerle devam etti. (Haber Merkezi)<\/p>\n","protected":false},"excerpt":{"rendered":"<p>Akdeniz Belediyesi\u2019nin bu y\u0131l 4\u2019\u00fcnc\u00fcs\u00fcn\u00fc organize etti\u011fi ve her y\u0131l oldu\u011fu gibi lezzetin e\u011flence ile bulu\u015ftu\u011fu, yerli ve yabanca y\u00fcz binlerce insan\u0131n ziyaret etti\u011fi \u201cGeleneksel Karaduvar Bal\u0131k Festivali\u201d yap\u0131ld\u0131. Torunu ile birlikte festival alan\u0131n\u0131 gezerek vatanda\u015flarla sohbet eden Akdeniz Belediye Ba\u015fkan\u0131 M. Mustafa G\u00fcltak, g\u00fcn boyu s\u00fcren festivale t\u00fcm Mersinlileri davet etmi\u015fti. Festival, Akdeniz Sahili\u2019nin [&hellip;]<\/p>\n","protected":false},"author":2,"featured_media":29162,"comment_status":"open","ping_status":"open","sticky":false,"template":"","format":"standard","meta":{"footnotes":""},"categories":[3,5],"tags":[],"class_list":["post-29161","post","type-post","status-publish","format-standard","has-post-thumbnail","hentry","category-manset","category-mersin"],"views":34,"_links":{"self":[{"href":"https:\/\/mersinkadingazetesi.com\/index.php?rest_route=\/wp\/v2\/posts\/29161"}],"collection":[{"href":"https:\/\/mersinkadingazetesi.com\/index.php?rest_route=\/wp\/v2\/posts"}],"about":[{"href":"https:\/\/mersinkadingazetesi.com\/index.php?rest_route=\/wp\/v2\/types\/post"}],"author":[{"embeddable":true,"href":"https:\/\/mersinkadingazetesi.com\/index.php?rest_route=\/wp\/v2\/users\/2"}],"replies":[{"embeddable":true,"href":"https:\/\/mersinkadingazetesi.com\/index.php?rest_route=%2Fwp%2Fv2%2Fcomments&post=29161"}],"version-history":[{"count":0,"href":"https:\/\/mersinkadingazetesi.com\/index.php?rest_route=\/wp\/v2\/posts\/29161\/revisions"}],"wp:featuredmedia":[{"embeddable":true,"href":"https:\/\/mersinkadingazetesi.com\/index.php?rest_route=\/wp\/v2\/media\/29162"}],"wp:attachment":[{"href":"https:\/\/mersinkadingazetesi.com\/index.php?rest_route=%2Fwp%2Fv2%2Fmedia&parent=29161"}],"wp:term":[{"taxonomy":"category","embeddable":true,"href":"https:\/\/mersinkadingazetesi.com\/index.php?rest_route=%2Fwp%2Fv2%2Fcategories&post=29161"},{"taxonomy":"post_tag","embeddable":true,"href":"https:\/\/mersinkadingazetesi.com\/index.php?rest_route=%2Fwp%2Fv2%2Ftags&post=29161"}],"curies":[{"name":"wp","href":"https:\/\/api.w.org\/{rel}","templated":true}]}}