{"id":29167,"date":"2023-12-04T13:02:59","date_gmt":"2023-12-04T10:02:59","guid":{"rendered":"http:\/\/mersinkadingazetesi.com\/?p=29167"},"modified":"2023-12-04T13:02:59","modified_gmt":"2023-12-04T10:02:59","slug":"cocuklar-cevre-deniz-ve-iklimin-onemini-eglenerek-ogreniyor","status":"publish","type":"post","link":"https:\/\/mersinkadingazetesi.com\/?p=29167","title":{"rendered":"\u00c7OCUKLAR; \u00c7EVRE, DEN\u0130Z VE \u0130KL\u0130M\u0130N \u00d6NEM\u0130N\u0130 E\u011eLENEREK \u00d6\u011eREN\u0130YOR"},"content":{"rendered":"<p>Mersin B\u00fcy\u00fck\u015fehir Belediyesi \u00c7evre Koruma ve Kontrol Dairesi Ba\u015fkanl\u0131\u011f\u0131 ile ODT\u00dc Deniz Bilimleri Enstit\u00fcs\u00fc i\u015f birli\u011finde \u00f6\u011frencilere y\u00f6nelik verilen &#8216;\u00c7evre, Deniz ve \u0130klim&#8217; e\u011fitimlerinin 2023 d\u00f6nemi ba\u015flad\u0131. 2019&#8217;dan bu yana devam eden e\u011fitimlere, yakla\u015f\u0131k 2 bin 500 \u00f6\u011frenci kat\u0131ld\u0131.<\/p>\n<p>\u00c7ocuklar\u0131n \u00e7evre bilinci ile b\u00fcy\u00fcmesi, fark\u0131ndal\u0131k kazanmas\u0131, ya\u015fad\u0131klar\u0131 gezegene ve \u00e7evreye duyarl\u0131 olmalar\u0131 i\u00e7in verilen e\u011fitimler, her y\u0131l Kas\u0131m ay\u0131nda ba\u015fl\u0131yor. Kentin farkl\u0131 okullar\u0131ndan \u00f6\u011frenciler, ODT\u00dc Deniz Bilimleri Enstit\u00fcs\u00fc&#8217;ne gelerek e\u011fitim al\u0131yor. Tarsus&#8217;ta bulunan Mehmet Akif Ersoy Ortaokulu \u00f6\u011frencileri ile ba\u015flayan e\u011fitim, her \u00c7ar\u015famba yap\u0131lacak ve y\u0131l sonuna kadar s\u00fcrecek.<\/p>\n<p>ODT\u00dc Deniz Bilimleri Enstit\u00fcs\u00fc&#8217;n\u00fcn konusunda uzman hocalar\u0131, ara\u015ft\u0131rma g\u00f6revlileri ve gen\u00e7 ara\u015ft\u0131rmac\u0131lar\u0131 taraf\u0131ndan verilen e\u011fitimlerde, \u00f6\u011frenciler e\u011flenerek \u00f6\u011freniyor. E\u011fitimden \u00e7ok g\u00fczel d\u00f6n\u00fc\u015flerle ayr\u0131lan \u00f6\u011frenciler; deniz biyolojisi, iklim de\u011fi\u015fikli\u011fi, k\u00fcresel \u0131s\u0131nma, iklim de\u011fi\u015fikli\u011finin gezegene verdi\u011fi zararlar gibi bir\u00e7ok konuda detayl\u0131 bilgi sahibi oluyor.<\/p>\n<p>Bitir: &#8220;Etkile\u015fimli bir \u015fekilde e\u011fitim vermeye \u00f6zen g\u00f6steriyoruz&#8221;<\/p>\n<p>ODT\u00dc Deniz Bilimleri Enstit\u00fcs\u00fc&#8217;nde Ara\u015ft\u0131rma G\u00f6revlisi ve doktora \u00f6\u011frencisi Bet\u00fcl Bitir, etkile\u015fimli bir \u015fekilde e\u011fitim vermeye \u00f6zen g\u00f6sterdiklerini s\u00f6yleyerek, &#8220;\u00d6ncelikle deniz biyolojisi ile ba\u015fl\u0131yoruz. Ard\u0131ndan burada koruma \u00e7al\u0131\u015fmalar\u0131 yapt\u0131\u011f\u0131m\u0131z deniz kaplumba\u011falar\u0131, daha sonra iklim de\u011fi\u015fikli\u011fi ve deniz kirlili\u011fi \u00fczerine at\u00f6lyeler yap\u0131yoruz. Uygulamal\u0131 deneylerle, onlar\u0131n daha iyi \u00f6\u011frenmesini sa\u011flamaya \u00e7al\u0131\u015f\u0131yoruz&#8221; dedi. \u00c7ocuklar\u0131n e\u011fitimleri \u00e7ok sevdi\u011fini kaydeden Bitir, &#8220;\u00c7ok g\u00fczel d\u00f6n\u00fc\u015fler oluyor. Asl\u0131nda bu kadar k\u0131sa bir s\u00fcrede b\u00f6yle d\u00f6n\u00fc\u015fler olmas\u0131 bizi ger\u00e7ekten \u015fa\u015f\u0131rt\u0131yor. Gitmek istemeyenler oluyor, tekrar gelmek isteyenler oluyor. \u0130lk ba\u015fta &#8216;bilim insan\u0131 olamay\u0131z&#8217; gibi d\u00fc\u015f\u00fcn\u00fcp, daha sonra ilgilendi\u011fini s\u00f6yleyenler oluyor. Hem bizim, hem onlar i\u00e7in keyifli ge\u00e7iyor&#8221; dedi.<\/p>\n<p>Demir: &#8220;\u0130klim de\u011fi\u015fikli\u011finin sonu\u00e7lar\u0131n\u0131 deneylerle anlatmaya \u00e7al\u0131\u015f\u0131yorum&#8221;<\/p>\n<p>ODT\u00dc Deniz Bilimleri Enstit\u00fcs\u00fc&#8217;nde doktora \u00f6\u011frencisi olan Ya\u011f\u0131z Demir, k\u00fc\u00e7\u00fck deneylerle ak\u0131lda kal\u0131c\u0131 bilgiler verdiklerini belirterek, &#8220;E\u011flenceli deneylerle \u00e7ocuklar\u0131n ilgisini bilime \u00e7ekmeye, onlar\u0131 merak ettirmeye y\u00f6nelik \u00e7al\u0131\u015fmalar yap\u0131yorum. G\u00f6sterime ba\u015flamadan \u00f6nce, &#8216;Aran\u0131zda bilim insan\u0131 olmak isteyen var m\u0131?&#8217; diye soruyorum. Ba\u015fta \u00e7ok fazla parmak kalkmasa da, g\u00f6sterinin sonunda en az\u0131ndan birka\u00e7 bilim insan\u0131 olmak isteyen \u00f6\u011frenciyi g\u00f6rmek, onlar\u0131 biraz te\u015fvik etmek mutlu ediyor&#8221; diye konu\u015ftu.<\/p>\n<p>\u0130klim de\u011fi\u015fikli\u011finin sonu\u00e7lar\u0131n\u0131 deneylerle anlatmaya \u00e7al\u0131\u015ft\u0131\u011f\u0131n\u0131 belirten Demir, &#8220;K\u00fcresel \u0131s\u0131nman\u0131n okyanuslara etkisi, okyanus s\u0131cakl\u0131\u011f\u0131n\u0131n artmas\u0131yla d\u00fcnya nas\u0131l etkilenecek? gibi sorular\u0131n cevaplar\u0131n\u0131, e\u011flenceli bir \u015fekilde anlatmaya \u00e7al\u0131\u015f\u0131yorum&#8221; dedi.<\/p>\n<p>Sava\u015f: &#8220;E\u011fitimlerimiz hem bilimsel, hem de toplumu bilin\u00e7lendirme ama\u00e7l\u0131&#8221;<\/p>\n<p>ODT\u00dc Deniz Bilimleri Enstit\u00fcs\u00fc&#8217;nde Ara\u015ft\u0131rma G\u00f6revlisi \u0130rem Ye\u015fim Sava\u015f, seminer ve etkinliklerle ilgili bilgi vererek, &#8220;T\u00fcrkiye denizlerini, buradaki endemik t\u00fcrleri ve deniz kaplumba\u011falar\u0131n\u0131 tan\u0131mak, deniz kirlili\u011fini anlamak gibi bir\u00e7ok farkl\u0131 konuda hem seminerlerimiz, hem de k\u00fc\u00e7\u00fck etkinliklerimiz oluyor. Buradaki e\u011fitimlerimiz denizle alakal\u0131, hem bilimsel hem de toplumu bilin\u00e7lendirme ama\u00e7l\u0131 yap\u0131lan e\u011fitimler&#8221; ifadelerini kulland\u0131.<\/p>\n<p>Arslan: &#8220;Y\u0131l sonuna kadar 150 \u00f6\u011frenciye e\u011fitim verilecek&#8221;<\/p>\n<p>\u00c7evre Koruma ve Kontrol Dairesi Ba\u015fkanl\u0131\u011f\u0131&#8217;nda proje uzman\u0131 olarak \u00e7al\u0131\u015fan Ay\u015fenur Arslan, projenin 2019 y\u0131l\u0131ndan beri devam etti\u011fini s\u00f6yledi. Arslan, &#8220;E\u011fitimlerle; deniz ve deniz canl\u0131lar\u0131n\u0131 tan\u0131tma, iklim de\u011fi\u015fikli\u011finin deniz canl\u0131lar\u0131 \u00fczerindeki etkisiyle ilgili fark\u0131ndal\u0131k olu\u015fturmay\u0131, denizi koruma ve deniz kirlili\u011fini \u00f6nleme konusunda \u00e7ocuklarda olumlu davran\u0131\u015flar geli\u015ftirmeyi planl\u0131yoruz. Aral\u0131k ay\u0131 sonuna kadar 6 haftada 150 \u00f6\u011frenciye e\u011fitim verilmesini planl\u0131yoruz&#8221; dedi.<\/p>\n<p>Arslan, B\u00fcy\u00fck\u015fehir Belediyesi olarak \u00e7ocuklara e\u011fitim materyalleri hediye ettiklerini de belirterek, &#8220;E\u011fitim materyalleri olarak; \u00e7antalar, kitap\u00e7\u0131klar, kalemlikler, laboratuvar \u00f6nl\u00fckleri haz\u0131rlad\u0131k. Bir de onlar\u0131n ula\u015f\u0131mlar\u0131n\u0131 ve kumanya deste\u011fini sa\u011fl\u0131yoruz&#8221; diye konu\u015ftu.<\/p>\n<p>&#8220;\u00c7\u00f6p atanlar\u0131 g\u00f6r\u00fcrsek onlar\u0131 nazik\u00e7e uyarmal\u0131y\u0131z&#8221;<\/p>\n<p>E\u011fitime kat\u0131lan 8. s\u0131n\u0131f \u00f6\u011frencisi Seyfullah Y\u0131ld\u0131zhan, e\u011fitimde yapt\u0131klar\u0131n\u0131 anlatarak,  &#8220;Kumsal\u0131 gezdik. Deneyle ilgili bilgiler, memeli ve memesiz hayvanlar\u0131, en b\u00fcy\u00fck balinan\u0131n mavi balina oldu\u011funu, baz\u0131lar\u0131n\u0131n y\u00fczeye \u00e7\u0131k\u0131p nefes ald\u0131\u011f\u0131n\u0131 \u00f6\u011frendik&#8221; derken, ald\u0131\u011f\u0131 e\u011fitimden sonra insanlar\u0131 \u00e7evreye kar\u015f\u0131 duyarl\u0131 olmalar\u0131 i\u00e7in uyaraca\u011f\u0131n\u0131 s\u00f6yleyerek, &#8220;\u00c7\u00f6p atanlar\u0131 g\u00f6r\u00fcrsek onlar\u0131 nazik\u00e7e uyarmal\u0131y\u0131z. Yerde \u00e7\u00f6p g\u00f6r\u00fcrsek biz gidip atmal\u0131y\u0131z. Deodorant, parf\u00fcm gibi \u015feyler s\u0131kmamal\u0131 ve fosil yak\u0131tlar\u0131 kullanmamal\u0131y\u0131z&#8221; dedi.<\/p>\n<p>&#8220;\u00c7ok faydal\u0131 ve e\u011flenceli bir e\u011fitim oldu&#8221;<\/p>\n<p>E\u011fitimi \u00e7ok sevdi\u011fini s\u00f6yleyen 8. s\u0131n\u0131f \u00f6\u011frencisi Elif Nur Altay, &#8220;\u00d6ncelikle \u00e7ok fazla \u015fey \u00f6\u011frendim. Mesela deniz canl\u0131lar\u0131n\u0131 \u00f6\u011frendik. Onlar\u0131n iklim de\u011fi\u015fikli\u011finden nas\u0131l etkilendi\u011fini, iklim de\u011fi\u015fikli\u011fini, geri d\u00f6n\u00fc\u015f\u00fcm\u00fc ve \u00e7evre kirlili\u011fini nas\u0131l \u00f6nleyebilece\u011fimizi \u00f6\u011frendik. Deniz canl\u0131lar\u0131n\u0131 tan\u0131d\u0131k, \u00e7ok faydal\u0131 ve e\u011flenceli bir e\u011fitim oldu&#8221; ifadelerini kulland\u0131. Altay, iklim de\u011fi\u015fikli\u011fine kar\u015f\u0131 herkesi uyarmaya \u00e7al\u0131\u015faca\u011f\u0131n\u0131 da s\u00f6yleyerek, &#8220;\u00c7\u00fcnk\u00fc \u00f6nlem al\u0131nmad\u0131\u011f\u0131nda, \u00e7ok k\u00f6t\u00fc sonu\u00e7lar do\u011furabiliyor. Herkesi bilin\u00e7lendirmeye \u00e7al\u0131\u015faca\u011f\u0131m&#8221; dedi.<\/p>\n<p>&#8220;\u00c7ok g\u00fczel \u015feyler deneyimledim&#8221;<\/p>\n<p>S\u0131la Akk\u0131\u015f da e\u011fitim alan \u00f6\u011frenciler aras\u0131ndayd\u0131. E\u011fitimin g\u00fczel ge\u00e7ti\u011fini s\u00f6yleyen Akk\u0131\u015f, &#8220;Bence \u00e7ok e\u011flenceliydi, \u00e7ok g\u00fczel \u015feyler deneyimledim. Buraya ilk defa geliyorum ve \u00e7ok g\u00fczel bir yer oldu\u011funu g\u00f6rd\u00fcm&#8221; dedi.<\/p>\n<p>&#8220;Yenilenebilir enerji kaynaklar\u0131 kullan\u0131lmal\u0131&#8221;<\/p>\n<p>Okuldakinden daha detayl\u0131 e\u011fitim g\u00f6rd\u00fcklerini s\u00f6yleyen Deniz Tekin de, &#8220;Herkesin bilin\u00e7li olmas\u0131 gerekti\u011fini, bilin\u00e7li olanlar\u0131n olmayanlar\u0131 uyarmas\u0131 gerekti\u011fini d\u00fc\u015f\u00fcn\u00fcyorum. \u0130klim krizini \u00f6nlemek i\u00e7in, yenilenebilir enerji kaynaklar\u0131 kullan\u0131lmal\u0131&#8221; ifadelerine yer verdi.<\/p>\n","protected":false},"excerpt":{"rendered":"<p>Mersin B\u00fcy\u00fck\u015fehir Belediyesi \u00c7evre Koruma ve Kontrol Dairesi Ba\u015fkanl\u0131\u011f\u0131 ile ODT\u00dc Deniz Bilimleri Enstit\u00fcs\u00fc i\u015f birli\u011finde \u00f6\u011frencilere y\u00f6nelik verilen &#8216;\u00c7evre, Deniz ve \u0130klim&#8217; e\u011fitimlerinin 2023 d\u00f6nemi ba\u015flad\u0131. 2019&#8217;dan bu yana devam eden e\u011fitimlere, yakla\u015f\u0131k 2 bin 500 \u00f6\u011frenci kat\u0131ld\u0131. \u00c7ocuklar\u0131n \u00e7evre bilinci ile b\u00fcy\u00fcmesi, fark\u0131ndal\u0131k kazanmas\u0131, ya\u015fad\u0131klar\u0131 gezegene ve \u00e7evreye duyarl\u0131 olmalar\u0131 i\u00e7in verilen e\u011fitimler, [&hellip;]<\/p>\n","protected":false},"author":2,"featured_media":29168,"comment_status":"open","ping_status":"open","sticky":false,"template":"","format":"standard","meta":{"footnotes":""},"categories":[2,3,5],"tags":[],"class_list":["post-29167","post","type-post","status-publish","format-standard","has-post-thumbnail","hentry","category-gundem","category-manset","category-mersin"],"views":38,"_links":{"self":[{"href":"https:\/\/mersinkadingazetesi.com\/index.php?rest_route=\/wp\/v2\/posts\/29167"}],"collection":[{"href":"https:\/\/mersinkadingazetesi.com\/index.php?rest_route=\/wp\/v2\/posts"}],"about":[{"href":"https:\/\/mersinkadingazetesi.com\/index.php?rest_route=\/wp\/v2\/types\/post"}],"author":[{"embeddable":true,"href":"https:\/\/mersinkadingazetesi.com\/index.php?rest_route=\/wp\/v2\/users\/2"}],"replies":[{"embeddable":true,"href":"https:\/\/mersinkadingazetesi.com\/index.php?rest_route=%2Fwp%2Fv2%2Fcomments&post=29167"}],"version-history":[{"count":0,"href":"https:\/\/mersinkadingazetesi.com\/index.php?rest_route=\/wp\/v2\/posts\/29167\/revisions"}],"wp:featuredmedia":[{"embeddable":true,"href":"https:\/\/mersinkadingazetesi.com\/index.php?rest_route=\/wp\/v2\/media\/29168"}],"wp:attachment":[{"href":"https:\/\/mersinkadingazetesi.com\/index.php?rest_route=%2Fwp%2Fv2%2Fmedia&parent=29167"}],"wp:term":[{"taxonomy":"category","embeddable":true,"href":"https:\/\/mersinkadingazetesi.com\/index.php?rest_route=%2Fwp%2Fv2%2Fcategories&post=29167"},{"taxonomy":"post_tag","embeddable":true,"href":"https:\/\/mersinkadingazetesi.com\/index.php?rest_route=%2Fwp%2Fv2%2Ftags&post=29167"}],"curies":[{"name":"wp","href":"https:\/\/api.w.org\/{rel}","templated":true}]}}