{"id":29170,"date":"2023-12-04T13:04:45","date_gmt":"2023-12-04T10:04:45","guid":{"rendered":"http:\/\/mersinkadingazetesi.com\/?p=29170"},"modified":"2023-12-04T13:04:45","modified_gmt":"2023-12-04T10:04:45","slug":"tbb-ve-baro-baskanlari-icisleri-bakani-yerlikayaya-meslek-sorunlarini-aktardi","status":"publish","type":"post","link":"https:\/\/mersinkadingazetesi.com\/?p=29170","title":{"rendered":"TBB VE BARO BA\u015eKANLARI, \u0130\u00c7\u0130\u015eLER\u0130 BAKANI YERL\u0130KAYA&#8217;YA MESLEK SORUNLARINI AKTARDI"},"content":{"rendered":"<p>T\u00fcrkiye Barolar Birli\u011fi Ba\u015fkan\u0131 Av. R. Erin\u00e7 Sa\u011fkan, TBB y\u00f6netim kurulu \u00fcyeleri, Mersin Barosu Ba\u015fkan\u0131 Av. Gazi \u00d6zdemir, Baro Ba\u015fkanlar\u0131 ve TBB Arac\u0131 ve Takip\u00e7ilerle M\u00fccadele Komisyonu temsilcilerinden olu\u015fan heyet, \u0130\u00e7i\u015fleri Bakan\u0131 Ali Yerlikaya&#8217;y\u0131 makam\u0131nda ziyaret ederek, avukatl\u0131k mesle\u011finin sorunlar\u0131n\u0131 ve \u00e7\u00f6z\u00fcm \u00f6nerilerini sundu.<\/p>\n<p>Heyet, Bakan Ali Yerlikaya&#8217;ya avukatlar\u0131n kollukta ya\u015fad\u0131klar\u0131 sorunlar\u0131 ve bu sorunlar\u0131n \u00e7\u00f6z\u00fcm\u00fcne y\u00f6nelik \u00f6nerilerini ileterek, T\u00fcrkiye Barolar Birli\u011fi ve barolar\u0131n hasar dan\u0131\u015fmanl\u0131k \u015firketlerine kar\u015f\u0131 y\u00fcr\u00fctt\u00fc\u011f\u00fc m\u00fccadeleye ili\u015fkin bilgi verdi. Ziyaret kapsam\u0131nda, bu konularda ortak \u00e7al\u0131\u015fma ve m\u00fccadele y\u00f6ntemleri hakk\u0131nda g\u00f6r\u00fc\u015f al\u0131\u015fveri\u015finde bulunuldu.<\/p>\n<p>\u0130\u00e7i\u015fleri Bakan Yard\u0131mc\u0131s\u0131 Mehmet Sa\u011flam&#8217;\u0131n da yer ald\u0131\u011f\u0131 g\u00f6r\u00fc\u015fmede ayr\u0131ca, avukatlar\u0131n illerde ya\u015fad\u0131klar\u0131 yerel sorunlar ve sorunlar\u0131n \u00e7\u00f6z\u00fcm\u00fcne y\u00f6nelik talepler de iletildi. TBB y\u00f6netimi ve baro ba\u015fkanlar\u0131, \u0130\u00e7i\u015fleri Bakan\u0131 Ali Yerlikaya&#8217;ya yapt\u0131\u011f\u0131 \u00e7al\u0131\u015fmalar i\u00e7in te\u015fekk\u00fcr etti.<\/p>\n","protected":false},"excerpt":{"rendered":"<p>T\u00fcrkiye Barolar Birli\u011fi Ba\u015fkan\u0131 Av. R. Erin\u00e7 Sa\u011fkan, TBB y\u00f6netim kurulu \u00fcyeleri, Mersin Barosu Ba\u015fkan\u0131 Av. Gazi \u00d6zdemir, Baro Ba\u015fkanlar\u0131 ve TBB Arac\u0131 ve Takip\u00e7ilerle M\u00fccadele Komisyonu temsilcilerinden olu\u015fan heyet, \u0130\u00e7i\u015fleri Bakan\u0131 Ali Yerlikaya&#8217;y\u0131 makam\u0131nda ziyaret ederek, avukatl\u0131k mesle\u011finin sorunlar\u0131n\u0131 ve \u00e7\u00f6z\u00fcm \u00f6nerilerini sundu. Heyet, Bakan Ali Yerlikaya&#8217;ya avukatlar\u0131n kollukta ya\u015fad\u0131klar\u0131 sorunlar\u0131 ve bu sorunlar\u0131n [&hellip;]<\/p>\n","protected":false},"author":2,"featured_media":29171,"comment_status":"open","ping_status":"open","sticky":false,"template":"","format":"standard","meta":{"footnotes":""},"categories":[3],"tags":[],"class_list":["post-29170","post","type-post","status-publish","format-standard","has-post-thumbnail","hentry","category-manset"],"views":3,"_links":{"self":[{"href":"https:\/\/mersinkadingazetesi.com\/index.php?rest_route=\/wp\/v2\/posts\/29170"}],"collection":[{"href":"https:\/\/mersinkadingazetesi.com\/index.php?rest_route=\/wp\/v2\/posts"}],"about":[{"href":"https:\/\/mersinkadingazetesi.com\/index.php?rest_route=\/wp\/v2\/types\/post"}],"author":[{"embeddable":true,"href":"https:\/\/mersinkadingazetesi.com\/index.php?rest_route=\/wp\/v2\/users\/2"}],"replies":[{"embeddable":true,"href":"https:\/\/mersinkadingazetesi.com\/index.php?rest_route=%2Fwp%2Fv2%2Fcomments&post=29170"}],"version-history":[{"count":0,"href":"https:\/\/mersinkadingazetesi.com\/index.php?rest_route=\/wp\/v2\/posts\/29170\/revisions"}],"wp:featuredmedia":[{"embeddable":true,"href":"https:\/\/mersinkadingazetesi.com\/index.php?rest_route=\/wp\/v2\/media\/29171"}],"wp:attachment":[{"href":"https:\/\/mersinkadingazetesi.com\/index.php?rest_route=%2Fwp%2Fv2%2Fmedia&parent=29170"}],"wp:term":[{"taxonomy":"category","embeddable":true,"href":"https:\/\/mersinkadingazetesi.com\/index.php?rest_route=%2Fwp%2Fv2%2Fcategories&post=29170"},{"taxonomy":"post_tag","embeddable":true,"href":"https:\/\/mersinkadingazetesi.com\/index.php?rest_route=%2Fwp%2Fv2%2Ftags&post=29170"}],"curies":[{"name":"wp","href":"https:\/\/api.w.org\/{rel}","templated":true}]}}