{"id":29195,"date":"2023-12-05T16:28:15","date_gmt":"2023-12-05T13:28:15","guid":{"rendered":"http:\/\/mersinkadingazetesi.com\/?p=29195"},"modified":"2023-12-05T16:28:15","modified_gmt":"2023-12-05T13:28:15","slug":"akdeniz-belediyesinden-turkiye-yuzyilinda-kadinin-hakki-konferansi","status":"publish","type":"post","link":"https:\/\/mersinkadingazetesi.com\/?p=29195","title":{"rendered":"AKDEN\u0130Z BELED\u0130YES\u0130\u2019NDEN \u201cT\u00dcRK\u0130YE Y\u00dcZYILINDA KADININ HAKKI\u201d KONFERANSI"},"content":{"rendered":"<p>Akdeniz Belediyesi taraf\u0131ndan, \u20185 Aral\u0131k T\u00fcrk Kad\u0131n\u0131na Se\u00e7me ve Se\u00e7ilme Hakk\u0131n\u0131n Tan\u0131nmas\u0131n\u0131n 89\u2019uncu y\u0131ld\u00f6n\u00fcm\u00fc ve \u2018D\u00fcnya Kad\u0131n Haklar\u0131 G\u00fcn\u00fc\u2019 dolay\u0131s\u0131yla \u201cT\u00fcrkiye Y\u00fczy\u0131l\u0131nda Kad\u0131n\u0131n Hakk\u0131\u201d konulu konferans d\u00fczenlendi.<br \/>\nAvukat Hatice K\u00fcbra Turgut\u2019un sunum yapt\u0131\u011f\u0131 konferansa,<br \/>\nAk Parti \u0130l Kad\u0131n Kollar\u0131 Ba\u015fkan\u0131 Fatma Abac\u0131, Akdeniz \u0130l\u00e7e Kad\u0131n Kollar\u0131 Ba\u015fkan\u0131 Neriman \u00d6ztoprak ve y\u00f6netim kurulu \u00fcyeleri, Kaymakaml\u0131\u011fa ba\u011fl\u0131 Aile Destek Merkezleri\u2019nde kurs ve e\u011fitim alan ve usta \u00f6\u011freticilik yapan kad\u0131nlar kat\u0131ld\u0131. Belediye konferans salonunda organize edilen etkinlikte sahneye as\u0131lan, \u201cSe\u00e7iyorum, Se\u00e7iliyorum, Kad\u0131n Haklar\u0131m\u0131 Kullan\u0131yorum\u201d yaz\u0131l\u0131 pankart dikkat \u00e7ekti.<br \/>\n\u201cT\u00fcrk kad\u0131n\u0131 se\u00e7me ve se\u00e7ilme hakk\u0131nda d\u00fcnya kad\u0131nlar\u0131na \u00f6rnek olmu\u015ftur\u201d<br \/>\nKad\u0131n ve Aile Hizmetleri M\u00fcd\u00fcrl\u00fc\u011f\u00fc\u2019nce d\u00fczenlenen konferans\u0131n a\u00e7\u0131l\u0131\u015f\u0131nda s\u00f6z alan Akdeniz Belediye Ba\u015fkan Yard\u0131mc\u0131s\u0131 Yusuf Duman; \u201c\u00dclkemizde kad\u0131nlar\u0131n siyasi hayatta se\u00e7me ve se\u00e7ilme hakk\u0131n\u0131 elde etmesi, kendine \u2018medeni\u2019 diyen bir\u00e7ok Avrupa \u00fclkesinden bile \u00e7ok daha \u00f6nce toplumsal hayat\u0131m\u0131zda ger\u00e7ekle\u015fen Atat\u00fcrk Devrimlerinden birisidir. \u0130talya\u2019da 1945; Fransa\u2019da 1944; Bel\u00e7ika\u2019da 1960; \u0130svi\u00e7re\u2019de 1971 y\u0131l\u0131nda kad\u0131nlara se\u00e7me ve se\u00e7ilme hakk\u0131 verilmi\u015ftir. Atat\u00fcrk ise T\u00fcrk kad\u0131n\u0131na 1934 y\u0131l\u0131nda bu hakk\u0131 tan\u0131m\u0131\u015ft\u0131r. Bu anlamda T\u00fcrk kad\u0131n\u0131, d\u00fcnya kad\u0131nlar\u0131n\u0131n yan\u0131 s\u0131ra g\u00fcn\u00fcm\u00fcz medeniyetlerine de \u00f6nc\u00fcl\u00fck etmi\u015ftir\u201d dedi.<br \/>\n\u201cKad\u0131nlara pozitif ayr\u0131mc\u0131l\u0131k ilkesiyle hareket ediyoruz\u201d<br \/>\nKad\u0131nlar\u0131n, toplumsal de\u011fi\u015fimin en g\u00fc\u00e7l\u00fc fakt\u00f6r\u00fc oldu\u011funun da alt\u0131n\u0131 \u00e7izen Ba\u015fkan Yard\u0131mc\u0131s\u0131 Duman, \u015f\u00f6yle konu\u015ftu; \u201cAkdeniz Belediye Ba\u015fkan\u0131m\u0131z Say\u0131n Mustafa G\u00fcltak \u00f6nc\u00fcl\u00fc\u011f\u00fcnde, kad\u0131nlara pozitif ayr\u0131mc\u0131l\u0131k uyguluyoruz. Yerli tar\u0131mda ba\u015flatt\u0131\u011f\u0131m\u0131z atakla kad\u0131nlar\u0131 \u00fcretime, ekonomiye ve istihdama kazand\u0131r\u0131yoruz.<br \/>\nStevia (\u015feker otu), moringa, \u015fevketi bostan, atal\u0131k karak\u0131l\u00e7\u0131k tohumu \u00fcretimiyle Akdeniz\u2019de bir ilki ba\u015fard\u0131k. Kooperatif \u00fcyesi kad\u0131nlar eliyle \u00fcretti\u011fimiz \u00fcr\u00fcnlerden gelir elde ediliyor. Kooperatifle\u015fip g\u00fc\u00e7lerini birle\u015ftiren Akdenizli kad\u0131nlar \u00fcretiyor, sat\u0131yor, toplumsal stat\u00fcleri y\u00fckseliyor.\u201d<\/p>\n<p>\u201cKad\u0131n-erkek e\u015fitsizli\u011fi t\u00fcm d\u00fcnyada s\u00fcr\u00fcyor\u201d<br \/>\nKonferansta sunum yapan Avukat Hatice K\u00fcbra Turgut ise, kad\u0131nlara y\u00f6nelik hizmet ve projeleri kad\u0131nlara y\u00f6nelik pozitif ayr\u0131mc\u0131l\u0131k uygulamalar\u0131 nedeniyle Akdeniz Belediyesi Ba\u015fkan\u0131 Mustafa G\u00fcltak\u2019a te\u015fekk\u00fcr etti.<br \/>\n5 Aral\u0131k D\u00fcnya Kad\u0131nlar G\u00fcn\u00fc\u2019n\u00fcn \u00f6nemine dikkat \u00e7eken Av. Turgut, \u0130srail\u2019in g\u00fcnlerdir devam eden bombal\u0131 sald\u0131r\u0131lar\u0131 sonucu, Gazze\u2019de t\u00fcm d\u00fcnyan\u0131n g\u00f6zleri \u00f6n\u00fcnde binlerce masum kad\u0131n ve \u00e7ocu\u011fun ya\u015fam\u0131n\u0131 yitirdi\u011fine dikkati \u00e7ekti.<br \/>\nS\u00f6zlerinin devam\u0131nda; d\u00fcnyadaki kad\u0131n-erkek e\u015fitsizli\u011finin, istihdam, e\u011fitim ve \u00f6zel m\u00fclkiyet ba\u015fta olmak \u00fczere hayat\u0131n farkl\u0131 alanlar\u0131nda halen hissedildi\u011fini kaydeden Av. Hatice K\u00fcbra Turgut, \u201cKad\u0131nlar\u0131n \u00e7al\u0131\u015fma olana\u011f\u0131 bulmas\u0131n\u0131n zorlu\u011fu yan\u0131nda, \u00e7al\u0131\u015fan kad\u0131nlar\u0131n erkeklerden daha az kazand\u0131\u011f\u0131n\u0131 g\u00f6r\u00fcyoruz. Toplam \u00f6zel m\u00fclkiyetin kad\u0131nlar, sadece y\u00fczde 1\u2019ine sahipler\u201d \u015feklinde konu\u015ftu.<\/p>\n","protected":false},"excerpt":{"rendered":"<p>Akdeniz Belediyesi taraf\u0131ndan, \u20185 Aral\u0131k T\u00fcrk Kad\u0131n\u0131na Se\u00e7me ve Se\u00e7ilme Hakk\u0131n\u0131n Tan\u0131nmas\u0131n\u0131n 89\u2019uncu y\u0131ld\u00f6n\u00fcm\u00fc ve \u2018D\u00fcnya Kad\u0131n Haklar\u0131 G\u00fcn\u00fc\u2019 dolay\u0131s\u0131yla \u201cT\u00fcrkiye Y\u00fczy\u0131l\u0131nda Kad\u0131n\u0131n Hakk\u0131\u201d konulu konferans d\u00fczenlendi. Avukat Hatice K\u00fcbra Turgut\u2019un sunum yapt\u0131\u011f\u0131 konferansa, Ak Parti \u0130l Kad\u0131n Kollar\u0131 Ba\u015fkan\u0131 Fatma Abac\u0131, Akdeniz \u0130l\u00e7e Kad\u0131n Kollar\u0131 Ba\u015fkan\u0131 Neriman \u00d6ztoprak ve y\u00f6netim kurulu \u00fcyeleri, Kaymakaml\u0131\u011fa ba\u011fl\u0131 [&hellip;]<\/p>\n","protected":false},"author":2,"featured_media":29196,"comment_status":"open","ping_status":"open","sticky":false,"template":"","format":"standard","meta":{"footnotes":""},"categories":[2,3],"tags":[],"class_list":["post-29195","post","type-post","status-publish","format-standard","has-post-thumbnail","hentry","category-gundem","category-manset"],"views":8,"_links":{"self":[{"href":"https:\/\/mersinkadingazetesi.com\/index.php?rest_route=\/wp\/v2\/posts\/29195"}],"collection":[{"href":"https:\/\/mersinkadingazetesi.com\/index.php?rest_route=\/wp\/v2\/posts"}],"about":[{"href":"https:\/\/mersinkadingazetesi.com\/index.php?rest_route=\/wp\/v2\/types\/post"}],"author":[{"embeddable":true,"href":"https:\/\/mersinkadingazetesi.com\/index.php?rest_route=\/wp\/v2\/users\/2"}],"replies":[{"embeddable":true,"href":"https:\/\/mersinkadingazetesi.com\/index.php?rest_route=%2Fwp%2Fv2%2Fcomments&post=29195"}],"version-history":[{"count":0,"href":"https:\/\/mersinkadingazetesi.com\/index.php?rest_route=\/wp\/v2\/posts\/29195\/revisions"}],"wp:featuredmedia":[{"embeddable":true,"href":"https:\/\/mersinkadingazetesi.com\/index.php?rest_route=\/wp\/v2\/media\/29196"}],"wp:attachment":[{"href":"https:\/\/mersinkadingazetesi.com\/index.php?rest_route=%2Fwp%2Fv2%2Fmedia&parent=29195"}],"wp:term":[{"taxonomy":"category","embeddable":true,"href":"https:\/\/mersinkadingazetesi.com\/index.php?rest_route=%2Fwp%2Fv2%2Fcategories&post=29195"},{"taxonomy":"post_tag","embeddable":true,"href":"https:\/\/mersinkadingazetesi.com\/index.php?rest_route=%2Fwp%2Fv2%2Ftags&post=29195"}],"curies":[{"name":"wp","href":"https:\/\/api.w.org\/{rel}","templated":true}]}}