{"id":29204,"date":"2023-12-06T12:51:01","date_gmt":"2023-12-06T09:51:01","guid":{"rendered":"http:\/\/mersinkadingazetesi.com\/?p=29204"},"modified":"2023-12-06T12:51:01","modified_gmt":"2023-12-06T09:51:01","slug":"buyuksehirin-cocuk-meclisi-uyeleri-ilk-kez-bir-araya-geldi","status":"publish","type":"post","link":"https:\/\/mersinkadingazetesi.com\/?p=29204","title":{"rendered":"B\u00dcY\u00dcK\u015eEH\u0130R&#8217;\u0130N &#8216;\u00c7OCUK MECL\u0130S\u0130&#8217; \u00dcYELER\u0130 \u0130LK KEZ B\u0130R ARAYA GELD\u0130"},"content":{"rendered":"<p>Mersin B\u00fcy\u00fck\u015fehir Belediyesi, bir asr\u0131 dolduran Cumhuriyet y\u00fczy\u0131l\u0131nda bir ilke imza atarak \u00e7ocuklar\u0131n da kent y\u00f6netiminde s\u00f6z sahibi olabilmesi ve kentle ilgili sorunlar\u0131n \u00e7\u00f6z\u00fcm\u00fcnde aktif rol almas\u0131 i\u00e7in Kad\u0131n ve Aile Hizmetleri Dairesi Ba\u015fkanl\u0131\u011f\u0131&#8217;n\u0131n hayata ge\u00e7irdi\u011fi \u00c7ocuk Meclisi, ba\u015fkan ve komisyon \u00fcyesi se\u00e7iminin ard\u0131ndan ilk kez bir araya geldi.<\/p>\n<p>Mersin&#8217;in 13 il\u00e7esinden gelen \u00c7ocuk Meclisi \u00fcyeleri, &#8216;Mercan 100. Y\u0131l \u0130klim ve \u00c7evre Bilim Merkezi&#8217;ni, sanat\u00e7\u0131 Mehmet Y\u0131lmaz&#8217;\u0131n &#8216;Post-Modern Ben&#8217; isimli sergisini ve son olarak da itfaiye te\u015fkilat\u0131n\u0131 g\u00fc\u00e7lendirmek amac\u0131yla bir ilke imza atarak hayata ge\u00e7irilen &#8216;Ata E\u011fitim Merkezi&#8217;ni gezdi. G\u00fcn boyu bir dizi geziyle hem \u00f6\u011frenen hem de e\u011flenen \u00e7ocuklar, bilime ve sanata doyarken, yetkililerden edindikleri bilgiler sayesinde B\u00fcy\u00fck\u015fehir&#8217;in \u00e7al\u0131\u015fmalar\u0131ndan da haberdar oldular.<\/p>\n<p>\u00d6zt\u00fcrk: &#8220;\u00c7ocuk g\u00f6z\u00fcnden kentin sorunlar\u0131 daha g\u00f6r\u00fcn\u00fcr hale geldi&#8221;<\/p>\n<p>\u00c7ocuklar\u0131n geziyi \u00e7ok sevdiklerini belirten Kad\u0131n ve Aile Hizmetleri Dairesi Ba\u015fkanl\u0131\u011f\u0131, Aile ve \u00c7ocuk \u015eube M\u00fcd\u00fcr\u00fc \u00d6zay \u00d6zt\u00fcrk, \u00c7ocuk Meclisi&#8217;nin ilk etkinli\u011fini yapt\u0131klar\u0131n\u0131 belirtti. \u00c7ocuklar\u0131n gezi sayesinde pek \u00e7ok alanda bilgi sahibi olduklar\u0131n\u0131 belirten \u00d6zt\u00fcrk, &#8220;Hem bilim hem sanat hem de belediye hakk\u0131nda baz\u0131 bilgilendirme \u00e7al\u0131\u015fmalar\u0131m\u0131z oldu. En \u00f6nemlisi de \u00e7ocuklar\u0131m\u0131z\u0131n bir araya gelip birbirlerini tan\u0131malar\u0131, Mersin ve il\u00e7elerle ilgili \u00f6nerileri birbirlerine sunmalar\u0131 ve fikir payla\u015f\u0131m\u0131 yapmalar\u0131 sa\u011flanm\u0131\u015f oldu. \u0130l\u00e7elerimiz uzak oldu\u011fu i\u00e7in \u00e7ocuklar\u0131m\u0131z bir araya gelemiyordu&#8221; dedi. \u00c7ocuk g\u00f6z\u00fcnden kentin sorunlar\u0131n\u0131n da daha g\u00f6r\u00fcn\u00fcr hale geldi\u011fini kaydeden \u00d6zt\u00fcrk, &#8220;Daha \u00e7ok etkinlik d\u00fczenleyip yan yana vakit ge\u00e7irmelerini sa\u011flayaca\u011f\u0131z&#8221; diye konu\u015ftu.<\/p>\n<p>Ye\u015fil\u00e7ay\u0131r: &#8220;B\u00fct\u00fcn arkada\u015flar\u0131m\u0131n buralar\u0131 g\u00f6rmesi i\u00e7in \u00e7al\u0131\u015faca\u011f\u0131m&#8221;<\/p>\n<p>\u00c7ocuk Meclisi Ba\u015fkan\u0131 Meri\u00e7 Ye\u015fil\u00e7ay\u0131r ise gezinin heyecan verici oldu\u011funu vurgulad\u0131. \u00d6zellikle Mercan 100. Y\u0131l \u0130klim ve \u00c7evre Bilim Merkezi&#8217;ni \u00e7ok be\u011fendi\u011fini belirten Ye\u015fil\u00e7ay\u0131r, Anamur&#8217;daki s\u0131n\u0131f arkada\u015flar\u0131n\u0131n da gezmesi i\u00e7in \u00e7al\u0131\u015fma yapaca\u011f\u0131n\u0131 belirtti. Ata E\u011fitim Merkezi&#8217;ndeki sunumu da be\u011fendi\u011fini kaydeden Ye\u015fil\u00e7ay\u0131r, &#8220;Kendimizi itfaiyede \u00e7al\u0131\u015fanlar\u0131n yerine koyduk&#8221; diyerek, itfaiye ekibinin zorlu bir g\u00f6revi \u00fcstlendiklerinin alt\u0131n\u0131 \u00e7izdi.<\/p>\n<p>\u00c7elik: &#8220;\u00c7a\u011f atlam\u0131\u015f gibi olduk&#8221;<\/p>\n<p>Planetaryumu \u00e7ok sevdi\u011fini s\u00f6yleyen Mut \u00c7ocuk Meclisi \u00fcyesi Cihan \u00c7elik, &#8220;Buraya geldi\u011fimizde \u00e7a\u011f atlam\u0131\u015f gibi olduk. Mut&#8217;ta b\u00f6yle \u015feyler bulam\u0131yorduk. Gezmek \u00e7ok keyifliydi. S\u00f6zlerimi Mustafa Kemal Atat\u00fcrk&#8217;\u00fcn s\u00f6z\u00fcyle bitiriyorum: &#8216;\u0130stikbal g\u00f6klerdedir'&#8221; s\u00f6zlerine yer verdi.<\/p>\n<p>G\u00fcltekin: &#8220;Bu geziden sonra Mersin&#8217;i de\u011fi\u015ftirece\u011fim&#8221;<\/p>\n<p>Gezinin \u00e7ok keyifli ge\u00e7ti\u011fini vurgulayan \u00c7ocuk Meclisi \u00dcyesi Aysel Sude G\u00fcltekin, &#8220;Ben Meclis \u00fcyesi olarak k\u00fclt\u00fcr ve sanata daha \u00e7ok \u00f6nem verece\u011fim. T\u00fcm \u00e7ocuklar\u0131n e\u015fit bir \u015fekilde her \u015feye ula\u015fabilmesi i\u00e7in \u00e7al\u0131\u015faca\u011f\u0131m. Bu geziden sonra Mersin&#8217;i de\u011fi\u015ftirece\u011fim&#8221; dedi.<\/p>\n<p>Aky\u00fcrek: &#8220;Mersin&#8217;de daha g\u00fcvenli hissediyorum&#8221;<\/p>\n<p>Hem izleyerek hem de dokunarak deneyler yapt\u0131klar\u0131n\u0131 s\u00f6yleyen Tarsus \u00c7ocuk Meclisi \u00fcyesi Emine Ela Top, &#8220;K\u00fcresel iklim hakk\u0131nda \u00e7ok fazla bilgi \u00f6\u011frendim. Sergi ise d\u00fc\u015f\u00fcnd\u00fcr\u00fcc\u00fcyd\u00fc. \u0130tfaiyeci ablalar\u0131m\u0131z, abilerimizin hangi e\u011fitimlerden ge\u00e7ti\u011fi hakk\u0131nda bilgiler ald\u0131k ve bize de e\u011fitimler verdiler. Belki ben de ilerde itfaiyeci olabilirim&#8221; ifadelerini kulland\u0131.<\/p>\n<p>Silifke \u00c7ocuk Meclisi \u00fcyesi Asl\u0131 Aky\u00fcrek ise, \u00e7ok fazla bilgi \u00f6\u011frendiklerinin alt\u0131n\u0131 \u00e7izdi. \u00d6zellikle Ata E\u011fitim Merkezi&#8217;nin zorlu parkurunu g\u00f6rd\u00fc\u011f\u00fcnde heyecanland\u0131\u011f\u0131n\u0131 belirten Aky\u00fcrek, &#8220;Kendimi Mersin&#8217;de art\u0131k daha g\u00fcvenli hissediyorum&#8221; diye konu\u015ftu.<\/p>\n","protected":false},"excerpt":{"rendered":"<p>Mersin B\u00fcy\u00fck\u015fehir Belediyesi, bir asr\u0131 dolduran Cumhuriyet y\u00fczy\u0131l\u0131nda bir ilke imza atarak \u00e7ocuklar\u0131n da kent y\u00f6netiminde s\u00f6z sahibi olabilmesi ve kentle ilgili sorunlar\u0131n \u00e7\u00f6z\u00fcm\u00fcnde aktif rol almas\u0131 i\u00e7in Kad\u0131n ve Aile Hizmetleri Dairesi Ba\u015fkanl\u0131\u011f\u0131&#8217;n\u0131n hayata ge\u00e7irdi\u011fi \u00c7ocuk Meclisi, ba\u015fkan ve komisyon \u00fcyesi se\u00e7iminin ard\u0131ndan ilk kez bir araya geldi. Mersin&#8217;in 13 il\u00e7esinden gelen \u00c7ocuk Meclisi [&hellip;]<\/p>\n","protected":false},"author":2,"featured_media":29205,"comment_status":"open","ping_status":"open","sticky":false,"template":"","format":"standard","meta":{"footnotes":""},"categories":[2,3],"tags":[],"class_list":["post-29204","post","type-post","status-publish","format-standard","has-post-thumbnail","hentry","category-gundem","category-manset"],"views":2,"_links":{"self":[{"href":"https:\/\/mersinkadingazetesi.com\/index.php?rest_route=\/wp\/v2\/posts\/29204"}],"collection":[{"href":"https:\/\/mersinkadingazetesi.com\/index.php?rest_route=\/wp\/v2\/posts"}],"about":[{"href":"https:\/\/mersinkadingazetesi.com\/index.php?rest_route=\/wp\/v2\/types\/post"}],"author":[{"embeddable":true,"href":"https:\/\/mersinkadingazetesi.com\/index.php?rest_route=\/wp\/v2\/users\/2"}],"replies":[{"embeddable":true,"href":"https:\/\/mersinkadingazetesi.com\/index.php?rest_route=%2Fwp%2Fv2%2Fcomments&post=29204"}],"version-history":[{"count":0,"href":"https:\/\/mersinkadingazetesi.com\/index.php?rest_route=\/wp\/v2\/posts\/29204\/revisions"}],"wp:featuredmedia":[{"embeddable":true,"href":"https:\/\/mersinkadingazetesi.com\/index.php?rest_route=\/wp\/v2\/media\/29205"}],"wp:attachment":[{"href":"https:\/\/mersinkadingazetesi.com\/index.php?rest_route=%2Fwp%2Fv2%2Fmedia&parent=29204"}],"wp:term":[{"taxonomy":"category","embeddable":true,"href":"https:\/\/mersinkadingazetesi.com\/index.php?rest_route=%2Fwp%2Fv2%2Fcategories&post=29204"},{"taxonomy":"post_tag","embeddable":true,"href":"https:\/\/mersinkadingazetesi.com\/index.php?rest_route=%2Fwp%2Fv2%2Ftags&post=29204"}],"curies":[{"name":"wp","href":"https:\/\/api.w.org\/{rel}","templated":true}]}}