{"id":29213,"date":"2023-12-06T17:35:36","date_gmt":"2023-12-06T14:35:36","guid":{"rendered":"http:\/\/mersinkadingazetesi.com\/?p=29213"},"modified":"2023-12-06T17:35:36","modified_gmt":"2023-12-06T14:35:36","slug":"baskan-abdullah-ozyigitten-yenisehirli-gonullulere-tesekkur","status":"publish","type":"post","link":"https:\/\/mersinkadingazetesi.com\/?p=29213","title":{"rendered":"Ba\u015fkan Abdullah \u00d6zyi\u011fit\u2019ten Yeni\u015fehirli g\u00f6n\u00fcll\u00fclere te\u015fekk\u00fcr"},"content":{"rendered":"<p>Mersin Yeni\u015fehir Belediye Ba\u015fkan\u0131 Abdullah \u00d6zyi\u011fit, D\u00fcnya G\u00f6n\u00fcll\u00fcler G\u00fcn\u00fc\u2019nde Yeni\u015fehir Ya\u015fam G\u00f6n\u00fcll\u00fcleri ve Yeni\u015fehir G\u00f6n\u00fcll\u00fcleri ile bir araya geldi. Ba\u015fkan \u00d6zyi\u011fit, sosyal sorumluluk projeleri ve \u00e7al\u0131\u015fmalar\u0131yla Yeni\u015fehirli vatanda\u015flara verdikleri desteklerden dolay\u0131 g\u00f6n\u00fcll\u00fclere te\u015fekk\u00fcr plaketi verdi.<br \/>\nBa\u015fkan Abdullah \u00d6zyi\u011fit, Yeni\u015fehir Belediyesi ile i\u015f birli\u011fi i\u00e7erisinde \u00f6zveriyle \u00e7al\u0131\u015fmalar y\u00fcr\u00fcten Yeni\u015fehir Ya\u015fam G\u00f6n\u00fcll\u00fcleri ve Yeni\u015fehir G\u00f6n\u00fcll\u00fcleri\u2019nin D\u00fcnya G\u00f6n\u00fcll\u00fcler G\u00fcn\u00fc\u2019n\u00fc kutlad\u0131. G\u00f6n\u00fcll\u00fclere te\u015fekk\u00fcr plaketlerini veren Ba\u015fkan \u00d6zyi\u011fit, \u201c6 \u015eubat depremlerinin ard\u0131ndan g\u00f6n\u00fcll\u00fc\u011f\u00fcn ve dayan\u0131\u015fman\u0131n ne kadar k\u0131ymetli oldu\u011funu g\u00f6rd\u00fck. Y\u00fczlerce g\u00f6n\u00fcll\u00fcm\u00fczle birlikte \u00e7al\u0131\u015ft\u0131k, dayan\u0131\u015fman\u0131n g\u00fcc\u00fcn\u00fc g\u00f6sterdik. Emeklerinden dolay\u0131 her birine te\u015fekk\u00fcr ediyorum.\u201d dedi.<br \/>\n\u00c7o\u011funlu\u011fu kad\u0131nlardan olu\u015fan Yeni\u015fehir Ya\u015fam G\u00f6n\u00fcll\u00fcleri ve gen\u00e7lerin olu\u015fturdu\u011fu Yeni\u015fehir G\u00f6n\u00fcll\u00fcleri ile Yeni\u015fehir\u2019de dayan\u0131\u015fman\u0131n en g\u00fczel \u00f6rneklerinin sergilendi\u011fini belirten Ba\u015fkan Abdullah \u00d6zyi\u011fit, \u201cG\u00f6n\u00fcll\u00fclerimizin samimi ve fedakarca \u00e7al\u0131\u015fmalar\u0131n\u0131 takdir ediyorum. Bu dayan\u0131\u015fma a\u011f\u0131n\u0131 gelecek nesillere de aktaraca\u011f\u0131z. G\u00f6n\u00fcll\u00fclerimiz halk\u0131m\u0131za yard\u0131m eli uzat\u0131rken, birli\u011fimizi ve hem\u015fehrilik duygusunu da g\u00fc\u00e7lendiriyor. \u00d6n\u00fcm\u00fczdeki s\u00fcre\u00e7te de g\u00f6n\u00fcll\u00fclerimizle birlikte emek vermeye devam edece\u011fiz.\u201d \u015feklinde konu\u015ftu. Yeni\u015fehir Ya\u015fam G\u00f6n\u00fcll\u00fcleri ve Yeni\u015fehir G\u00f6n\u00fcll\u00fcleri de Ba\u015fkan Abdullah \u00d6zyi\u011fit\u2019e desteklerinden dolay\u0131 te\u015fekk\u00fcr etti. <\/p>\n","protected":false},"excerpt":{"rendered":"<p>Mersin Yeni\u015fehir Belediye Ba\u015fkan\u0131 Abdullah \u00d6zyi\u011fit, D\u00fcnya G\u00f6n\u00fcll\u00fcler G\u00fcn\u00fc\u2019nde Yeni\u015fehir Ya\u015fam G\u00f6n\u00fcll\u00fcleri ve Yeni\u015fehir G\u00f6n\u00fcll\u00fcleri ile bir araya geldi. Ba\u015fkan \u00d6zyi\u011fit, sosyal sorumluluk projeleri ve \u00e7al\u0131\u015fmalar\u0131yla Yeni\u015fehirli vatanda\u015flara verdikleri desteklerden dolay\u0131 g\u00f6n\u00fcll\u00fclere te\u015fekk\u00fcr plaketi verdi. Ba\u015fkan Abdullah \u00d6zyi\u011fit, Yeni\u015fehir Belediyesi ile i\u015f birli\u011fi i\u00e7erisinde \u00f6zveriyle \u00e7al\u0131\u015fmalar y\u00fcr\u00fcten Yeni\u015fehir Ya\u015fam G\u00f6n\u00fcll\u00fcleri ve Yeni\u015fehir G\u00f6n\u00fcll\u00fcleri\u2019nin D\u00fcnya G\u00f6n\u00fcll\u00fcler [&hellip;]<\/p>\n","protected":false},"author":2,"featured_media":29214,"comment_status":"open","ping_status":"open","sticky":false,"template":"","format":"standard","meta":{"footnotes":""},"categories":[3],"tags":[],"class_list":["post-29213","post","type-post","status-publish","format-standard","has-post-thumbnail","hentry","category-manset"],"views":9,"_links":{"self":[{"href":"https:\/\/mersinkadingazetesi.com\/index.php?rest_route=\/wp\/v2\/posts\/29213"}],"collection":[{"href":"https:\/\/mersinkadingazetesi.com\/index.php?rest_route=\/wp\/v2\/posts"}],"about":[{"href":"https:\/\/mersinkadingazetesi.com\/index.php?rest_route=\/wp\/v2\/types\/post"}],"author":[{"embeddable":true,"href":"https:\/\/mersinkadingazetesi.com\/index.php?rest_route=\/wp\/v2\/users\/2"}],"replies":[{"embeddable":true,"href":"https:\/\/mersinkadingazetesi.com\/index.php?rest_route=%2Fwp%2Fv2%2Fcomments&post=29213"}],"version-history":[{"count":0,"href":"https:\/\/mersinkadingazetesi.com\/index.php?rest_route=\/wp\/v2\/posts\/29213\/revisions"}],"wp:featuredmedia":[{"embeddable":true,"href":"https:\/\/mersinkadingazetesi.com\/index.php?rest_route=\/wp\/v2\/media\/29214"}],"wp:attachment":[{"href":"https:\/\/mersinkadingazetesi.com\/index.php?rest_route=%2Fwp%2Fv2%2Fmedia&parent=29213"}],"wp:term":[{"taxonomy":"category","embeddable":true,"href":"https:\/\/mersinkadingazetesi.com\/index.php?rest_route=%2Fwp%2Fv2%2Fcategories&post=29213"},{"taxonomy":"post_tag","embeddable":true,"href":"https:\/\/mersinkadingazetesi.com\/index.php?rest_route=%2Fwp%2Fv2%2Ftags&post=29213"}],"curies":[{"name":"wp","href":"https:\/\/api.w.org\/{rel}","templated":true}]}}