{"id":29222,"date":"2023-12-06T17:39:23","date_gmt":"2023-12-06T14:39:23","guid":{"rendered":"http:\/\/mersinkadingazetesi.com\/?p=29222"},"modified":"2023-12-06T17:39:23","modified_gmt":"2023-12-06T14:39:23","slug":"akdeniz-belediyesi-zabitasindan-fiyat-etkiket-ve-gramaj-denetimi","status":"publish","type":"post","link":"https:\/\/mersinkadingazetesi.com\/?p=29222","title":{"rendered":"AKDEN\u0130Z BELED\u0130YES\u0130 ZABITASINDAN \u201cF\u0130YAT-ETK\u0130KET VE GRAMAJ DENET\u0130M\u0130\u201d"},"content":{"rendered":"<p>Akdeniz Belediyesi Zab\u0131ta M\u00fcd\u00fcrl\u00fc\u011f\u00fc ekipleri, il\u00e7e s\u0131n\u0131rlar\u0131nda bulunan marketlere y\u00f6nelik \u2018fiyat, etiket ve gramaj\u2019 denetimi ger\u00e7ekle\u015ftirdi. Yap\u0131lan kontrollerde son kullanma tarihi ge\u00e7mi\u015f, kasa ve raf fiyat\u0131 farkl\u0131 olan baz\u0131 \u00fcr\u00fcnler bulunduran market i\u015fletmecileri hakk\u0131nda yasal i\u015flem uyguland\u0131.<br \/>\nAkdeniz Belediyesi, halk sa\u011fl\u0131\u011f\u0131n\u0131 korumak ve s\u00fcrd\u00fcrmek amac\u0131yla \u00f6zellikle g\u0131da sat\u0131\u015f\u0131 yapan i\u015fyerlerine y\u00f6nelik kontrollerini aral\u0131ks\u0131z bir \u015fekilde s\u00fcrd\u00fcr\u00fcyor. Zab\u0131ta M\u00fcd\u00fcrl\u00fc\u011f\u00fc ekipleri, son olarak il\u00e7e s\u0131n\u0131rlar\u0131nda faaliyet g\u00f6steren marketlerde s\u0131k\u0131 bir denetim yapt\u0131.<br \/>\nSon kullanma tarihi ge\u00e7en, fiyat-etiket uyu\u015fmayan \u00fcr\u00fcnler tespit edildi<br \/>\nVatanda\u015flardan, a\u011f\u0131rl\u0131kl\u0131 olarak \u00fcr\u00fcnlerin raf ile kasa fiyatlar\u0131n\u0131n uyu\u015fmad\u0131\u011f\u0131 y\u00f6n\u00fcnde \u015fik\u00e2yetler alan zab\u0131ta ekipleri yapt\u0131\u011f\u0131 denetimde, son kullanma tarihi ge\u00e7mi\u015f \u00fcr\u00fcnlerin yan\u0131 s\u0131ra, raf etiketi ile kasa fiyat\u0131 uyu\u015fmayan baz\u0131 \u00fcr\u00fcnlere rastlad\u0131. Bunun \u00fczerine tarihi ge\u00e7mi\u015f \u00fcr\u00fcnlere el konulurken, raf-etiket fiyat\u0131nda farkl\u0131l\u0131k olan i\u015f yerlerine de yasal i\u015flem uyguland\u0131.<br \/>\nAkdeniz Belediyesi Zab\u0131ta M\u00fcd\u00fcrl\u00fc\u011f\u00fc ekipleri, halk sa\u011fl\u0131n\u0131 korumak amac\u0131yla, il\u00e7e genelinde g\u0131da \u00fcretimi ve sat\u0131\u015f\u0131 yapan her t\u00fcrl\u00fc i\u015fyerine y\u00f6nelik kontrol ve denetimlerine aral\u0131ks\u0131z \u015fekilde devam edecek.<\/p>\n","protected":false},"excerpt":{"rendered":"<p>Akdeniz Belediyesi Zab\u0131ta M\u00fcd\u00fcrl\u00fc\u011f\u00fc ekipleri, il\u00e7e s\u0131n\u0131rlar\u0131nda bulunan marketlere y\u00f6nelik \u2018fiyat, etiket ve gramaj\u2019 denetimi ger\u00e7ekle\u015ftirdi. Yap\u0131lan kontrollerde son kullanma tarihi ge\u00e7mi\u015f, kasa ve raf fiyat\u0131 farkl\u0131 olan baz\u0131 \u00fcr\u00fcnler bulunduran market i\u015fletmecileri hakk\u0131nda yasal i\u015flem uyguland\u0131. Akdeniz Belediyesi, halk sa\u011fl\u0131\u011f\u0131n\u0131 korumak ve s\u00fcrd\u00fcrmek amac\u0131yla \u00f6zellikle g\u0131da sat\u0131\u015f\u0131 yapan i\u015fyerlerine y\u00f6nelik kontrollerini aral\u0131ks\u0131z bir \u015fekilde [&hellip;]<\/p>\n","protected":false},"author":2,"featured_media":29223,"comment_status":"open","ping_status":"open","sticky":false,"template":"","format":"standard","meta":{"footnotes":""},"categories":[8,3],"tags":[],"class_list":["post-29222","post","type-post","status-publish","format-standard","has-post-thumbnail","hentry","category-ekonomi","category-manset"],"views":3,"_links":{"self":[{"href":"https:\/\/mersinkadingazetesi.com\/index.php?rest_route=\/wp\/v2\/posts\/29222"}],"collection":[{"href":"https:\/\/mersinkadingazetesi.com\/index.php?rest_route=\/wp\/v2\/posts"}],"about":[{"href":"https:\/\/mersinkadingazetesi.com\/index.php?rest_route=\/wp\/v2\/types\/post"}],"author":[{"embeddable":true,"href":"https:\/\/mersinkadingazetesi.com\/index.php?rest_route=\/wp\/v2\/users\/2"}],"replies":[{"embeddable":true,"href":"https:\/\/mersinkadingazetesi.com\/index.php?rest_route=%2Fwp%2Fv2%2Fcomments&post=29222"}],"version-history":[{"count":0,"href":"https:\/\/mersinkadingazetesi.com\/index.php?rest_route=\/wp\/v2\/posts\/29222\/revisions"}],"wp:featuredmedia":[{"embeddable":true,"href":"https:\/\/mersinkadingazetesi.com\/index.php?rest_route=\/wp\/v2\/media\/29223"}],"wp:attachment":[{"href":"https:\/\/mersinkadingazetesi.com\/index.php?rest_route=%2Fwp%2Fv2%2Fmedia&parent=29222"}],"wp:term":[{"taxonomy":"category","embeddable":true,"href":"https:\/\/mersinkadingazetesi.com\/index.php?rest_route=%2Fwp%2Fv2%2Fcategories&post=29222"},{"taxonomy":"post_tag","embeddable":true,"href":"https:\/\/mersinkadingazetesi.com\/index.php?rest_route=%2Fwp%2Fv2%2Ftags&post=29222"}],"curies":[{"name":"wp","href":"https:\/\/api.w.org\/{rel}","templated":true}]}}