{"id":29287,"date":"2023-12-10T12:05:47","date_gmt":"2023-12-10T09:05:47","guid":{"rendered":"http:\/\/mersinkadingazetesi.com\/?p=29287"},"modified":"2023-12-10T12:05:47","modified_gmt":"2023-12-10T09:05:47","slug":"gultak-kiremithane-mahallesi-semt-pazarini-gezdi","status":"publish","type":"post","link":"https:\/\/mersinkadingazetesi.com\/?p=29287","title":{"rendered":"G\u00dcLTAK, K\u0130REM\u0130THANE MAHALLES\u0130 SEMT PAZARINI GEZD\u0130"},"content":{"rendered":"<p>Kiremithane Mahallesi\u2019nde kurulan semt pazar\u0131n\u0131 ziyaret eden Ba\u015fkan G\u00fcltak, fen i\u015fleri ekiplerince ge\u00e7en haftalarda tamamen yenilenen pazar soka\u011f\u0131n\u0131 da gezdi. Ziyaretinde yo\u011fun ilgi ve sevgi seli ile kar\u015f\u0131la\u015fan Ba\u015fkan G\u00fcltak, esnaf ve al\u0131\u015fveri\u015fe \u00e7\u0131kan vatanda\u015flara geri d\u00f6n\u00fc\u015f\u00fcm\u00fc m\u00fcmk\u00fcn al\u0131\u015fveri\u015f \u00e7antas\u0131 hediye etti.<br \/>\nG\u00f6reve geldi\u011fi ilk g\u00fcnden beri mahalle ve esnaf ziyaretlerine aral\u0131ks\u0131z devam eden Akdeniz Belediye Ba\u015fkan\u0131 M. Mustafa G\u00fcltak\u2019\u0131n son dura\u011f\u0131 kent merkezinde yer alan Kiremithane Mahallesi oldu. Kiremithane Mahallesi Muhtar\u0131 Ali G\u00fclgen, Mersin Pazarc\u0131lar Odas\u0131 Ba\u015fkan\u0131 Abdulhalim Batur, AK Parti \u0130l\u00e7e Gen\u00e7lik Kollar\u0131 Ba\u015fkan\u0131 Bedi Gen\u00e7 ile Meclis \u00fcyelerinin de e\u015flik etti\u011fi ziyarette Ba\u015fkan G\u00fcltak, mahallede kurulan semt pazar\u0131na girip esnaf ve al\u0131\u015fveri\u015fe \u00e7\u0131kan vatanda\u015flarla sohbet etti.<br \/>\n2024 y\u0131l\u0131 i\u00e7in destek talebi<br \/>\nYo\u011fun ilgi ile kar\u015f\u0131la\u015fan ve etraf\u0131n\u0131 saran mahalle sakinlerine geri d\u00f6n\u00fc\u015f\u00fcm\u00fc m\u00fcmk\u00fcn pazar \u00e7antalar\u0131ndan hediye ederek sohbet eden Ba\u015fkan G\u00fcltak, Akdeniz\u2019de hizmet ve projelerin devam etmesi, ayr\u0131ca kentte sa\u011flanan bar\u0131\u015f, karde\u015flik ve huzur ikliminin s\u00fcrmesi i\u00e7in 2024 y\u0131l\u0131 Mart ay\u0131nda yap\u0131lacak yerel se\u00e7imlerde vatanda\u015flardan destek istedi.<br \/>\nKiremithane sakinleri hem mahalleye sunulan hizmetler hem de y\u0131llard\u0131r al\u0131\u015fveri\u015flerini yapt\u0131klar\u0131 semt pazar\u0131n\u0131n kuruldu\u011fu soka\u011f\u0131n, fen i\u015fleri ekipleri taraf\u0131ndan k\u0131sa bir s\u00fcre \u00f6ne ba\u015ftan sona yenilenmesi nedeniyle memnuniyetlerini dile getirip Ba\u015fkan G\u00fcltak\u2019a te\u015fekk\u00fcr etti. Akdeniz Belediye Ba\u015fkan\u0131 G\u00fcltak da il\u00e7e genelinde asfalt, yol, kald\u0131r\u0131m gibi \u00fcstyap\u0131 ihtiyac\u0131 olan mahalle kalmay\u0131ncaya dek hizmetlerin aral\u0131ks\u0131z s\u00fcrece\u011finin alt\u0131n\u0131 \u00e7izdi.<\/p>\n","protected":false},"excerpt":{"rendered":"<p>Kiremithane Mahallesi\u2019nde kurulan semt pazar\u0131n\u0131 ziyaret eden Ba\u015fkan G\u00fcltak, fen i\u015fleri ekiplerince ge\u00e7en haftalarda tamamen yenilenen pazar soka\u011f\u0131n\u0131 da gezdi. Ziyaretinde yo\u011fun ilgi ve sevgi seli ile kar\u015f\u0131la\u015fan Ba\u015fkan G\u00fcltak, esnaf ve al\u0131\u015fveri\u015fe \u00e7\u0131kan vatanda\u015flara geri d\u00f6n\u00fc\u015f\u00fcm\u00fc m\u00fcmk\u00fcn al\u0131\u015fveri\u015f \u00e7antas\u0131 hediye etti. G\u00f6reve geldi\u011fi ilk g\u00fcnden beri mahalle ve esnaf ziyaretlerine aral\u0131ks\u0131z devam eden Akdeniz [&hellip;]<\/p>\n","protected":false},"author":2,"featured_media":29288,"comment_status":"open","ping_status":"open","sticky":false,"template":"","format":"standard","meta":{"footnotes":""},"categories":[2,3],"tags":[],"class_list":["post-29287","post","type-post","status-publish","format-standard","has-post-thumbnail","hentry","category-gundem","category-manset"],"views":2,"_links":{"self":[{"href":"https:\/\/mersinkadingazetesi.com\/index.php?rest_route=\/wp\/v2\/posts\/29287"}],"collection":[{"href":"https:\/\/mersinkadingazetesi.com\/index.php?rest_route=\/wp\/v2\/posts"}],"about":[{"href":"https:\/\/mersinkadingazetesi.com\/index.php?rest_route=\/wp\/v2\/types\/post"}],"author":[{"embeddable":true,"href":"https:\/\/mersinkadingazetesi.com\/index.php?rest_route=\/wp\/v2\/users\/2"}],"replies":[{"embeddable":true,"href":"https:\/\/mersinkadingazetesi.com\/index.php?rest_route=%2Fwp%2Fv2%2Fcomments&post=29287"}],"version-history":[{"count":0,"href":"https:\/\/mersinkadingazetesi.com\/index.php?rest_route=\/wp\/v2\/posts\/29287\/revisions"}],"wp:featuredmedia":[{"embeddable":true,"href":"https:\/\/mersinkadingazetesi.com\/index.php?rest_route=\/wp\/v2\/media\/29288"}],"wp:attachment":[{"href":"https:\/\/mersinkadingazetesi.com\/index.php?rest_route=%2Fwp%2Fv2%2Fmedia&parent=29287"}],"wp:term":[{"taxonomy":"category","embeddable":true,"href":"https:\/\/mersinkadingazetesi.com\/index.php?rest_route=%2Fwp%2Fv2%2Fcategories&post=29287"},{"taxonomy":"post_tag","embeddable":true,"href":"https:\/\/mersinkadingazetesi.com\/index.php?rest_route=%2Fwp%2Fv2%2Ftags&post=29287"}],"curies":[{"name":"wp","href":"https:\/\/api.w.org\/{rel}","templated":true}]}}