{"id":29302,"date":"2023-12-11T12:44:13","date_gmt":"2023-12-11T09:44:13","guid":{"rendered":"http:\/\/mersinkadingazetesi.com\/?p=29302"},"modified":"2023-12-11T12:44:13","modified_gmt":"2023-12-11T09:44:13","slug":"yuvasiz-kus-kalmasin","status":"publish","type":"post","link":"https:\/\/mersinkadingazetesi.com\/?p=29302","title":{"rendered":"Yuvas\u0131z Ku\u015f Kalmas\u0131n"},"content":{"rendered":"<p>Bozyaz\u0131 Kaymakaml\u0131\u011f\u0131 taraf\u0131ndan d\u00fczenlenen \u201cYuvas\u0131z Ku\u015f Kalmas\u0131n\u201d etkinli\u011fine Bozyaz\u0131 Orman \u0130\u015fletme M\u00fcd\u00fcrl\u00fc\u011f\u00fc olarak kat\u0131ld\u0131k.<\/p>\n<p>Etkinlikte, Bozyaz\u0131 \u0130l\u00e7e M\u00fcft\u00fcl\u00fc\u011f\u00fc, Bozyaz\u0131 Halk E\u011fitim Merkezi M\u00fcd\u00fcrl\u00fc\u011f\u00fc ile birlikte Denizciler K\u0131z Kur&#8217;an Kursu\u2019nda yap\u0131m\u0131 tamamlanan ku\u015f yuvalar\u0131, boyanarak yeni sahiplerinin kullan\u0131m\u0131 i\u00e7in haz\u0131r hale getirildi.<\/p>\n<p>D\u00fcnyada hi\u00e7bir ku\u015f yuvas\u0131z kalmas\u0131n.<\/p>\n","protected":false},"excerpt":{"rendered":"<p>Bozyaz\u0131 Kaymakaml\u0131\u011f\u0131 taraf\u0131ndan d\u00fczenlenen \u201cYuvas\u0131z Ku\u015f Kalmas\u0131n\u201d etkinli\u011fine Bozyaz\u0131 Orman \u0130\u015fletme M\u00fcd\u00fcrl\u00fc\u011f\u00fc olarak kat\u0131ld\u0131k. Etkinlikte, Bozyaz\u0131 \u0130l\u00e7e M\u00fcft\u00fcl\u00fc\u011f\u00fc, Bozyaz\u0131 Halk E\u011fitim Merkezi M\u00fcd\u00fcrl\u00fc\u011f\u00fc ile birlikte Denizciler K\u0131z Kur&#8217;an Kursu\u2019nda yap\u0131m\u0131 tamamlanan ku\u015f yuvalar\u0131, boyanarak yeni sahiplerinin kullan\u0131m\u0131 i\u00e7in haz\u0131r hale getirildi. D\u00fcnyada hi\u00e7bir ku\u015f yuvas\u0131z kalmas\u0131n.<\/p>\n","protected":false},"author":2,"featured_media":29303,"comment_status":"open","ping_status":"open","sticky":false,"template":"","format":"standard","meta":{"footnotes":""},"categories":[3],"tags":[],"class_list":["post-29302","post","type-post","status-publish","format-standard","has-post-thumbnail","hentry","category-manset"],"views":3,"_links":{"self":[{"href":"https:\/\/mersinkadingazetesi.com\/index.php?rest_route=\/wp\/v2\/posts\/29302"}],"collection":[{"href":"https:\/\/mersinkadingazetesi.com\/index.php?rest_route=\/wp\/v2\/posts"}],"about":[{"href":"https:\/\/mersinkadingazetesi.com\/index.php?rest_route=\/wp\/v2\/types\/post"}],"author":[{"embeddable":true,"href":"https:\/\/mersinkadingazetesi.com\/index.php?rest_route=\/wp\/v2\/users\/2"}],"replies":[{"embeddable":true,"href":"https:\/\/mersinkadingazetesi.com\/index.php?rest_route=%2Fwp%2Fv2%2Fcomments&post=29302"}],"version-history":[{"count":0,"href":"https:\/\/mersinkadingazetesi.com\/index.php?rest_route=\/wp\/v2\/posts\/29302\/revisions"}],"wp:featuredmedia":[{"embeddable":true,"href":"https:\/\/mersinkadingazetesi.com\/index.php?rest_route=\/wp\/v2\/media\/29303"}],"wp:attachment":[{"href":"https:\/\/mersinkadingazetesi.com\/index.php?rest_route=%2Fwp%2Fv2%2Fmedia&parent=29302"}],"wp:term":[{"taxonomy":"category","embeddable":true,"href":"https:\/\/mersinkadingazetesi.com\/index.php?rest_route=%2Fwp%2Fv2%2Fcategories&post=29302"},{"taxonomy":"post_tag","embeddable":true,"href":"https:\/\/mersinkadingazetesi.com\/index.php?rest_route=%2Fwp%2Fv2%2Ftags&post=29302"}],"curies":[{"name":"wp","href":"https:\/\/api.w.org\/{rel}","templated":true}]}}