{"id":29329,"date":"2023-12-12T12:57:36","date_gmt":"2023-12-12T09:57:36","guid":{"rendered":"http:\/\/mersinkadingazetesi.com\/?p=29329"},"modified":"2023-12-12T12:57:36","modified_gmt":"2023-12-12T09:57:36","slug":"deva-partili-ekmen-tbmmdeki-butce-maratonu-boyunca-mersini-konustu","status":"publish","type":"post","link":"https:\/\/mersinkadingazetesi.com\/?p=29329","title":{"rendered":"DEVA PART\u0130L\u0130 EKMEN,  TBMM\u2019DEK\u0130 \u201cB\u00dcT\u00c7E MARATONU\u201d BOYUNCA MERS\u0130N\u2019\u0130 KONU\u015eTU"},"content":{"rendered":"<p>DEVA Partisi Genel Ba\u015fkan Yard\u0131mc\u0131s\u0131 ve Mersin Milletvekili Mehmet Emin Ekmen, 21 Ekim\u2019de ba\u015flayan ve 25 Kas\u0131m\u2019da sona eren 2022 Kesin Hesap Kanunun ve 2024 B\u00fct\u00e7e Kanunu Teklifinin g\u00f6r\u00fc\u015f\u00fcld\u00fc\u011f\u00fc \u201cB\u00fct\u00e7e Maratonu\u201d boyunca TBMM Plan ve B\u00fct\u00e7e Komisyonu\u2019nda Mersin\u2019in sorunlar\u0131n\u0131 muhatap bakanlar\u0131na iletip, 2024 B\u00fct\u00e7esinde dikkate al\u0131nmas\u0131n\u0131 istedi.<\/p>\n<p>Ticaret Bakan\u0131\u2019n\u0131n dikkatini iki konuya \u00e7ekti<\/p>\n<p>Ekmen, 1 Kas\u0131m\u2019da Ticaret Bakan\u0131\u2019n\u0131n dikkatini iki konuya \u00e7ekti. Birincisi Mersin\u2019in T\u00fcrkiye ihracat\u0131ndaki pay\u0131na ve vergi \u00f6deme y\u00fczdesi bak\u0131m\u0131ndan alt\u0131nc\u0131 s\u0131rada oldu\u011funu belirterek Ana Konteyner Liman\u0131\u2019n\u0131n \u00f6nemine de\u011findi. Bundan 15 y\u0131l \u00f6nce Filyos, \u00c7andarl\u0131 ve Ana Konteyner Liman\u0131\u2019n\u0131n in\u015fa edilece\u011fine karar verildi\u011fi halde Filyos Liman\u0131 tamamlanm\u0131\u015f ve \u00c7andarl\u0131 Liman\u0131 bitme a\u015famas\u0131na geldi\u011fi halde Ana Konteyner Liman\u0131 i\u00e7in hi\u00e7bir ad\u0131m at\u0131lmam\u0131\u015ft\u0131r. Ekmen, Liman\u0131n in\u015fas\u0131 i\u00e7in Bakanl\u0131\u011f\u0131n katk\u0131lar\u0131n\u0131 beklediklerini ifade etti. \u0130kinci olarak narenciye \u00fcreticisinin sorunlar\u0131n\u0131 dile getiren Ekmen, \u00fcreticiye verilen DF\u0130F deste\u011fini g\u00fcndeme getirdi. Ekmen, narenciyede %75\u2019e varan rekolte art\u0131\u015f\u0131 beklendi\u011fi i\u00e7in i\u00e7 pazarda t\u00fcketilmesi m\u00fcmk\u00fcn de\u011fildir bu y\u00fczden ihracat deste\u011fine ihtiyac\u0131 oldu\u011funu dile getirdi.<\/p>\n<p>Narenciye \u00fcreticisinin sorunlar\u0131na \u00e7\u00f6z\u00fcm istedi<\/p>\n<p>Ekmen, 13 Kas\u0131m\u2019da Tar\u0131m ve Orman Bakan\u0131\u2019na narenciye \u00fcreticisinin sorunlar\u0131na \u00e7\u00f6z\u00fcm bulmas\u0131n\u0131 \u00f6nerdi. Mayer limon ve Enter limonun fiyat\u0131na de\u011finen Ekmen, limonun i\u015f\u00e7i maliyetlerini kar\u015f\u0131lanmad\u0131\u011f\u0131 i\u00e7in toplanamad\u0131\u011f\u0131n\u0131 belirtti. Bu y\u0131l b\u00fcy\u00fck rekolte art\u0131\u015f\u0131 beklendi\u011fini ve pandemiyle beraber ihracat\u0131n sekteye u\u011frad\u0131\u011f\u0131n\u0131 s\u00f6yleyen Ekmen, TMO gibi \u00e7ift\u00e7iyi desteklemek i\u00e7in kurulmu\u015f devlet kurumlar\u0131n\u0131n \u00e7ift\u00e7iyi rahatlatmak i\u00e7in en az\u0131ndan 300-400 bin tonluk bir al\u0131m yapmas\u0131 gerekti\u011fini ifade etti.<\/p>\n<p>Mesleki e\u011fitim problemine dikkat \u00e7ekti<\/p>\n<p>Mehmet Emin Ekmen, 14 Kas\u0131m\u2019da birka\u00e7 konuyu ifade etmek istedi\u011fini s\u00f6yledikten sonra \u201c\u0130lki, se\u00e7im b\u00f6lgem Mersin\u2019de sanayinin en \u00f6nemli problemlerinden biri olan mesleki e\u011fitim konusu.\u201d diyerek Mersin\u2019de ve di\u011fer bir\u00e7ok sanayi kentinde ya\u015fanan kalifiye eleman ve bunun sebebi olan mesleki e\u011fitimdeki sorunlar\u0131 g\u00fcndeme getirdi. Ekmen, Milli E\u011fitim Bakan\u0131\u2019na; \u201cBen eminim ki bu d\u00f6nemde mesleki e\u011fitimi oda\u011f\u0131n\u0131za alarak T\u00fcrkiye\u2019de \u00fcniversite \u00f6\u011frencilerinin i\u015f bulamad\u0131\u011f\u0131 ama ayn\u0131 zamanda sanayinin de eleman bulamad\u0131\u011f\u0131 bu k\u00f6t\u00fc a\u00e7maza son verecek politikalar geli\u015ftirebilirsiniz.\u201d diyerek ya\u015fanan problemi dile getirdi. Ayr\u0131ca Mesleki ve Teknik Liselerde \u00f6\u011frencilere verilen deste\u011fin oransal olarak azald\u0131\u011f\u0131n\u0131 belirtti.<\/p>\n<p>Mersin\u2019de turizmin geli\u015ftirilmesini istedi<\/p>\n<p>Ekmen, 15 Kas\u0131m\u2019da K\u00fclt\u00fcr ve Turizm Bakan\u0131\u2019na hitaben \u201cSay\u0131n Bakan\u0131m, k\u0131ymetli b\u00fcrokratlar\u0131; unutulmu\u015f, ihmal edilmi\u015f, hatta yok say\u0131lm\u0131\u015f bir \u015fehre, se\u00e7im b\u00f6lgem Mersin\u2019e dikkatinizi \u00e7ekmek istiyorum. Bu sitemk\u00e2r s\u00f6zlerin amac\u0131, \u015f\u00fcphesiz sizi tariz etmek de\u011fil, kuvvetli bir \u015fekilde, Mersin\u2019in sorunlar\u0131na dikkatinizi \u00e7ekebilmektir\u201d dedi. Ekmen, konu\u015fmas\u0131n\u0131n devam\u0131nda Mersin \u015eehri\u2019nin tarihi, k\u00fclt\u00fcrel, turistik ve co\u011frafi potansiyelini dile getirerek yap\u0131lan ihmalleri ve yok say\u0131lm\u0131\u015fl\u0131\u011f\u0131 dile getirdi. \u00d6zellikle ula\u015f\u0131m ve altyap\u0131 sorunlar\u0131n\u0131 dile getiren Ekmen, \u201cula\u015f\u0131lamayan bir \u015fehir turizm \u015fehri olamaz\u201d dedi. Havaliman\u0131n\u0131n 15 y\u0131ld\u0131r bitirilemedi\u011fini ve Akdeniz sahil yolunun yar\u0131s\u0131n\u0131n bile yap\u0131lmad\u0131\u011f\u0131n\u0131 belirten Ekmen; Karacao\u011flan An\u0131t\u0131\u2019n\u0131n ve Tarsus G\u00fclek Kalesi\u2019nin restorasyon ve yol ihtiyac\u0131 oldu\u011funu s\u00f6yledi. UNESCO D\u00fcnya Ge\u00e7ici Listesi\u2019nde yer alan Saint Paul Kuyusu, Alahan Manast\u0131r\u0131 ve Mamure Kalesi\u2019nin ana listeye al\u0131nmas\u0131 i\u00e7in \u00e7aba g\u00f6sterilmesi gerekti\u011fini belirten Ekmen, Turizm Geli\u015ftirme Fonu\u2019ndan da Mersin i\u00e7in pay istedi.<\/p>\n<p>Mersin\u2019in ula\u015ft\u0131rma ve altyap\u0131 problemlerini s\u0131ralad\u0131<\/p>\n<p>Ekmen, 23 Kas\u0131m\u2019da Ula\u015ft\u0131rma ve Altyap\u0131 Bakanl\u0131\u011f\u0131 B\u00fct\u00e7esi\u2019nin ele al\u0131nd\u0131\u011f\u0131 s\u0131rada Mersin\u2019in ula\u015ft\u0131rma ve altyap\u0131 konusundaki problemlerini bir bir ele alarak Say\u0131n Bakan\u2019a iletti. Ekmen konu\u015fmas\u0131nda \u00f6zellikle liman, yol ve rayl\u0131 sistem konusundaki eksikliklerin alt\u0131n\u0131 \u00e7izdi. Ekmen Mersin Ana Konteyner Liman\u0131\u2019n\u0131n \u00c7ED Raporunun s\u00fcresinin bile doldu\u011funu ve bir an \u00f6nce yenilenerek yap\u0131m\u0131na ba\u015flanmas\u0131 gerekti\u011fini s\u00f6yledi. Akdeniz sahil yolu projesinin ve bunun bir par\u00e7as\u0131 olan \u00c7e\u015fmeli-Ta\u015fucu yolunun bitirilmesi gerekti\u011fini belirten Ekmen, OSB ba\u011flant\u0131 yolunun a\u00e7\u0131lmas\u0131 gerekti\u011fini ifade etti. Ankara ve Gaziantep ba\u011flant\u0131l\u0131 H\u0131zl\u0131 Tren yap\u0131lmas\u0131 taleplerini dile getiren Ekmen, \u00c7ukurova Havaliman\u0131\u2019n\u0131n neden hala bitirilemedi\u011fini sordu. Ekmen, son olarak di\u011fer b\u00fcy\u00fck\u015fehirlerde oldu\u011fu gibi Merkezi B\u00fct\u00e7e deste\u011fiyle Mersin\u2019de de \u015fehir i\u00e7i rayl\u0131 sistemin yap\u0131lmas\u0131 gerekti\u011fini ifade etti.<\/p>\n<p>Mehmet Emin Ekmen, 24 Kas\u0131m\u2019daki toplant\u0131da yapm\u0131\u015f oldu\u011fu konu\u015fmay\u0131 ise, yine Mersin\u2019e dikkatleri \u00e7ekerek, \u015f\u00f6yle bitirmi\u015fti: \u201cSay\u0131n Cumhurba\u015fkan\u0131 Yard\u0131mc\u0131m\u0131z, Mersin ilinin Milletvekiliyim, sizden istirham\u0131m, bu y\u0131l\u0131n b\u00fct\u00e7esini da\u011f\u0131t\u0131rken son yirmi iki y\u0131lda Mersin\u2019i \u0130zmir ve Antalya gibi 2 b\u00fcy\u00fck\u015fehir belediyemizle k\u0131yaslayarak hak etti\u011fi b\u00fct\u00e7eyi ay\u0131rman\u0131zd\u0131r.\u201d<\/p>\n","protected":false},"excerpt":{"rendered":"<p>DEVA Partisi Genel Ba\u015fkan Yard\u0131mc\u0131s\u0131 ve Mersin Milletvekili Mehmet Emin Ekmen, 21 Ekim\u2019de ba\u015flayan ve 25 Kas\u0131m\u2019da sona eren 2022 Kesin Hesap Kanunun ve 2024 B\u00fct\u00e7e Kanunu Teklifinin g\u00f6r\u00fc\u015f\u00fcld\u00fc\u011f\u00fc \u201cB\u00fct\u00e7e Maratonu\u201d boyunca TBMM Plan ve B\u00fct\u00e7e Komisyonu\u2019nda Mersin\u2019in sorunlar\u0131n\u0131 muhatap bakanlar\u0131na iletip, 2024 B\u00fct\u00e7esinde dikkate al\u0131nmas\u0131n\u0131 istedi. Ticaret Bakan\u0131\u2019n\u0131n dikkatini iki konuya \u00e7ekti Ekmen, 1 [&hellip;]<\/p>\n","protected":false},"author":2,"featured_media":29330,"comment_status":"open","ping_status":"open","sticky":false,"template":"","format":"standard","meta":{"footnotes":""},"categories":[3,6],"tags":[],"class_list":["post-29329","post","type-post","status-publish","format-standard","has-post-thumbnail","hentry","category-manset","category-siyaset-2"],"views":1,"_links":{"self":[{"href":"https:\/\/mersinkadingazetesi.com\/index.php?rest_route=\/wp\/v2\/posts\/29329"}],"collection":[{"href":"https:\/\/mersinkadingazetesi.com\/index.php?rest_route=\/wp\/v2\/posts"}],"about":[{"href":"https:\/\/mersinkadingazetesi.com\/index.php?rest_route=\/wp\/v2\/types\/post"}],"author":[{"embeddable":true,"href":"https:\/\/mersinkadingazetesi.com\/index.php?rest_route=\/wp\/v2\/users\/2"}],"replies":[{"embeddable":true,"href":"https:\/\/mersinkadingazetesi.com\/index.php?rest_route=%2Fwp%2Fv2%2Fcomments&post=29329"}],"version-history":[{"count":0,"href":"https:\/\/mersinkadingazetesi.com\/index.php?rest_route=\/wp\/v2\/posts\/29329\/revisions"}],"wp:featuredmedia":[{"embeddable":true,"href":"https:\/\/mersinkadingazetesi.com\/index.php?rest_route=\/wp\/v2\/media\/29330"}],"wp:attachment":[{"href":"https:\/\/mersinkadingazetesi.com\/index.php?rest_route=%2Fwp%2Fv2%2Fmedia&parent=29329"}],"wp:term":[{"taxonomy":"category","embeddable":true,"href":"https:\/\/mersinkadingazetesi.com\/index.php?rest_route=%2Fwp%2Fv2%2Fcategories&post=29329"},{"taxonomy":"post_tag","embeddable":true,"href":"https:\/\/mersinkadingazetesi.com\/index.php?rest_route=%2Fwp%2Fv2%2Ftags&post=29329"}],"curies":[{"name":"wp","href":"https:\/\/api.w.org\/{rel}","templated":true}]}}