{"id":29356,"date":"2023-12-13T12:59:01","date_gmt":"2023-12-13T09:59:01","guid":{"rendered":"http:\/\/mersinkadingazetesi.com\/?p=29356"},"modified":"2023-12-13T12:59:01","modified_gmt":"2023-12-13T09:59:01","slug":"deva-partili-ekmen-dort-bakana-mevsimlik-tarim-iscilerini-hatirlatti","status":"publish","type":"post","link":"https:\/\/mersinkadingazetesi.com\/?p=29356","title":{"rendered":"DEVA PART\u0130L\u0130 EKMEN,  D\u00d6RT BAKANA MEVS\u0130ML\u0130K TARIM \u0130\u015e\u00c7\u0130LER\u0130N\u0130 HATIRLATTI"},"content":{"rendered":"<p>DEVA Partisi Genel Ba\u015fkan Yard\u0131mc\u0131s\u0131 ve Mersin Milletvekili Mehmet Emin Ekmen, 21 Ekim\u2019de ba\u015flayan ve 25 Kas\u0131m\u2019da sona eren 2022 Kesin Hesap Kanunu\u2019nun ve 2024 B\u00fct\u00e7e Kanunu Teklifi\u2019nin g\u00f6r\u00fc\u015f\u00fcld\u00fc\u011f\u00fc s\u00fcre zarf\u0131nda TBMM Plan ve B\u00fct\u00e7e Komisyonu\u2019nda mevsimlik tar\u0131m i\u015f\u00e7ilerinin sorunlar\u0131n\u0131 ilgili bakanlara iletip, 2024 B\u00fct\u00e7esi ve bakanl\u0131k program\u0131nda bu hususun dikkate al\u0131nmas\u0131n\u0131 istedi.<\/p>\n<p>2 Kas\u0131m\u2019daki Komisyon toplant\u0131s\u0131nda \u00c7al\u0131\u015fma ve Sosyal G\u00fcvenlik Bakan\u0131na hitap eden Ekmen, beden g\u00fcc\u00fcne dayal\u0131 \u00e7al\u0131\u015fan tar\u0131m i\u015f\u00e7ileriyle bunun en \u00f6nemli payda\u015f\u0131 olan mevsimlik tar\u0131m i\u015f\u00e7ilerinin sorunlar\u0131na dikkat \u00e7ekmek istedi\u011fini belirtti. Daha \u00f6nce 19 maddeden olu\u015fan mevsimlik tar\u0131m i\u015f\u00e7ilerinin transferi, konaklamas\u0131, \u00fccretleri, sa\u011fl\u0131\u011f\u0131, e\u011fitimi ve daha bir\u00e7ok detayda \u00f6nemli olan 2010\/6 say\u0131l\u0131 Genelge i\u00e7in \u00e7abalad\u0131klar\u0131n\u0131 ve nihayetinde yay\u0131nland\u0131\u011f\u0131 belirten Ekmen, Genelgenin daha sonra 2017\/6 say\u0131l\u0131 Genelgeyle yenilendi\u011fini ancak yeni h\u00fck\u00fcmet sistemine ge\u00e7i\u015fle beraber bu Ba\u015fbakanl\u0131k Genelgelerinin izlerini bulamad\u0131klar\u0131n\u0131 ifade etti. Ekmen, 36 maddeden olu\u015fan ve kapsaml\u0131 bir eylem plan\u0131 i\u00e7eren bu genelgenin yenilenmi\u015f bir versiyonun varsa kamuoyuyla payla\u015f\u0131lmas\u0131n\u0131 istedi.<\/p>\n<p>Mevsimlik tar\u0131m i\u015f\u00e7isi g\u00f6\u00e7\u00fc veren 22 ilin ve g\u00f6\u00e7 alan 22 ilin oldu\u011funu belirten Ekmen, bu iller aras\u0131nda koordinasyon olmad\u0131\u011f\u0131n\u0131, \u00e7ocuklar\u0131n e\u011fitimden yoksun kald\u0131\u011f\u0131n\u0131 ve kad\u0131nlar\u0131n ma\u011fdur oldu\u011funu ifade etti. Ekmen, bu Genelge do\u011frultusunda ba\u015flat\u0131lan MET\u0130P 1 Projesine de\u011finerek uygulanmas\u0131 i\u00e7in valilere ve b\u00fcrokratlara gerekli talimatlar\u0131n verilmesini talep etti. Ekmen, s\u00f6zlerinin devam\u0131nda ya\u015fanan ma\u011fduriyetleri \u015f\u00f6yle anlatt\u0131:<\/p>\n<p>\u201cSay\u0131n Bakan\u0131m, dikkatinizi \u00e7ekmek isterim ki sadece bu sezonda mevsimlik tar\u0131m i\u015f\u00e7ilerimizin kar\u0131\u015ft\u0131\u011f\u0131 trafik kazalar\u0131nda 18 \u00f6l\u00fc, 178 yaral\u0131m\u0131z var. Gittikleri yerde -biliyorsunuz bu g\u00f6\u00e7 daha \u00e7ok bat\u0131dan do\u011fuya do\u011fru yap\u0131lmaktad\u0131r- kimliklerinden dolay\u0131 \u00f6tekile\u015ftirilmek ba\u015fta olmak \u00fczere, bir\u00e7ok sosyal problemin taraf\u0131 haline d\u00f6n\u00fc\u015fmektedirler, s\u0131k s\u0131k adli vakalar ya\u015fanmaktad\u0131r. Oysa, valiler bu projenin ve bu genelgenin gere\u011fini uygulayacak olursa hi\u00e7bir soru ya\u015famadan biz bu d\u00f6nemi, bu sezonlar\u0131 rahatl\u0131kla kapatabiliriz. Biliyorsunuz, domatesle ba\u015flar, narenciyeyle devam eder, f\u0131nd\u0131kla biter bu mevsimlik tar\u0131m i\u015f\u00e7isi g\u00f6\u00e7\u00fc.\u201d<\/p>\n<p>13 Kas\u0131m\u2019daki Komisyon toplant\u0131s\u0131nda Tar\u0131m ve Orman Bakan\u0131\u2019na hitap eden Ekmen, mevsimlik tar\u0131m i\u015f\u00e7ilerinin sorunlar\u0131n\u0131 \u015f\u00f6yle dile getirdi: \u201cDaha \u00f6nce yay\u0131nlanm\u0131\u015f olan ancak maalesef hakk\u0131yla uygulanmam\u0131\u015f olan \u00c7al\u0131\u015fma Bakanl\u0131\u011f\u0131\u2019n\u0131n \u2018MET\u0130P 1\u2019 ba\u015fl\u0131kl\u0131 mevsimlik tar\u0131m i\u015f\u00e7ilerinin sorunlar\u0131n\u0131 takip eden programla Bakanl\u0131\u011f\u0131n\u0131z da ilgilenir ve ilgili valilikler ve il m\u00fcd\u00fcrlerimizin de dikkatini \u00e7ekerseniz mevsimlik tar\u0131m i\u015f\u00e7ilerinin \u015fartlar\u0131n\u0131n iyile\u015ftirilmesi, beden g\u00fcc\u00fcne dayal\u0131 tar\u0131m i\u015f\u00e7ilerinin temininde de \u00e7ok \u00f6nemli kolayl\u0131klar sa\u011flayacakt\u0131r.\u201d<\/p>\n<p>14 Kas\u0131m\u2019da Mill\u00ee E\u011fitim Bakanl\u0131\u011f\u0131n\u0131n B\u00fct\u00e7esinin g\u00f6r\u00fc\u015f\u00fcld\u00fc\u011f\u00fc s\u0131rada konuyu g\u00fcndeme getiren Ekmen \u015fu s\u00f6zleri sarfetti: \u201cSay\u0131n Bakan\u0131m. Bir ba\u015fka konu ise mevsimlik tar\u0131m i\u015f\u00e7ileriyle ilgili y\u00fcr\u00fct\u00fclen MET\u0130P 1 projesi. Ana sorumlu \u00c7al\u0131\u015fma Bakanl\u0131\u011f\u0131. D\u00f6rt ba\u015f\u0131 mamur ve m\u00fckemmel bir genelge var ancak uygulanm\u0131yor. D\u00fcn Tar\u0131m Bakan\u0131m\u0131za da s\u00f6yledim, l\u00fctfen MET\u0130P -2 projesini b\u00fcrokratlar\u0131n\u0131z projeksiyon alt\u0131na als\u0131n ve bu projenin gere\u011fi olan \u00e7ocuklar ve yeti\u015fkin e\u011fitiminin hayat boyu \u00f6\u011frenme taraf\u0131ndan nas\u0131l bir \u015fekilde ele al\u0131nabilece\u011fi d\u00fczenlenmi\u015ftir. Say\u0131n Bakan\u0131m, b\u00fcrokratlar\u0131m\u0131z bu konuda bir katk\u0131da bulunsun diyorum.\u201d<\/p>\n<p>\u2018MET\u0130P 2 Projesi y\u00fcr\u00fcrl\u00fckte ancak maalesef bunun gere\u011fi uygulanmamakta\u2019<\/p>\n<p>Son olarak 22 Kas\u0131m\u2019daki Komisyon toplant\u0131s\u0131nda mevsimlik tar\u0131m i\u015f\u00e7ilerinin aile ve \u00e7ocuklar\u0131n\u0131n mahrum kald\u0131\u011f\u0131 imkanlar ba\u011flam\u0131nda ele alan Ekmen, Aile ve Sosyal Hizmetler Bakan\u0131\u2019n\u0131n dikkatine \u015fu s\u00f6zlerle sunmu\u015ftur:<\/p>\n<p>\u201cMevsimlik tar\u0131m i\u015f\u00e7ileri dedi\u011fimizde kad\u0131n ve \u00e7ocuklar\u0131n ma\u011fdur oldu\u011fu bir \u00e7al\u0131\u015fma hayat\u0131ndan bahsediyoruz. Bu konuda 2010 ve 2017 y\u0131l\u0131nda yay\u0131nlanm\u0131\u015f Ba\u015fbakanl\u0131k Genelgeleri var, ger\u00e7ekten d\u00f6rt ba\u015f\u0131 mamur m\u00fckemmel genelgeler. Bu genelgeler koordinasyon g\u00f6revini \u00c7al\u0131\u015fma Bakan\u0131na veriyor. Say\u0131n Bakan\u0131m, MET\u0130P 1 ve MET\u0130P 2. MET\u0130P 2 Projesi olarak \u015fu anda y\u00fcr\u00fcrl\u00fckte ancak maalesef bunun gere\u011fi uygulanmamakta. Bu konuda arzu ederseniz Bakanl\u0131k b\u00fcrokratlar\u0131yla da -2007 y\u0131l\u0131ndan beri ilgilendi\u011fim bir konu- tecr\u00fcbe aktar\u0131m\u0131nda bulunabiliriz ama Bakanl\u0131\u011f\u0131n\u0131z\u0131n l\u00fctfen MET\u0130P 2 Projesini projeksiyon alt\u0131na almas\u0131n\u0131 rica ediyoruz.\u201d<\/p>\n","protected":false},"excerpt":{"rendered":"<p>DEVA Partisi Genel Ba\u015fkan Yard\u0131mc\u0131s\u0131 ve Mersin Milletvekili Mehmet Emin Ekmen, 21 Ekim\u2019de ba\u015flayan ve 25 Kas\u0131m\u2019da sona eren 2022 Kesin Hesap Kanunu\u2019nun ve 2024 B\u00fct\u00e7e Kanunu Teklifi\u2019nin g\u00f6r\u00fc\u015f\u00fcld\u00fc\u011f\u00fc s\u00fcre zarf\u0131nda TBMM Plan ve B\u00fct\u00e7e Komisyonu\u2019nda mevsimlik tar\u0131m i\u015f\u00e7ilerinin sorunlar\u0131n\u0131 ilgili bakanlara iletip, 2024 B\u00fct\u00e7esi ve bakanl\u0131k program\u0131nda bu hususun dikkate al\u0131nmas\u0131n\u0131 istedi. 2 Kas\u0131m\u2019daki [&hellip;]<\/p>\n","protected":false},"author":2,"featured_media":29357,"comment_status":"open","ping_status":"open","sticky":false,"template":"","format":"standard","meta":{"footnotes":""},"categories":[8,2,3],"tags":[],"class_list":["post-29356","post","type-post","status-publish","format-standard","has-post-thumbnail","hentry","category-ekonomi","category-gundem","category-manset"],"views":4,"_links":{"self":[{"href":"https:\/\/mersinkadingazetesi.com\/index.php?rest_route=\/wp\/v2\/posts\/29356"}],"collection":[{"href":"https:\/\/mersinkadingazetesi.com\/index.php?rest_route=\/wp\/v2\/posts"}],"about":[{"href":"https:\/\/mersinkadingazetesi.com\/index.php?rest_route=\/wp\/v2\/types\/post"}],"author":[{"embeddable":true,"href":"https:\/\/mersinkadingazetesi.com\/index.php?rest_route=\/wp\/v2\/users\/2"}],"replies":[{"embeddable":true,"href":"https:\/\/mersinkadingazetesi.com\/index.php?rest_route=%2Fwp%2Fv2%2Fcomments&post=29356"}],"version-history":[{"count":0,"href":"https:\/\/mersinkadingazetesi.com\/index.php?rest_route=\/wp\/v2\/posts\/29356\/revisions"}],"wp:featuredmedia":[{"embeddable":true,"href":"https:\/\/mersinkadingazetesi.com\/index.php?rest_route=\/wp\/v2\/media\/29357"}],"wp:attachment":[{"href":"https:\/\/mersinkadingazetesi.com\/index.php?rest_route=%2Fwp%2Fv2%2Fmedia&parent=29356"}],"wp:term":[{"taxonomy":"category","embeddable":true,"href":"https:\/\/mersinkadingazetesi.com\/index.php?rest_route=%2Fwp%2Fv2%2Fcategories&post=29356"},{"taxonomy":"post_tag","embeddable":true,"href":"https:\/\/mersinkadingazetesi.com\/index.php?rest_route=%2Fwp%2Fv2%2Ftags&post=29356"}],"curies":[{"name":"wp","href":"https:\/\/api.w.org\/{rel}","templated":true}]}}