{"id":29371,"date":"2023-12-14T12:58:18","date_gmt":"2023-12-14T09:58:18","guid":{"rendered":"http:\/\/mersinkadingazetesi.com\/?p=29371"},"modified":"2023-12-14T12:58:18","modified_gmt":"2023-12-14T09:58:18","slug":"israile-mal-sevkiyatini-durdurun","status":"publish","type":"post","link":"https:\/\/mersinkadingazetesi.com\/?p=29371","title":{"rendered":"\u201c\u0130srail\u2019e mal sevkiyat\u0131n\u0131 durdurun\u201d"},"content":{"rendered":"<p>DEVA Partisi Genel Ba\u015fkan Yard\u0131mc\u0131s\u0131 ve Mersin Milletvekili Mehmet Emin Ekmen, sosyal medya platformu \u201cX\u201d \u00fczerinden Ticaret Bakan\u0131 \u00d6mer Bolat\u2019\u0131n \u0130srail ile deniz ticareti hakk\u0131nda vermi\u015f oldu\u011fu r\u00f6portaj\u0131 etiketleyerek Bolat\u2019\u0131n yan\u0131ld\u0131\u011f\u0131n\u0131 ifade etti. Ekmen, iddias\u0131n\u0131 Ula\u015ft\u0131rma ve Altyap\u0131 Bakanl\u0131\u011f\u0131\u2019n\u0131n yay\u0131nlam\u0131\u015f oldu\u011fu denizcilik istatistiklerine dayand\u0131rd\u0131 ve elde etti\u011fi verileri bir tablo ile s\u00f6zlerine ekledi.<\/p>\n<p>Bakan Bolat, gazeteci Kemal \u00d6zt\u00fcrk\u2019e verdi\u011fi r\u00f6portajda Sava\u015f ba\u015flad\u0131\u011f\u0131ndan bu yana \u0130srail ile deniz ticaretinin %50 azald\u0131\u011f\u0131n\u0131 ifade etmi\u015fti. Mehmet Emin Ekmen ise Bakan Bolat\u2019a \u015f\u00f6yle cevap verdi:<\/p>\n<p>\u201cMaalesef Sn. Bakan\u2019\u0131n sahip oldu\u011fu bilgiler do\u011fru de\u011fil. A\u015fa\u011f\u0131da resmi verilerle \u0130srail ile yap\u0131lan ithalat ve ihracat rakamlar\u0131 var. Maalesef Ekim\u2019den bu yana \u0130srail ile yap\u0131lan ihracat da ithalat da artm\u0131\u015f. Bir kez daha s\u00f6yl\u00fcyoruz. Biz \u00fcr\u00fcnleri boykot ediyoruz, siz de ticareti azalt\u0131n. G\u0131da ve \u0130la\u00e7 d\u0131\u015f\u0131nda \u0130srail\u2019e mal sevkiyat\u0131n\u0131 durdurun.\u201d<\/p>\n<p>Ekmen\u2019in yay\u0131nlad\u0131\u011f\u0131 tabloda yer alan birikimli toplama bak\u0131ld\u0131\u011f\u0131nda Kas\u0131m sonu itibariyle toplamda 899.865 konteyner ithalat ve ihracat i\u00e7in gelip gitmi\u015ftir. Bu say\u0131 Eyl\u00fcl sonunda ise 745.259 olmu\u015ftu. Ayl\u0131k bazda bak\u0131ld\u0131\u011f\u0131nda ise Eyl\u00fcl sonunda 77.493 iken Ekim sonunda 86.337 olmu\u015ftur. Kas\u0131m ay\u0131nda ise boykotun ve sava\u015f ortam\u0131n\u0131n etkisiyle ticaret hacmi, art\u0131\u015f yerine biraz d\u00fc\u015f\u00fc\u015fe ge\u00e7mi\u015ftir. Fakat Say\u0131n Bakan\u2019\u0131n iddia etti\u011fi gibi ihracattaki k\u0131smi azalma %50 oran\u0131nda de\u011fildir.<\/p>\n<p>Ekmen, daha \u00f6nce de yapt\u0131\u011f\u0131 a\u00e7\u0131klamalarda, G\u0131da ve ila\u00e7 hari\u00e7 her t\u00fcrl\u00fc sevkiyat\u0131n durdurulmas\u0131 gerekti\u011fini, oysa a\u00e7\u0131k kaynaklardan elde edilen bilgilere g\u00f6re, katliam\u0131n ba\u015flad\u0131\u011f\u0131 6 Ekim\u2019den bu yana, yak\u0131t, askeri te\u00e7hizat, demir-\u00e7elik, \u00e7imento, kimyevi madde gibi do\u011frudan sava\u015f\u0131n bir par\u00e7as\u0131 olan y\u00fczlerce geminin \u0130srail limanlar\u0131na sevk edildi\u011fini belirtmi\u015fti.<\/p>\n","protected":false},"excerpt":{"rendered":"<p>DEVA Partisi Genel Ba\u015fkan Yard\u0131mc\u0131s\u0131 ve Mersin Milletvekili Mehmet Emin Ekmen, sosyal medya platformu \u201cX\u201d \u00fczerinden Ticaret Bakan\u0131 \u00d6mer Bolat\u2019\u0131n \u0130srail ile deniz ticareti hakk\u0131nda vermi\u015f oldu\u011fu r\u00f6portaj\u0131 etiketleyerek Bolat\u2019\u0131n yan\u0131ld\u0131\u011f\u0131n\u0131 ifade etti. Ekmen, iddias\u0131n\u0131 Ula\u015ft\u0131rma ve Altyap\u0131 Bakanl\u0131\u011f\u0131\u2019n\u0131n yay\u0131nlam\u0131\u015f oldu\u011fu denizcilik istatistiklerine dayand\u0131rd\u0131 ve elde etti\u011fi verileri bir tablo ile s\u00f6zlerine ekledi. Bakan Bolat, [&hellip;]<\/p>\n","protected":false},"author":2,"featured_media":29372,"comment_status":"open","ping_status":"open","sticky":false,"template":"","format":"standard","meta":{"footnotes":""},"categories":[3,6],"tags":[],"class_list":["post-29371","post","type-post","status-publish","format-standard","has-post-thumbnail","hentry","category-manset","category-siyaset-2"],"views":3,"_links":{"self":[{"href":"https:\/\/mersinkadingazetesi.com\/index.php?rest_route=\/wp\/v2\/posts\/29371"}],"collection":[{"href":"https:\/\/mersinkadingazetesi.com\/index.php?rest_route=\/wp\/v2\/posts"}],"about":[{"href":"https:\/\/mersinkadingazetesi.com\/index.php?rest_route=\/wp\/v2\/types\/post"}],"author":[{"embeddable":true,"href":"https:\/\/mersinkadingazetesi.com\/index.php?rest_route=\/wp\/v2\/users\/2"}],"replies":[{"embeddable":true,"href":"https:\/\/mersinkadingazetesi.com\/index.php?rest_route=%2Fwp%2Fv2%2Fcomments&post=29371"}],"version-history":[{"count":0,"href":"https:\/\/mersinkadingazetesi.com\/index.php?rest_route=\/wp\/v2\/posts\/29371\/revisions"}],"wp:featuredmedia":[{"embeddable":true,"href":"https:\/\/mersinkadingazetesi.com\/index.php?rest_route=\/wp\/v2\/media\/29372"}],"wp:attachment":[{"href":"https:\/\/mersinkadingazetesi.com\/index.php?rest_route=%2Fwp%2Fv2%2Fmedia&parent=29371"}],"wp:term":[{"taxonomy":"category","embeddable":true,"href":"https:\/\/mersinkadingazetesi.com\/index.php?rest_route=%2Fwp%2Fv2%2Fcategories&post=29371"},{"taxonomy":"post_tag","embeddable":true,"href":"https:\/\/mersinkadingazetesi.com\/index.php?rest_route=%2Fwp%2Fv2%2Ftags&post=29371"}],"curies":[{"name":"wp","href":"https:\/\/api.w.org\/{rel}","templated":true}]}}