{"id":29383,"date":"2023-12-15T12:54:54","date_gmt":"2023-12-15T09:54:54","guid":{"rendered":"http:\/\/mersinkadingazetesi.com\/?p=29383"},"modified":"2023-12-15T12:54:54","modified_gmt":"2023-12-15T09:54:54","slug":"mersin-kariyer-expo-2023-fuarina-yogun-ilgi","status":"publish","type":"post","link":"https:\/\/mersinkadingazetesi.com\/?p=29383","title":{"rendered":"MERS\u0130N KAR\u0130YER EXPO 2023 FUARINA YO\u011eUN \u0130LG\u0130"},"content":{"rendered":"<p>Mersin\u2019de 13-14 Aral\u0131k tarihlerinde \u00c7al\u0131\u015fma ve Sosyal G\u00fcvenlik Bakanl\u0131\u011f\u0131n\u0131n deste\u011fi ve Mersin Valili\u011fi himayesinde Mersin \u00c7al\u0131\u015fma ve \u0130\u015f Kurumu koordinesinde d\u00fczenlenen \u201cT\u00fcrkiye Y\u00fczy\u0131l\u0131nda \u0130stihdamda \u0130\u015f Birli\u011fi\u201d temal\u0131 Kariyer Expo istihdam fuar\u0131 13-14 Aral\u0131k 2023 tarihlerinde d\u00fczenlendi.<br \/>\nMersin Yeni\u015fehir EXPO Fuar merkezinde Mersin Valisi Ali Hamza Pehlivan, T\u00fcrkiye \u0130\u015f Kurumu D\u0131\u015f \u0130li\u015fkiler Daire Ba\u015fkan\u0131 O\u011fuzhan K\u00fcpeli, Mersin \u00c7al\u0131\u015fma ve \u0130\u015f Kurumu \u0130l M\u00fcd\u00fcr\u00fc Vekili Ercan G\u00f6n, MTSO Y\u00f6netim Kurulu Ba\u015fkan\u0131 Hakan Sefa \u00c7ak\u0131r\u2019\u0131n da kat\u0131ld\u0131\u011f\u0131 fuara vatanda\u015flar yo\u011fun ilgi g\u00f6sterdi.<br \/>\nMersin \u00c7al\u0131\u015fma ve \u0130\u015f Kurumu \u0130l M\u00fcd\u00fcr\u00fc Vekili Ercan G\u00f6n<br \/>\nD\u00fczenledi\u011fimiz fuar ile vatanda\u015flar\u0131m\u0131z\u0131n i\u015f g\u00fcc\u00fc piyasas\u0131na eri\u015fimini artt\u0131rarak istihdam hizmetlerine destek olmay\u0131 hedefliyoruz. Fuar\u0131m\u0131zda \u00e7ok say\u0131da firman\u0131n eleman talepleri kar\u015f\u0131lanacak.<br \/>\nT\u00fcrkiye \u0130\u015f Kurumu D\u0131\u015f \u0130li\u015fkiler Daire Ba\u015fkan\u0131 O\u011fuzhan K\u00fcpeli<br \/>\n\u0130\u015f ve Meslek Dan\u0131\u015fmanl\u0131\u011f\u0131 Hizmetlerinin Geli\u015ftirilmesi projesi kapsam\u0131nda d\u00fczenledi\u011fimiz istihdam fuar\u0131 ile sosyal ortaklar\u0131, i\u015fg\u00fcc\u00fc piyasas\u0131ndaki akt\u00f6rleri bir araya getiriyoruz. Buradaki etkinlikte de i\u015f arayanlar\u0131m\u0131z i\u015fverenlerimizle y\u00fcz y\u00fcze konu\u015fma f\u0131rsat\u0131 yakalayacak. \u0130\u015fverenlerimiz de kendileriyle m\u00fclakat yapma \u015fans\u0131 yakalayacak. Ayr\u0131ca \u00f6\u011frencilerimizde kariyer hedeflerine yeni bir ad\u0131m atm\u0131\u015f olacaklar.<br \/>\nMersin Valisi Ali Hamza Pehlivan,<br \/>\n\u201cOkullarda e\u011fitim verebiliriz. Sanayide, OSB&#8217;lerde yat\u0131r\u0131m yapabiliriz. Bunlar \u00e7ok \u00f6nemli olmakla birlikte, i\u015fverenle i\u015f arayanlar\u0131 da bulu\u015fturup, bu gayretleri sahaya yans\u0131tman\u0131n da ne kadar \u00f6nemli oldu\u011funu biliyoruz. Fuarlar buna imkan sa\u011flamaktad\u0131r. \u0130\u015f aray\u0131\u015f\u0131 i\u00e7erisinde olan, kariyer plan\u0131 yapmay\u0131 d\u00fc\u015f\u00fcnen, kariyer yapmak isteyen ama nereden ba\u015flayaca\u011f\u0131 konusunda teredd\u00fctler i\u00e7inde bulunan insan\u0131m\u0131z\u0131, vatanda\u015flar\u0131m\u0131z\u0131, gen\u00e7lerimizi bu ortamlar sayesinde i\u015f d\u00fcnyas\u0131yla bulu\u015fturuyoruz.<br \/>\n64 firman\u0131n kat\u0131l\u0131m sa\u011flad\u0131\u011f\u0131 Mersin KAR\u0130YER EXPO 2023\u2019\u00fc 4000\u2019den fazla i\u015f arayan ve \u00f6\u011frenci ziyaret ederek firmalar taraf\u0131ndan a\u00e7\u0131lan 600\u2019den fazla i\u015f ve ilan\u0131na ba\u015fvuru yapma \u015fans\u0131 yakalad\u0131. Fuar esnas\u0131nda d\u00fczenlenen 8 ayr\u0131 seminer ve 2 i\u015f kul\u00fcb\u00fc \u00e7al\u0131\u015fmas\u0131 ile vatanda\u015flar alan\u0131nda uzman konu\u015fmac\u0131lar\u0131n tecr\u00fcbelerinden de faydaland\u0131.<\/p>\n","protected":false},"excerpt":{"rendered":"<p>Mersin\u2019de 13-14 Aral\u0131k tarihlerinde \u00c7al\u0131\u015fma ve Sosyal G\u00fcvenlik Bakanl\u0131\u011f\u0131n\u0131n deste\u011fi ve Mersin Valili\u011fi himayesinde Mersin \u00c7al\u0131\u015fma ve \u0130\u015f Kurumu koordinesinde d\u00fczenlenen \u201cT\u00fcrkiye Y\u00fczy\u0131l\u0131nda \u0130stihdamda \u0130\u015f Birli\u011fi\u201d temal\u0131 Kariyer Expo istihdam fuar\u0131 13-14 Aral\u0131k 2023 tarihlerinde d\u00fczenlendi. Mersin Yeni\u015fehir EXPO Fuar merkezinde Mersin Valisi Ali Hamza Pehlivan, T\u00fcrkiye \u0130\u015f Kurumu D\u0131\u015f \u0130li\u015fkiler Daire Ba\u015fkan\u0131 O\u011fuzhan K\u00fcpeli, [&hellip;]<\/p>\n","protected":false},"author":2,"featured_media":29384,"comment_status":"open","ping_status":"open","sticky":false,"template":"","format":"standard","meta":{"footnotes":""},"categories":[3],"tags":[],"class_list":["post-29383","post","type-post","status-publish","format-standard","has-post-thumbnail","hentry","category-manset"],"views":22,"_links":{"self":[{"href":"https:\/\/mersinkadingazetesi.com\/index.php?rest_route=\/wp\/v2\/posts\/29383"}],"collection":[{"href":"https:\/\/mersinkadingazetesi.com\/index.php?rest_route=\/wp\/v2\/posts"}],"about":[{"href":"https:\/\/mersinkadingazetesi.com\/index.php?rest_route=\/wp\/v2\/types\/post"}],"author":[{"embeddable":true,"href":"https:\/\/mersinkadingazetesi.com\/index.php?rest_route=\/wp\/v2\/users\/2"}],"replies":[{"embeddable":true,"href":"https:\/\/mersinkadingazetesi.com\/index.php?rest_route=%2Fwp%2Fv2%2Fcomments&post=29383"}],"version-history":[{"count":0,"href":"https:\/\/mersinkadingazetesi.com\/index.php?rest_route=\/wp\/v2\/posts\/29383\/revisions"}],"wp:featuredmedia":[{"embeddable":true,"href":"https:\/\/mersinkadingazetesi.com\/index.php?rest_route=\/wp\/v2\/media\/29384"}],"wp:attachment":[{"href":"https:\/\/mersinkadingazetesi.com\/index.php?rest_route=%2Fwp%2Fv2%2Fmedia&parent=29383"}],"wp:term":[{"taxonomy":"category","embeddable":true,"href":"https:\/\/mersinkadingazetesi.com\/index.php?rest_route=%2Fwp%2Fv2%2Fcategories&post=29383"},{"taxonomy":"post_tag","embeddable":true,"href":"https:\/\/mersinkadingazetesi.com\/index.php?rest_route=%2Fwp%2Fv2%2Ftags&post=29383"}],"curies":[{"name":"wp","href":"https:\/\/api.w.org\/{rel}","templated":true}]}}