{"id":29389,"date":"2023-12-15T12:57:45","date_gmt":"2023-12-15T09:57:45","guid":{"rendered":"http:\/\/mersinkadingazetesi.com\/?p=29389"},"modified":"2023-12-15T12:57:45","modified_gmt":"2023-12-15T09:57:45","slug":"mersin-2024-festival-programinda-neden-yok","status":"publish","type":"post","link":"https:\/\/mersinkadingazetesi.com\/?p=29389","title":{"rendered":"\u201cMERS\u0130N 2024 FEST\u0130VAL PROGRAMINDA NEDEN YOK?\u201d"},"content":{"rendered":"<p>DEVA Partisi Genel Ba\u015fkan Yard\u0131mc\u0131s\u0131 ve Mersin Milletvekili Mehmet Emin Ekmen, 2021 y\u0131l\u0131nda \u0130stanbul Beyo\u011flu K\u00fclt\u00fcr Yolu Festivali (KYF) ile ba\u015flayan 2022\u2019de be\u015f ayr\u0131 \u015fehirde yap\u0131lan ve 2023\u2019te on bir ayr\u0131 \u015fehir ile tamamlanan KYF i\u00e7in yay\u0131nlanan 2024 Festival Program\u0131nda on alt\u0131 \u015fehre yer verilmi\u015fken Mersin\u2019in neden yer almad\u0131\u011f\u0131n\u0131 yazd\u0131\u011f\u0131 bir soru \u00f6nergesiyle K\u00fclt\u00fcr ve Turizm Bakanl\u0131\u011f\u0131\u2019na sordu. Ekmen \u00f6nergesinde Mersin\u2019in bir k\u00fclt\u00fcr ve turizm cenneti oldu\u011funu \u015fu s\u00f6zlerle a\u00e7\u0131klad\u0131:<br \/>\n\u201cMersin, bir\u00e7ok \u00f6zelli\u011fiyle s\u0131ra d\u0131\u015f\u0131 bir \u015fehirdir: Farkl\u0131 dinler, \u00e7e\u015fitli etnisiteler ve antik miras\u0131 a\u00e7\u0131s\u0131ndan bir inan\u00e7, k\u00fclt\u00fcr ve tarih \u015fehridir. 321 kilometrelik sahili ile T\u00fcrkiye&#8217;nin en uzun sahiline sahip \u015fehridir. Y\u00f6r\u00fck k\u00fclt\u00fcr\u00fcn\u00fc deneyimleme f\u0131rsat\u0131 sunan e\u015fsiz bir yayla turizmi potansiyeline sahiptir. Gastronomi turizmine elveri\u015fli mutfa\u011f\u0131 ve damak tad\u0131yla ayr\u0131 bir zenginli\u011fe sahiptir. \u00c7e\u015fitli adrenalin sporlar\u0131na uygun mekanlara sahip bir \u015fehirdir. Ayr\u0131ca n\u00fcfus ve i\u015fg\u00fcc\u00fc potansiyeli bak\u0131m\u0131ndan \u00f6nde gelen bir b\u00fcy\u00fck\u015fehirdir. \u00d6zetle Mersin; liman\u0131, sahilleri, yaylalar\u0131, zengin mutfa\u011f\u0131, aktiviteleri, i\u015fg\u00fcc\u00fc potansiyeli, tarihi ve k\u00fclt\u00fcrel zenginlikleri ile \u00fclkemizin m\u00fcstesna bir \u015fehridir.\u201d<br \/>\nMehmet Emin Ekmen, ya\u015fanan ihmali a\u00e7\u0131\u011fa \u00e7\u0131karmak ve K\u00fclt\u00fcr ve Turizm Bakanl\u0131\u011f\u0131\u2019n\u0131n dikkatini Mersin\u2019e \u00e7ekmek i\u00e7in \u00f6nerge kapsam\u0131nda \u015fu sorular\u0131 sordu:<br \/>\n1.\tBakanl\u0131\u011f\u0131n\u0131z\u0131n \u00fc\u00e7 y\u0131ld\u0131r y\u00fcr\u00fctt\u00fc\u011f\u00fc K\u00fclt\u00fcr Yolu Festivalleri \u2018ne dahil edilen iller hangi kriterlere g\u00f6re belirlenmektedir?<br \/>\n2.\t\u00dc\u00e7 y\u0131ld\u0131r yap\u0131lan K\u00fclt\u00fcr Yolu Festivalleri \u2019ne Mersin neden dahil edilmemektedir?<br \/>\n3.\tBakanl\u0131\u011f\u0131n\u0131z\u0131n ve Turizm Geli\u015ftirme Ajans\u0131\u2019n\u0131n Mersin\u2019deki turizm potansiyelinin geli\u015ftirilmesi ve marka de\u011ferinin olu\u015fturulmas\u0131\/geli\u015ftirilmesi ile ilgili olarak son on y\u0131lda yapt\u0131\u011f\u0131 \u00e7al\u0131\u015fmalar nelerdir?<\/p>\n","protected":false},"excerpt":{"rendered":"<p>DEVA Partisi Genel Ba\u015fkan Yard\u0131mc\u0131s\u0131 ve Mersin Milletvekili Mehmet Emin Ekmen, 2021 y\u0131l\u0131nda \u0130stanbul Beyo\u011flu K\u00fclt\u00fcr Yolu Festivali (KYF) ile ba\u015flayan 2022\u2019de be\u015f ayr\u0131 \u015fehirde yap\u0131lan ve 2023\u2019te on bir ayr\u0131 \u015fehir ile tamamlanan KYF i\u00e7in yay\u0131nlanan 2024 Festival Program\u0131nda on alt\u0131 \u015fehre yer verilmi\u015fken Mersin\u2019in neden yer almad\u0131\u011f\u0131n\u0131 yazd\u0131\u011f\u0131 bir soru \u00f6nergesiyle K\u00fclt\u00fcr ve [&hellip;]<\/p>\n","protected":false},"author":2,"featured_media":29390,"comment_status":"open","ping_status":"open","sticky":false,"template":"","format":"standard","meta":{"footnotes":""},"categories":[2,3,6],"tags":[],"class_list":["post-29389","post","type-post","status-publish","format-standard","has-post-thumbnail","hentry","category-gundem","category-manset","category-siyaset-2"],"views":2,"_links":{"self":[{"href":"https:\/\/mersinkadingazetesi.com\/index.php?rest_route=\/wp\/v2\/posts\/29389"}],"collection":[{"href":"https:\/\/mersinkadingazetesi.com\/index.php?rest_route=\/wp\/v2\/posts"}],"about":[{"href":"https:\/\/mersinkadingazetesi.com\/index.php?rest_route=\/wp\/v2\/types\/post"}],"author":[{"embeddable":true,"href":"https:\/\/mersinkadingazetesi.com\/index.php?rest_route=\/wp\/v2\/users\/2"}],"replies":[{"embeddable":true,"href":"https:\/\/mersinkadingazetesi.com\/index.php?rest_route=%2Fwp%2Fv2%2Fcomments&post=29389"}],"version-history":[{"count":0,"href":"https:\/\/mersinkadingazetesi.com\/index.php?rest_route=\/wp\/v2\/posts\/29389\/revisions"}],"wp:featuredmedia":[{"embeddable":true,"href":"https:\/\/mersinkadingazetesi.com\/index.php?rest_route=\/wp\/v2\/media\/29390"}],"wp:attachment":[{"href":"https:\/\/mersinkadingazetesi.com\/index.php?rest_route=%2Fwp%2Fv2%2Fmedia&parent=29389"}],"wp:term":[{"taxonomy":"category","embeddable":true,"href":"https:\/\/mersinkadingazetesi.com\/index.php?rest_route=%2Fwp%2Fv2%2Fcategories&post=29389"},{"taxonomy":"post_tag","embeddable":true,"href":"https:\/\/mersinkadingazetesi.com\/index.php?rest_route=%2Fwp%2Fv2%2Ftags&post=29389"}],"curies":[{"name":"wp","href":"https:\/\/api.w.org\/{rel}","templated":true}]}}