{"id":29404,"date":"2023-12-16T23:20:18","date_gmt":"2023-12-16T20:20:18","guid":{"rendered":"http:\/\/mersinkadingazetesi.com\/?p=29404"},"modified":"2023-12-16T23:20:18","modified_gmt":"2023-12-16T20:20:18","slug":"aratos-felsefe-okullarindan-ders-basladi","status":"publish","type":"post","link":"https:\/\/mersinkadingazetesi.com\/?p=29404","title":{"rendered":"ARATOS FELSEFE OKULLARINDAN DERS BA\u015eLADI"},"content":{"rendered":"<p>Aratos Felsefe Okulu 2023-2024 12. d\u00f6nemin ilk ders yap\u0131ld\u0131. Tarsus\u2019ta 20 y\u0131ld\u0131r yay\u0131mlanan Aratos Felsefe Dergisinin bir etkinli\u011fi olan Aratos Felsefe Okulu 2011 y\u0131l\u0131nda kurulmu\u015f ve derslere ba\u015flam\u0131\u015ft\u0131.<\/p>\n<p>Antik \u00e7a\u011fda ya\u015fam\u0131\u015f \u015fair, matematik\u00e7i ve g\u00f6kbilimci (astronom) Tarsuslu filozof Aratos ad\u0131na olu\u015fturulan felsefe okulunda 12 y\u0131ld\u0131r \u00e7e\u015fitli \u00fcniversitelerden akademisyenler g\u00f6n\u00fcll\u00fc olarak ders veriyor.<\/p>\n<p>Aratos Felsefe Okulu 2023-2024 12. d\u00f6nemin ilk dersini Mersin \u00dcniversitesi Felsefe B\u00f6l\u00fcm\u00fc Y\u00fcksek Lisans \u00f6\u011frencisi Adnan Bozkurt taraf\u0131ndan \u201cSokrates\u2019in Savunmas\u0131\u201d ba\u015fl\u0131\u011f\u0131nda verildi.<\/p>\n<p>Aratos Felsefe Okulu dersi, Mersin B\u00fcy\u00fck\u015fehir Belediyesi\u2019nin tarihi Tarsus evleri soka\u011f\u0131nda St. Paul Kuyusu yan\u0131nda kurdu\u011fu Tarsus\u2019a De\u011fer Katanlar (TADEKA) binas\u0131nda yap\u0131ld\u0131.<\/p>\n<p>Gazeteci-Yazar ve Aratos Felsefe Dergisi Yay\u0131n Y\u00f6netmeni U\u011fur Pi\u015fmanl\u0131k, 16 Aral\u0131k Cumartesi g\u00fcn\u00fc Mersin&#8217;de Mezitli Kent Kent Konseyi&#8217;nde bir s\u00f6yle\u015fi ile 2021&#8217;de senaryosunu yaz\u0131p y\u00f6netmenli\u011fini yapt\u0131\u011f\u0131 ve Urla&#8217;da \u00e7ekti\u011fi &#8220;Rasyonel Bir Filozof Anaksagoras&#8221; belgesel filminin g\u00f6sterimini ger\u00e7ekle\u015ftirecektir.<\/p>\n<p>Aratos Felsefe Okulu b\u00fcnyesinde kurulan Silifke, Adana, \u0130skenderun&#8217;daki okullarda da dersler yak\u0131nda ba\u015flayacak.<\/p>\n","protected":false},"excerpt":{"rendered":"<p>Aratos Felsefe Okulu 2023-2024 12. d\u00f6nemin ilk ders yap\u0131ld\u0131. Tarsus\u2019ta 20 y\u0131ld\u0131r yay\u0131mlanan Aratos Felsefe Dergisinin bir etkinli\u011fi olan Aratos Felsefe Okulu 2011 y\u0131l\u0131nda kurulmu\u015f ve derslere ba\u015flam\u0131\u015ft\u0131. Antik \u00e7a\u011fda ya\u015fam\u0131\u015f \u015fair, matematik\u00e7i ve g\u00f6kbilimci (astronom) Tarsuslu filozof Aratos ad\u0131na olu\u015fturulan felsefe okulunda 12 y\u0131ld\u0131r \u00e7e\u015fitli \u00fcniversitelerden akademisyenler g\u00f6n\u00fcll\u00fc olarak ders veriyor. Aratos Felsefe Okulu [&hellip;]<\/p>\n","protected":false},"author":2,"featured_media":29405,"comment_status":"open","ping_status":"open","sticky":false,"template":"","format":"standard","meta":{"footnotes":""},"categories":[3],"tags":[],"class_list":["post-29404","post","type-post","status-publish","format-standard","has-post-thumbnail","hentry","category-manset"],"views":4,"_links":{"self":[{"href":"https:\/\/mersinkadingazetesi.com\/index.php?rest_route=\/wp\/v2\/posts\/29404"}],"collection":[{"href":"https:\/\/mersinkadingazetesi.com\/index.php?rest_route=\/wp\/v2\/posts"}],"about":[{"href":"https:\/\/mersinkadingazetesi.com\/index.php?rest_route=\/wp\/v2\/types\/post"}],"author":[{"embeddable":true,"href":"https:\/\/mersinkadingazetesi.com\/index.php?rest_route=\/wp\/v2\/users\/2"}],"replies":[{"embeddable":true,"href":"https:\/\/mersinkadingazetesi.com\/index.php?rest_route=%2Fwp%2Fv2%2Fcomments&post=29404"}],"version-history":[{"count":0,"href":"https:\/\/mersinkadingazetesi.com\/index.php?rest_route=\/wp\/v2\/posts\/29404\/revisions"}],"wp:featuredmedia":[{"embeddable":true,"href":"https:\/\/mersinkadingazetesi.com\/index.php?rest_route=\/wp\/v2\/media\/29405"}],"wp:attachment":[{"href":"https:\/\/mersinkadingazetesi.com\/index.php?rest_route=%2Fwp%2Fv2%2Fmedia&parent=29404"}],"wp:term":[{"taxonomy":"category","embeddable":true,"href":"https:\/\/mersinkadingazetesi.com\/index.php?rest_route=%2Fwp%2Fv2%2Fcategories&post=29404"},{"taxonomy":"post_tag","embeddable":true,"href":"https:\/\/mersinkadingazetesi.com\/index.php?rest_route=%2Fwp%2Fv2%2Ftags&post=29404"}],"curies":[{"name":"wp","href":"https:\/\/api.w.org\/{rel}","templated":true}]}}