{"id":29410,"date":"2023-12-16T23:23:16","date_gmt":"2023-12-16T20:23:16","guid":{"rendered":"http:\/\/mersinkadingazetesi.com\/?p=29410"},"modified":"2023-12-16T23:23:16","modified_gmt":"2023-12-16T20:23:16","slug":"iz-birakanlar-muzesi-minik-ziyaretcilerini-agirladi","status":"publish","type":"post","link":"https:\/\/mersinkadingazetesi.com\/?p=29410","title":{"rendered":"\u0130Z BIRAKANLAR M\u00dcZES\u0130 M\u0130N\u0130K Z\u0130YARET\u00c7\u0130LER\u0130N\u0130 A\u011eIRLADI"},"content":{"rendered":"<p>Mersin\u2019in ge\u00e7mi\u015fine yolculuk imk\u00e2n\u0131 sunan, \u015fehrin haf\u0131zas\u0131n\u0131 ya\u015fatan, kente iz b\u0131rakm\u0131\u015f isimleri gelece\u011fe ta\u015f\u0131yan Akdeniz Belediyesi \u0130z B\u0131rakanlar M\u00fczesi, her g\u00fcn farkl\u0131 ya\u015f ve kesimlerden ziyaret\u00e7ilerini a\u011f\u0131rl\u0131yor.<\/p>\n<p>Akdeniz Belediyesi\u2019nin, Mersin Valili\u011fi\u2019nin katk\u0131lar\u0131yla, yok olmak \u00fczere olan tarihi bir Mersin Evi\u2019ni restore edip \u2018\u0130z B\u0131rakanlar M\u00fczesi\u2019 ad\u0131yla gelece\u011fe kazand\u0131rd\u0131\u011f\u0131 iki katl\u0131 tarihi bina ziyaret\u00e7ilerini a\u011f\u0131rlamaya devam ediyor.<\/p>\n<p>Kent merkezinde bulunan \u0130z B\u0131rakanlar M\u00fczesi, bir yandan kentte bulunan farkl\u0131 okullardan her g\u00fcn onlarca \u00f6\u011frenci ve \u00f6\u011fretmeni a\u011f\u0131rlarken, \u015fehir d\u0131\u015f\u0131ndan Mersin\u2019e gelen misafirlerin de ilk u\u011frak noktas\u0131 oluyor. Mersin\u2019in son 120 y\u0131l\u0131n\u0131n yan\u0131 s\u0131ra, tarih \u00f6ncesi \u00e7e\u015fitli kay\u0131tlar\u0131n da yer al\u0131p sergilendi\u011fi m\u00fczede, Mersin&#8217;de ya\u015fam\u0131\u015f, \u015fehre imzas\u0131n\u0131 atm\u0131\u015f, sporcusundan, sanat\u00e7\u0131s\u0131na, tarih\u00e7isinden, siyaset\u00e7isine kadar bir\u00e7ok de\u011ferli ismin biyografisi ve resimleri yer al\u0131yor.<\/p>\n<p>Mersin\u2019in haf\u0131zas\u0131n\u0131 saklayan \u0130z B\u0131rakanlar M\u00fczesi\u2019ni, son olarak il\u00e7e s\u0131n\u0131rlar\u0131nda bulunan farkl\u0131 okullardan y\u00fczlerce \u00f6\u011frenci, \u00f6\u011fretmenleri ile birlikte ziyaret etti. Minik \u00f6\u011frenciler gezide, hem ya\u015fad\u0131klar\u0131 \u015fehir ve \u015fehre etki b\u0131rakm\u0131\u015f isimler hakk\u0131nda \u00e7e\u015fitli bilgiler edinirken, arkada\u015flar\u0131yla da keyifli ve e\u011flenceli bir g\u00fcn ge\u00e7irdiler.<\/p>\n","protected":false},"excerpt":{"rendered":"<p>Mersin\u2019in ge\u00e7mi\u015fine yolculuk imk\u00e2n\u0131 sunan, \u015fehrin haf\u0131zas\u0131n\u0131 ya\u015fatan, kente iz b\u0131rakm\u0131\u015f isimleri gelece\u011fe ta\u015f\u0131yan Akdeniz Belediyesi \u0130z B\u0131rakanlar M\u00fczesi, her g\u00fcn farkl\u0131 ya\u015f ve kesimlerden ziyaret\u00e7ilerini a\u011f\u0131rl\u0131yor. Akdeniz Belediyesi\u2019nin, Mersin Valili\u011fi\u2019nin katk\u0131lar\u0131yla, yok olmak \u00fczere olan tarihi bir Mersin Evi\u2019ni restore edip \u2018\u0130z B\u0131rakanlar M\u00fczesi\u2019 ad\u0131yla gelece\u011fe kazand\u0131rd\u0131\u011f\u0131 iki katl\u0131 tarihi bina ziyaret\u00e7ilerini a\u011f\u0131rlamaya devam [&hellip;]<\/p>\n","protected":false},"author":2,"featured_media":29411,"comment_status":"open","ping_status":"open","sticky":false,"template":"","format":"standard","meta":{"footnotes":""},"categories":[2,3],"tags":[],"class_list":["post-29410","post","type-post","status-publish","format-standard","has-post-thumbnail","hentry","category-gundem","category-manset"],"views":3,"_links":{"self":[{"href":"https:\/\/mersinkadingazetesi.com\/index.php?rest_route=\/wp\/v2\/posts\/29410"}],"collection":[{"href":"https:\/\/mersinkadingazetesi.com\/index.php?rest_route=\/wp\/v2\/posts"}],"about":[{"href":"https:\/\/mersinkadingazetesi.com\/index.php?rest_route=\/wp\/v2\/types\/post"}],"author":[{"embeddable":true,"href":"https:\/\/mersinkadingazetesi.com\/index.php?rest_route=\/wp\/v2\/users\/2"}],"replies":[{"embeddable":true,"href":"https:\/\/mersinkadingazetesi.com\/index.php?rest_route=%2Fwp%2Fv2%2Fcomments&post=29410"}],"version-history":[{"count":0,"href":"https:\/\/mersinkadingazetesi.com\/index.php?rest_route=\/wp\/v2\/posts\/29410\/revisions"}],"wp:featuredmedia":[{"embeddable":true,"href":"https:\/\/mersinkadingazetesi.com\/index.php?rest_route=\/wp\/v2\/media\/29411"}],"wp:attachment":[{"href":"https:\/\/mersinkadingazetesi.com\/index.php?rest_route=%2Fwp%2Fv2%2Fmedia&parent=29410"}],"wp:term":[{"taxonomy":"category","embeddable":true,"href":"https:\/\/mersinkadingazetesi.com\/index.php?rest_route=%2Fwp%2Fv2%2Fcategories&post=29410"},{"taxonomy":"post_tag","embeddable":true,"href":"https:\/\/mersinkadingazetesi.com\/index.php?rest_route=%2Fwp%2Fv2%2Ftags&post=29410"}],"curies":[{"name":"wp","href":"https:\/\/api.w.org\/{rel}","templated":true}]}}