{"id":29413,"date":"2023-12-16T23:25:10","date_gmt":"2023-12-16T20:25:10","guid":{"rendered":"http:\/\/mersinkadingazetesi.com\/?p=29413"},"modified":"2023-12-16T23:25:10","modified_gmt":"2023-12-16T20:25:10","slug":"mersin-buyuksehir-belediyesi-kurum-ici-egitim-calismalarini-surduruyor","status":"publish","type":"post","link":"https:\/\/mersinkadingazetesi.com\/?p=29413","title":{"rendered":"MERS\u0130N B\u00dcY\u00dcK\u015eEH\u0130R BELED\u0130YES\u0130 KURUM \u0130\u00c7\u0130 E\u011e\u0130T\u0130M \u00c7ALI\u015eMALARINI S\u00dcRD\u00dcR\u00dcYOR"},"content":{"rendered":"<p>Mersin B\u00fcy\u00fck\u015fehir Belediyesi&#8217;nin olas\u0131 yang\u0131nlar konusunda personeline y\u00f6nelik e\u011fitim \u00e7al\u0131\u015fmalar\u0131 devam ediyor.<\/p>\n<p>Tarsus&#8217;ta, Mersin B\u00fcy\u00fck\u015fehir Belediyesi Muhtarl\u0131k \u0130\u015fleri Dairesi Ba\u015fkanl\u0131\u011f\u0131&#8217;na ba\u011fl\u0131 Koordinasyon \u015eube M\u00fcd\u00fcrl\u00fc\u011f\u00fc bah\u00e7esinde; toplu ta\u015f\u0131ma, otogar ve farkl\u0131 birimlerde g\u00f6revli personele y\u00f6nelik e\u011fitim \u00e7al\u0131\u015fmas\u0131 ger\u00e7ekle\u015ftirildi.<\/p>\n<p>B\u00fcy\u00fck\u015fehir Belediyesi \u0130tfaiyesi Tarsus Grup Amirli\u011fi&#8217;nde g\u00f6revli e\u011fitim amiri \u0130smail Ceyran taraf\u0131ndan ger\u00e7ekle\u015ftirilen e\u011fitim \u00e7al\u0131\u015fmalar\u0131nda, olas\u0131 m\u00fcdahalelerde yang\u0131n t\u00fcplerinin cinsi ve kullan\u0131m \u015fekilleri hakk\u0131nda da detayl\u0131 bilgi verildi.<\/p>\n<p>Elektrik konta\u011f\u0131ndan kaynaklanabilecek alevlenme, ev veya i\u015f yerinde \u00e7\u0131kabilecek olas\u0131 yang\u0131nlara m\u00fcdahale, soba kaynakl\u0131 veya farkl\u0131 yang\u0131nlarda hangi cins yang\u0131n t\u00fcplerinin, ne \u015fekilde kullan\u0131laca\u011f\u0131 ile ilgili yap\u0131lan e\u011fitimlerde, uygulamal\u0131 s\u00f6nd\u00fcrme faaliyetleri de yerine getirildi.<\/p>\n<p>Ceyran: &#8220;Al\u0131nan tedbirler, yang\u0131n \u00e7\u0131kma durumunu ortadan kald\u0131r\u0131r&#8221;<\/p>\n<p>B\u00fcy\u00fck\u015fehir Belediyesi \u0130tfaiyesi Tarsus Grup Amirli\u011fi&#8217;nde g\u00f6revli e\u011fitim amiri \u0130smail Ceyran, tedbir alman\u0131n \u00e7ok \u00f6nemli oldu\u011funu ifade ederek, &#8220;Tedbir \u00e7ok \u00f6nemli. Tedbirleri al\u0131rsak, zaten yang\u0131nlar\u0131n \u00e7\u0131kma durumunu da ortadan kald\u0131rm\u0131\u015f oluyoruz. Genelde fark\u0131nda olmasak bile, asl\u0131nda evlerimizde tedbir al\u0131yoruz. \u00d6rne\u011fin do\u011fal gazl\u0131 evlerde gaz alg\u0131lama detekt\u00f6rleri bizler i\u00e7in bir tedbir. Elektrikte ka\u00e7ak ak\u0131m roleleri, sigorta diye adland\u0131rd\u0131\u011f\u0131m\u0131z aletler birer tedbirdir&#8221; dedi.<\/p>\n","protected":false},"excerpt":{"rendered":"<p>Mersin B\u00fcy\u00fck\u015fehir Belediyesi&#8217;nin olas\u0131 yang\u0131nlar konusunda personeline y\u00f6nelik e\u011fitim \u00e7al\u0131\u015fmalar\u0131 devam ediyor. Tarsus&#8217;ta, Mersin B\u00fcy\u00fck\u015fehir Belediyesi Muhtarl\u0131k \u0130\u015fleri Dairesi Ba\u015fkanl\u0131\u011f\u0131&#8217;na ba\u011fl\u0131 Koordinasyon \u015eube M\u00fcd\u00fcrl\u00fc\u011f\u00fc bah\u00e7esinde; toplu ta\u015f\u0131ma, otogar ve farkl\u0131 birimlerde g\u00f6revli personele y\u00f6nelik e\u011fitim \u00e7al\u0131\u015fmas\u0131 ger\u00e7ekle\u015ftirildi. B\u00fcy\u00fck\u015fehir Belediyesi \u0130tfaiyesi Tarsus Grup Amirli\u011fi&#8217;nde g\u00f6revli e\u011fitim amiri \u0130smail Ceyran taraf\u0131ndan ger\u00e7ekle\u015ftirilen e\u011fitim \u00e7al\u0131\u015fmalar\u0131nda, olas\u0131 m\u00fcdahalelerde yang\u0131n [&hellip;]<\/p>\n","protected":false},"author":2,"featured_media":29414,"comment_status":"open","ping_status":"open","sticky":false,"template":"","format":"standard","meta":{"footnotes":""},"categories":[3],"tags":[],"class_list":["post-29413","post","type-post","status-publish","format-standard","has-post-thumbnail","hentry","category-manset"],"views":5,"_links":{"self":[{"href":"https:\/\/mersinkadingazetesi.com\/index.php?rest_route=\/wp\/v2\/posts\/29413"}],"collection":[{"href":"https:\/\/mersinkadingazetesi.com\/index.php?rest_route=\/wp\/v2\/posts"}],"about":[{"href":"https:\/\/mersinkadingazetesi.com\/index.php?rest_route=\/wp\/v2\/types\/post"}],"author":[{"embeddable":true,"href":"https:\/\/mersinkadingazetesi.com\/index.php?rest_route=\/wp\/v2\/users\/2"}],"replies":[{"embeddable":true,"href":"https:\/\/mersinkadingazetesi.com\/index.php?rest_route=%2Fwp%2Fv2%2Fcomments&post=29413"}],"version-history":[{"count":0,"href":"https:\/\/mersinkadingazetesi.com\/index.php?rest_route=\/wp\/v2\/posts\/29413\/revisions"}],"wp:featuredmedia":[{"embeddable":true,"href":"https:\/\/mersinkadingazetesi.com\/index.php?rest_route=\/wp\/v2\/media\/29414"}],"wp:attachment":[{"href":"https:\/\/mersinkadingazetesi.com\/index.php?rest_route=%2Fwp%2Fv2%2Fmedia&parent=29413"}],"wp:term":[{"taxonomy":"category","embeddable":true,"href":"https:\/\/mersinkadingazetesi.com\/index.php?rest_route=%2Fwp%2Fv2%2Fcategories&post=29413"},{"taxonomy":"post_tag","embeddable":true,"href":"https:\/\/mersinkadingazetesi.com\/index.php?rest_route=%2Fwp%2Fv2%2Ftags&post=29413"}],"curies":[{"name":"wp","href":"https:\/\/api.w.org\/{rel}","templated":true}]}}