{"id":29425,"date":"2023-12-18T12:57:34","date_gmt":"2023-12-18T09:57:34","guid":{"rendered":"http:\/\/mersinkadingazetesi.com\/?p=29425"},"modified":"2023-12-18T12:57:34","modified_gmt":"2023-12-18T09:57:34","slug":"bakan-uraloglundan-iyi-deva-partili-ekmene-haber","status":"publish","type":"post","link":"https:\/\/mersinkadingazetesi.com\/?p=29425","title":{"rendered":"BAKAN URALO\u011eLU\u2019NDAN \u0130Y\u0130 DEVA PART\u0130L\u0130 EKMEN\u2019E HABER"},"content":{"rendered":"<p>DEVA Partisi Genel Ba\u015fkan Yard\u0131mc\u0131s\u0131 ve Mersin Milletvekili Mehmet Emin Ekmen, 23 Kas\u0131m 2023 tarihinde Plan ve B\u00fct\u00e7e Komisyonu\u2019nda Ula\u015ft\u0131rma ve Altyap\u0131 Bakan\u0131 Abd\u00fclkadir Uralo\u011flu\u2019na \u00c7ukurova Havaliman\u0131 ile ilgili soru y\u00f6neltti. Say\u0131n Bakan s\u00fcre yetersizli\u011finden dolay\u0131 soruyu yaz\u0131l\u0131 olarak yan\u0131tlad\u0131 ve Mehmet Emin Ekmen\u2019e m\u00fcjdeyi vermi\u015f oldu.<br \/>\nEkmen, \u201c3-10 y\u0131ld\u0131r bitirilemeyen \u00c7ukurova Havaliman\u0131 hangi tarihte bitirilecektir? \u00c7ukurova Havaliman\u0131 13 y\u0131ld\u0131r neden a\u00e7\u0131lam\u0131yor? \u00c7ukurova Havaliman\u0131 ihalesi 2011 y\u0131l\u0131nda yap\u0131ld\u0131. Defalarca bitirme s\u00f6z\u00fc verilen \u00c7ukurova Havaliman\u0131 i\u00e7in sunumunuzda 2024 Ocak ay\u0131nda a\u00e7\u0131laca\u011f\u0131n\u0131 s\u00f6ylediniz. Tarih kesin midir?\u201d sorusunu sordu.<br \/>\nBakan Uralo\u011flu ise \u201c\u00c7ukurova Havaliman\u0131n\u0131n 2024 y\u0131l\u0131 Ocak ay\u0131 i\u00e7erisinde hizmete verilmesi planlanmaktad\u0131r.\u201d cevab\u0131n\u0131 yaz\u0131l\u0131 olarak vermi\u015f oldu.<br \/>\nMehmet Emin Ekmen, Bakanl\u0131\u011f\u0131n bu cevab\u0131 \u00fczerine \u00c7ukurova Havaliman\u0131 i\u00e7in hay\u0131rl\u0131 olsun m\u00fcjdesini vermi\u015f oldu. Ekmen, a\u00e7\u0131l\u0131\u015f\u0131 defalarca kez ertelendi\u011fi halde Say\u0131n Bakan\u2019\u0131n bu s\u00f6z\u00fcn\u00fcn k\u0131ymetli oldu\u011funu ve takip\u00e7isi olacaklar\u0131n\u0131 belirtti.<\/p>\n","protected":false},"excerpt":{"rendered":"<p>DEVA Partisi Genel Ba\u015fkan Yard\u0131mc\u0131s\u0131 ve Mersin Milletvekili Mehmet Emin Ekmen, 23 Kas\u0131m 2023 tarihinde Plan ve B\u00fct\u00e7e Komisyonu\u2019nda Ula\u015ft\u0131rma ve Altyap\u0131 Bakan\u0131 Abd\u00fclkadir Uralo\u011flu\u2019na \u00c7ukurova Havaliman\u0131 ile ilgili soru y\u00f6neltti. Say\u0131n Bakan s\u00fcre yetersizli\u011finden dolay\u0131 soruyu yaz\u0131l\u0131 olarak yan\u0131tlad\u0131 ve Mehmet Emin Ekmen\u2019e m\u00fcjdeyi vermi\u015f oldu. Ekmen, \u201c3-10 y\u0131ld\u0131r bitirilemeyen \u00c7ukurova Havaliman\u0131 hangi tarihte [&hellip;]<\/p>\n","protected":false},"author":2,"featured_media":29426,"comment_status":"open","ping_status":"open","sticky":false,"template":"","format":"standard","meta":{"footnotes":""},"categories":[2,6],"tags":[],"class_list":["post-29425","post","type-post","status-publish","format-standard","has-post-thumbnail","hentry","category-gundem","category-siyaset-2"],"views":5,"_links":{"self":[{"href":"https:\/\/mersinkadingazetesi.com\/index.php?rest_route=\/wp\/v2\/posts\/29425"}],"collection":[{"href":"https:\/\/mersinkadingazetesi.com\/index.php?rest_route=\/wp\/v2\/posts"}],"about":[{"href":"https:\/\/mersinkadingazetesi.com\/index.php?rest_route=\/wp\/v2\/types\/post"}],"author":[{"embeddable":true,"href":"https:\/\/mersinkadingazetesi.com\/index.php?rest_route=\/wp\/v2\/users\/2"}],"replies":[{"embeddable":true,"href":"https:\/\/mersinkadingazetesi.com\/index.php?rest_route=%2Fwp%2Fv2%2Fcomments&post=29425"}],"version-history":[{"count":0,"href":"https:\/\/mersinkadingazetesi.com\/index.php?rest_route=\/wp\/v2\/posts\/29425\/revisions"}],"wp:featuredmedia":[{"embeddable":true,"href":"https:\/\/mersinkadingazetesi.com\/index.php?rest_route=\/wp\/v2\/media\/29426"}],"wp:attachment":[{"href":"https:\/\/mersinkadingazetesi.com\/index.php?rest_route=%2Fwp%2Fv2%2Fmedia&parent=29425"}],"wp:term":[{"taxonomy":"category","embeddable":true,"href":"https:\/\/mersinkadingazetesi.com\/index.php?rest_route=%2Fwp%2Fv2%2Fcategories&post=29425"},{"taxonomy":"post_tag","embeddable":true,"href":"https:\/\/mersinkadingazetesi.com\/index.php?rest_route=%2Fwp%2Fv2%2Ftags&post=29425"}],"curies":[{"name":"wp","href":"https:\/\/api.w.org\/{rel}","templated":true}]}}