{"id":29461,"date":"2023-12-19T12:52:36","date_gmt":"2023-12-19T09:52:36","guid":{"rendered":"http:\/\/mersinkadingazetesi.com\/?p=29461"},"modified":"2023-12-19T12:52:36","modified_gmt":"2023-12-19T09:52:36","slug":"turkiye-kktc-ticaret-odasi-forumunun-toplantisi-mdto-ev-sahipliginde-gerceklestirildi","status":"publish","type":"post","link":"https:\/\/mersinkadingazetesi.com\/?p=29461","title":{"rendered":"T\u00fcrkiye-KKTC Ticaret Odas\u0131 Forumu\u2019nun \u00a0Toplant\u0131s\u0131 MDTO  Ev Sahipli\u011finde Ger\u00e7ekle\u015ftirildi"},"content":{"rendered":"<p>T\u00fcrkiye Odalar ve Borsalar Birli\u011fi (TOBB) ile K\u0131br\u0131s T\u00fcrk Ticaret Odas\u0131\u2019n\u0131n (KTTO) giri\u015fimleri ile KKTC\u2019de ticaret ve yat\u0131r\u0131m ortam\u0131n\u0131n geli\u015ftirilmesi i\u00e7in 2018 y\u0131l\u0131nda kurulan T\u00fcrkiye-KKTC Ticaret Odas\u0131 Forumu toplant\u0131s\u0131 Mersin\u2019de Mersin Deniz Ticaret Odas\u0131 (MDTO) ev sahipli\u011finde ger\u00e7ekle\u015ftirildi.\u00a0<\/p>\n<p>Ortak \u00e7al\u0131\u015fma alanlar\u0131na tar\u0131m sekt\u00f6r\u00fcn\u00fc de ekleyen forum temsilcilerinin 2 g\u00fcnl\u00fck Mersin program\u0131 kapsam\u0131nda Mersin\u2019deki \u00a0avokado ve ve ejder meyvesi bah\u00e7eleri ile paketleme tesislerine teknik gezi ger\u00e7ekle\u015ftirildi. \u00a0<\/p>\n<p>Program\u0131n ikinci g\u00fcn\u00fcnde b\u00f6lgedeki tar\u0131m uygulamalar\u0131 hakk\u0131nda bilgilendirmelerin yap\u0131ld\u0131\u011f\u0131 bir toplant\u0131 ger\u00e7ekle\u015ftirildi.\u00a0<\/p>\n<p>KKTC  Mersin Ba\u015fkonsolosu Zalihe Mendeli, T\u00fcrkiye-KKTC Ticaret Odas\u0131 Forumu T\u00fcrkiye Taraf\u0131 E\u015f Ba\u015fkan\u0131,  TOBB Y\u00f6netim Kurulu \u00dcyesi ve Mersin Deniz Ticaret Odas\u0131 Y\u00f6netim Kurulu Ba\u015fkan\u0131 Cihat Lokmano\u011flu, KKTC Taraf\u0131 E\u015f Ba\u015fkan\u0131 ve K\u0131br\u0131s T\u00fcrk Ticaret Odas\u0131 Y\u00f6netim Kurulu \u00dcyesi Oma\u00e7  Cin ve Anamur Ticaret ve Sanayi Odas\u0131 Eski Ba\u015fkan\u0131 Feridun Toruno\u011flu\u2019nun kat\u0131l\u0131m\u0131yla  ger\u00e7ekle\u015ftirilen toplant\u0131da forum \u00fcyeleri de bulundu. <\/p>\n<p>Toplant\u0131n\u0131n a\u00e7\u0131l\u0131\u015f\u0131n\u0131 yapan T\u00fcrkiye-KKTC Ticaret Odas\u0131 Forumu T\u00fcrkiye Taraf\u0131 E\u015f Ba\u015fkan\u0131 Cihat Lokmano\u011flu,\u00a0TOBB\u2019un KKTC\u2019nin d\u00fcnyayla b\u00fct\u00fcnle\u015fme \u00e7abalar\u0131na destek oldu\u011funu, K\u0131br\u0131s T\u00fcrk i\u015f d\u00fcnyas\u0131n\u0131n lay\u0131k\u0131yla temsili i\u00e7in giri\u015fimler yapt\u0131klar\u0131n\u0131 s\u00f6yledi.<\/p>\n<p>\u201cOrtak \u00e7al\u0131\u015fma alanlar\u0131m\u0131za tar\u0131m da dahil edildi\u201d<br \/>\n\u0130ki odan\u0131n ortak \u00e7al\u0131\u015fma alanlar\u0131na tar\u0131m konusunun da dahil edildi\u011fini belirten Lokmano\u011flu, bu alanda da ciddi deneyim payla\u015f\u0131m\u0131 d\u00e2hil geni\u015f bir ortak \u00e7al\u0131\u015fma imkan\u0131 bulundu\u011funu s\u00f6yledi.  <\/p>\n<p>Tar\u0131m\u0131n  T\u00fcrkiye ekonomisindeki yerine ili\u015fkin istatistiki bilgiler payla\u015fan Lokmano\u011flu, KKTC ekonomisi i\u00e7in de tar\u0131m sekt\u00f6r\u00fcn\u00fcn \u00f6nemli oldu\u011funu bildiklerini, \u00f6zellikle sulama imkanlar\u0131n\u0131n art\u0131rt\u0131lmas\u0131yla tar\u0131m sekt\u00f6r\u00fcn\u00fcn KKTC ekonomisinde ve T\u00fcrkiye \u2013 KKTC ili\u015fkilerinde daha da \u00f6nemli hale gelece\u011fini kaydetti. <\/p>\n<p>\u00c7ukurova\u2019da \u00e7ok uzun y\u0131llard\u0131r tar\u0131msal faaliyetlerin ve zirai ila\u00e7laman\u0131n yap\u0131ld\u0131\u011f\u0131n\u0131 s\u00f6yleyen Lokmano\u011flu, KKTC\u2019de b\u00fcy\u00fck tar\u0131msal faaliyetlerin hen\u00fcz olmad\u0131\u011f\u0131n\u0131 dolay\u0131s\u0131yla topraklar\u0131n\u0131n hala bakir oldu\u011funu ve bu nedenle b\u00fcy\u00fck bir potansiyel ta\u015f\u0131d\u0131\u011f\u0131n\u0131 belirtti. <\/p>\n<p>Toplant\u0131da konu\u015fan T\u00fcrkiye-KKTC Ticaret Odas\u0131 Forumu KKTC Taraf\u0131 E\u015f Ba\u015fkan\u0131 Oma\u00e7 Cin ise KKTC\u2019de \u00f6ne \u00e7\u0131kan turizm, e\u011fitim ve in\u015faat ile birlikte tar\u0131m sekt\u00f6r\u00fcn\u00fcn de geli\u015fmesini hedeflediklerini, bu kapsamda \u00f6zellikle tropikal \u00fcr\u00fcnlerin yeti\u015ftirilme y\u00f6ntemleri, i\u015flenmi\u015f ve tar\u0131m tesisleriyle ilgilendiklerini s\u00f6yledi.\u00a0<\/p>\n<p>A\u00e7\u0131l\u0131\u015f konu\u015fmalar\u0131n\u0131n ard\u0131ndan b\u00f6lgedeki tar\u0131m uygulamalar\u0131 hakk\u0131nda bilgilendirme sunumlar\u0131 yap\u0131ld\u0131.  Toplant\u0131da ilk s\u00f6z\u00fc alan Slow Food Tarsus Kurucusu Yasmina Lokmano\u011flu, toplulu\u011fun ama\u00e7 ve hedeflerinden bahsetti\u011fi konu\u015fmas\u0131nda Slow Food Tarsus\u2019un giri\u015fimleri ile kurulan Tarsus Yery\u00fcz\u00fc Pazar\u0131 hakk\u0131nda bilgi verdi. Lokmano\u011flu sunumunda bu pazara dahil olabilmek i\u00e7in gereken organik \u00fcretim kriterleri ve \u00fcreticilerin girdi\u011fi denetimler hakk\u0131nda bilgiler payla\u015ft\u0131. <\/p>\n<p>\u201cHer 100 kilo meyvenin 12 kilosu Mersin\u2019de \u00fcretiliyor\u201d<br \/>\nMersin \u0130l Tar\u0131m M\u00fcd\u00fcrl\u00fc\u011f\u00fc temsilcisi Y\u00fcksek M\u00fchendis Kubilay Derin ise Mersin\u2019in tar\u0131msal yap\u0131s\u0131 hakk\u0131nda veriler payla\u015ft\u0131. T\u00fcrkiye\u2019de \u00fcretilen her 100 kilo meyvenin 12 kilosunun Mersin\u2019de \u00fcretildi\u011fini vurgulayan Derin, Mersin\u2019in tar\u0131msal \u00fcretimi ile milli ekonomiye yakla\u015f\u0131k 2 milyar dolar katk\u0131 yapt\u0131\u011f\u0131n\u0131 bildirdi. Derin sunumunda ayr\u0131ca; Tar\u0131m \u0130l M\u00fcd\u00fcrl\u00fc\u011f\u00fc\u2019n\u00fcn yapt\u0131\u011f\u0131 denetimler, organik tar\u0131m ve iyi tar\u0131m uygulamalar\u0131, tar\u0131msal \u00fcretimde kimyasal m\u00fccadeleye alternatif m\u00fccadele y\u00f6ntemleri ve verilen e\u011fitimlere yer verdi. <\/p>\n<p>KKTC d\u0131\u015f ticaretinin d\u00fcnyaya \u00e7\u0131k\u0131\u015f kap\u0131s\u0131 olan Mersin Liman\u0131 hakk\u0131nda da g\u00f6r\u00fc\u015f al\u0131\u015fveri\u015finde bulunuldu. Mersin Liman\u0131\u2019n\u0131n y\u00fck verilerini ve g\u00fcndemlerindeki projeleri Ticaret Grup M\u00fcd\u00fcr\u00fc Kerem Kavrar anlatt\u0131. <\/p>\n<p>Daha sonra s\u00f6z\u00fc alan KTTO Genel Sekreteri Aysun \u00d6net \u0130leri ise sunumunda KKTC\u2019deki ekonomi ve i\u015f ortam\u0131 hakk\u0131nda bilgi verdi. KKTC\u2019nin 4.5 milyar dolar seviyesinde gelir \u00fcreten bir ekonomi oldu\u011funu belirten \u0130leri, tar\u0131m sekt\u00f6r\u00fcn\u00fcn milli gelirdeki pay\u0131n\u0131n y\u00fczde 5 oldu\u011funu s\u00f6yledi. <\/p>\n<p>Konu\u015fmas\u0131nda adan\u0131n g\u00fcneyi ile ticaret yap\u0131lmas\u0131n\u0131 sa\u011flayan Ye\u015fil Hat T\u00fcz\u00fc\u011f\u00fc\u2019ne de yer veren \u0130leri, G\u00fcney K\u0131br\u0131s\u2019a 15 milyon euro de\u011ferinde sat\u0131\u015f yap\u0131ld\u0131\u011f\u0131n\u0131 s\u00f6yledi. G\u00fcney K\u0131br\u0131s\u2019a ve G\u00fcney K\u0131br\u0131s \u00fczerinden AB \u00fclkelerine sat\u0131\u015f yap\u0131labilmesini sa\u011flayan bu t\u00fcz\u00fck kapsam\u0131nda al\u0131nacak t\u00fcm belgeleri K\u0131br\u0131s T\u00fcrk Ticaret Odas\u0131\u2019n\u0131n verdi\u011fini, bu konuda muhataplar\u0131n\u0131n AB Komisyonu oldu\u011funu ve yetkilendirmelerin bu komisyon taraf\u0131ndan yap\u0131ld\u0131\u011f\u0131n\u0131 anlatt\u0131.   <\/p>\n<p>Su temin projesi ile T\u00fcrkiye\u2019den gelen 75 milyon metrek\u00fcpl\u00fck suyu do\u011fru kulland\u0131klar\u0131 takdirde tar\u0131m alan\u0131nda ham ve i\u015flenmi\u015f \u00fcr\u00fcnleri satabileceklerini ve bunun planlamas\u0131n\u0131 yapt\u0131klar\u0131n\u0131 belirten \u0130leri tar\u0131m\u0131 \u00f6nemli, \u00f6ncelikli ve tamamlay\u0131c\u0131 bir sekt\u00f6r olarak g\u00f6rd\u00fcklerini ve yap\u0131lanmas\u0131n\u0131 \u00f6nemsediklerini kaydetti. \u0130leri, organik \u00fcr\u00fcnleri \u00fcretim \u015fekilleri ile de\u011ferlerini art\u0131rarak markala\u015fm\u0131\u015f \u00fcr\u00fcnler olarak d\u0131\u015f pazarlara ula\u015ft\u0131rmak istediklerini bildirdi.<\/p>\n<p>KTTO Meclis \u00dcyesi \u0130zlem Nizam ise KKTC\u2019nin tar\u0131m potansiyeli ve uygulamalar\u0131 hakk\u0131nda de\u011ferlendirmelerde bulundu. <\/p>\n<p>MDTO ve KTTO yetkilileri program\u0131n sonunda b\u00f6lgede bulunan bir narenciye paketleme tesisinde incelemelerde bulundu.  <\/p>\n","protected":false},"excerpt":{"rendered":"<p>T\u00fcrkiye Odalar ve Borsalar Birli\u011fi (TOBB) ile K\u0131br\u0131s T\u00fcrk Ticaret Odas\u0131\u2019n\u0131n (KTTO) giri\u015fimleri ile KKTC\u2019de ticaret ve yat\u0131r\u0131m ortam\u0131n\u0131n geli\u015ftirilmesi i\u00e7in 2018 y\u0131l\u0131nda kurulan T\u00fcrkiye-KKTC Ticaret Odas\u0131 Forumu toplant\u0131s\u0131 Mersin\u2019de Mersin Deniz Ticaret Odas\u0131 (MDTO) ev sahipli\u011finde ger\u00e7ekle\u015ftirildi.\u00a0 Ortak \u00e7al\u0131\u015fma alanlar\u0131na tar\u0131m sekt\u00f6r\u00fcn\u00fc de ekleyen forum temsilcilerinin 2 g\u00fcnl\u00fck Mersin program\u0131 kapsam\u0131nda Mersin\u2019deki \u00a0avokado ve [&hellip;]<\/p>\n","protected":false},"author":2,"featured_media":29462,"comment_status":"open","ping_status":"open","sticky":false,"template":"","format":"standard","meta":{"footnotes":""},"categories":[7,8,2,3,5],"tags":[],"class_list":["post-29461","post","type-post","status-publish","format-standard","has-post-thumbnail","hentry","category-dunya","category-ekonomi","category-gundem","category-manset","category-mersin"],"views":7,"_links":{"self":[{"href":"https:\/\/mersinkadingazetesi.com\/index.php?rest_route=\/wp\/v2\/posts\/29461"}],"collection":[{"href":"https:\/\/mersinkadingazetesi.com\/index.php?rest_route=\/wp\/v2\/posts"}],"about":[{"href":"https:\/\/mersinkadingazetesi.com\/index.php?rest_route=\/wp\/v2\/types\/post"}],"author":[{"embeddable":true,"href":"https:\/\/mersinkadingazetesi.com\/index.php?rest_route=\/wp\/v2\/users\/2"}],"replies":[{"embeddable":true,"href":"https:\/\/mersinkadingazetesi.com\/index.php?rest_route=%2Fwp%2Fv2%2Fcomments&post=29461"}],"version-history":[{"count":0,"href":"https:\/\/mersinkadingazetesi.com\/index.php?rest_route=\/wp\/v2\/posts\/29461\/revisions"}],"wp:featuredmedia":[{"embeddable":true,"href":"https:\/\/mersinkadingazetesi.com\/index.php?rest_route=\/wp\/v2\/media\/29462"}],"wp:attachment":[{"href":"https:\/\/mersinkadingazetesi.com\/index.php?rest_route=%2Fwp%2Fv2%2Fmedia&parent=29461"}],"wp:term":[{"taxonomy":"category","embeddable":true,"href":"https:\/\/mersinkadingazetesi.com\/index.php?rest_route=%2Fwp%2Fv2%2Fcategories&post=29461"},{"taxonomy":"post_tag","embeddable":true,"href":"https:\/\/mersinkadingazetesi.com\/index.php?rest_route=%2Fwp%2Fv2%2Ftags&post=29461"}],"curies":[{"name":"wp","href":"https:\/\/api.w.org\/{rel}","templated":true}]}}