{"id":29464,"date":"2023-12-19T16:58:00","date_gmt":"2023-12-19T13:58:00","guid":{"rendered":"http:\/\/mersinkadingazetesi.com\/?p=29464"},"modified":"2023-12-19T16:58:00","modified_gmt":"2023-12-19T13:58:00","slug":"baskan-abdullah-ozyigit-calismalari-yerinde-inceledi-vatandaslarla-bulustu","status":"publish","type":"post","link":"https:\/\/mersinkadingazetesi.com\/?p=29464","title":{"rendered":"Ba\u015fkan Abdullah \u00d6zyi\u011fit \u00e7al\u0131\u015fmalar\u0131 yerinde inceledi, vatanda\u015flarla bulu\u015ftu"},"content":{"rendered":"<p>Mersin Yeni\u015fehir Belediye Ba\u015fkan\u0131 Abdullah \u00d6zyi\u011fit, E\u011fri\u00e7am Mahallesi\u2019nde y\u00fcr\u00fctt\u00fckleri yol ve kald\u0131r\u0131m yap\u0131m \u00e7al\u0131\u015fmalar\u0131n\u0131 mahalle muhtar\u0131 \u0130brahim \u00dcnel ile birlikte yerinde inceledi. B\u00f6lgedeki esnaflar\u0131 gezen ve vatanda\u015flarla bulu\u015fan Ba\u015fkan \u00d6zyi\u011fit, \u201cHem\u015fehrilerimizin de g\u00f6r\u00fc\u015flerini alarak, mahallelerimizin ihtiya\u00e7lar\u0131na y\u00f6nelik ad\u0131mlar atmaya devam ediyoruz.\u201d dedi.<br \/>\nMersin Yeni\u015fehir Belediyesi, kent genelinde ihtiya\u00e7 duyulan sokaklarda yol ve kald\u0131r\u0131m yap\u0131m ve onar\u0131m \u00e7al\u0131\u015fmalar\u0131na h\u0131z kesmeden devam ediyor. Yeni\u015fehir Belediye Ba\u015fkan\u0131 Abdullah \u00d6zyi\u011fit de y\u00fcr\u00fct\u00fclen \u00e7al\u0131\u015fmalar\u0131 yerinde inceliyor. Son olarak E\u011fri\u00e7am Mahallesi, 2256 numaral\u0131 sokaktaki \u00e7al\u0131\u015fmalar\u0131 inceleyen Ba\u015fkan Abdullah \u00d6zyi\u011fit, b\u00f6lgedeki vatanda\u015flar\u0131 da ziyaret ederek, g\u00f6r\u00fc\u015f ve \u00f6nerilerini ald\u0131.<br \/>\nE\u011fri\u00e7am Mahalle Muhtar\u0131 \u0130brahim \u00dcnel ile birlikte Gazi Mustafa Kemal Bulvar\u0131 ve Okan Merzeci Bulvar\u0131\u2019n\u0131 birbirine ba\u011flayan 2256 numaral\u0131 sokaktaki \u00e7al\u0131\u015fmalar\u0131 inceleyen Yeni\u015fehir Belediye Ba\u015fkan\u0131 Abdullah \u00d6zyi\u011fit, \u201cBuras\u0131 olduk\u00e7a yo\u011fun bir soka\u011f\u0131m\u0131z, yolu a\u015f\u0131nm\u0131\u015ft\u0131. Tabi E\u011fri\u00e7am\u2019\u0131n b\u00fcy\u00fck bir kentsel d\u00f6n\u00fc\u015f\u00fcme ihtiyac\u0131 var bunu da \u00f6n\u00fcm\u00fczdeki d\u00f6nemde ger\u00e7ekle\u015ftirece\u011fiz. Ama bu s\u00fcrede yollar\u0131m\u0131z\u0131n yenilenmesi noktas\u0131nda \u00e7al\u0131\u015fmalar\u0131m\u0131z devam ediyor. Mahalledeki en i\u015flek soka\u011f\u0131 yeniliyoruz. Vatanda\u015flar\u0131m\u0131za hay\u0131rl\u0131 olsun ama as\u0131l yenileme \u00f6n\u00fcm\u00fczdeki d\u00f6nem E\u011fri\u00e7am\u2019da yapaca\u011f\u0131m\u0131z kentsel d\u00f6n\u00fc\u015f\u00fcm olacak.\u201d dedi. Mahalle muhtar\u0131 \u0130brahim \u00dcnel ise \u201cBa\u015fkan\u0131m\u0131za te\u015fekk\u00fcr ediyorum. 20 seneden sonra bu asfalt\u0131m\u0131z\u0131 yeniledi. Ba\u015fkan\u0131m\u0131zdan memnunuz, her zaman beraber bir arkada\u015f gibi g\u00f6r\u00fc\u015f\u00fcyoruz. Allah raz\u0131 olsun.\u201d diye konu\u015ftu.  <\/p>\n","protected":false},"excerpt":{"rendered":"<p>Mersin Yeni\u015fehir Belediye Ba\u015fkan\u0131 Abdullah \u00d6zyi\u011fit, E\u011fri\u00e7am Mahallesi\u2019nde y\u00fcr\u00fctt\u00fckleri yol ve kald\u0131r\u0131m yap\u0131m \u00e7al\u0131\u015fmalar\u0131n\u0131 mahalle muhtar\u0131 \u0130brahim \u00dcnel ile birlikte yerinde inceledi. B\u00f6lgedeki esnaflar\u0131 gezen ve vatanda\u015flarla bulu\u015fan Ba\u015fkan \u00d6zyi\u011fit, \u201cHem\u015fehrilerimizin de g\u00f6r\u00fc\u015flerini alarak, mahallelerimizin ihtiya\u00e7lar\u0131na y\u00f6nelik ad\u0131mlar atmaya devam ediyoruz.\u201d dedi. Mersin Yeni\u015fehir Belediyesi, kent genelinde ihtiya\u00e7 duyulan sokaklarda yol ve kald\u0131r\u0131m yap\u0131m ve [&hellip;]<\/p>\n","protected":false},"author":2,"featured_media":29465,"comment_status":"open","ping_status":"open","sticky":false,"template":"","format":"standard","meta":{"footnotes":""},"categories":[3,5],"tags":[],"class_list":["post-29464","post","type-post","status-publish","format-standard","has-post-thumbnail","hentry","category-manset","category-mersin"],"views":2,"_links":{"self":[{"href":"https:\/\/mersinkadingazetesi.com\/index.php?rest_route=\/wp\/v2\/posts\/29464"}],"collection":[{"href":"https:\/\/mersinkadingazetesi.com\/index.php?rest_route=\/wp\/v2\/posts"}],"about":[{"href":"https:\/\/mersinkadingazetesi.com\/index.php?rest_route=\/wp\/v2\/types\/post"}],"author":[{"embeddable":true,"href":"https:\/\/mersinkadingazetesi.com\/index.php?rest_route=\/wp\/v2\/users\/2"}],"replies":[{"embeddable":true,"href":"https:\/\/mersinkadingazetesi.com\/index.php?rest_route=%2Fwp%2Fv2%2Fcomments&post=29464"}],"version-history":[{"count":0,"href":"https:\/\/mersinkadingazetesi.com\/index.php?rest_route=\/wp\/v2\/posts\/29464\/revisions"}],"wp:featuredmedia":[{"embeddable":true,"href":"https:\/\/mersinkadingazetesi.com\/index.php?rest_route=\/wp\/v2\/media\/29465"}],"wp:attachment":[{"href":"https:\/\/mersinkadingazetesi.com\/index.php?rest_route=%2Fwp%2Fv2%2Fmedia&parent=29464"}],"wp:term":[{"taxonomy":"category","embeddable":true,"href":"https:\/\/mersinkadingazetesi.com\/index.php?rest_route=%2Fwp%2Fv2%2Fcategories&post=29464"},{"taxonomy":"post_tag","embeddable":true,"href":"https:\/\/mersinkadingazetesi.com\/index.php?rest_route=%2Fwp%2Fv2%2Ftags&post=29464"}],"curies":[{"name":"wp","href":"https:\/\/api.w.org\/{rel}","templated":true}]}}