{"id":29497,"date":"2023-12-21T13:10:54","date_gmt":"2023-12-21T10:10:54","guid":{"rendered":"http:\/\/mersinkadingazetesi.com\/?p=29497"},"modified":"2023-12-21T13:10:54","modified_gmt":"2023-12-21T10:10:54","slug":"baskan-secer-cbk-villeneuve-dascq-lm-karsilasmasini-izledi","status":"publish","type":"post","link":"https:\/\/mersinkadingazetesi.com\/?p=29497","title":{"rendered":"BA\u015eKAN SE\u00c7ER, \u00c7BK &#8211; VILLENEUVE D&#8217;ASCQ LM KAR\u015eILA\u015eMASINI \u0130ZLED\u0130"},"content":{"rendered":"<p>Mersin B\u00fcy\u00fck\u015fehir Belediye Ba\u015fkan\u0131 Vahap Se\u00e7er, T\u00fcrkiye Kad\u0131nlar Basketbol S\u00fcper Ligi&#8217;nin (KBSL) ilk yar\u0131s\u0131n\u0131 24 puanla 2. s\u0131rada tamamlayan Mersin \u00c7ukurova Basketbol Kul\u00fcb\u00fc&#8217;n\u00fcn (\u00c7BK) EuroLeague Women B Grubu 10. Haftas\u0131nda Frans\u0131z tak\u0131m\u0131 Villeneuve d&#8217;Ascq LM ile kar\u015f\u0131la\u015fmas\u0131n\u0131 izleyerek Turuncu Lacivertlilere trib\u00fcnden destek verdi.<\/p>\n<p>Ba\u015fkan Se\u00e7er, Servet Tazeg\u00fcl Spor Salonu&#8217;nda ger\u00e7ekle\u015fen kar\u015f\u0131la\u015fmay\u0131 Mersin Valisi Ali Hamza Pehlivan&#8217;\u0131n e\u015fi Y\u0131ld\u0131z Pehlivan, Mersin Vali Yard\u0131mc\u0131s\u0131 \u0130brahim K\u00fc\u00e7\u00fck, \u00c7BK Ba\u015fkan\u0131 Serdar \u00c7evirgen ve \u00c7BK Asba\u015fkan\u0131 Ali Adal\u0131o\u011flu ile birlikte izledi.<\/p>\n<p>Kar\u015f\u0131la\u015fma konuk ekibin 54-70 \u00fcst\u00fcnl\u00fc\u011f\u00fc ile tamamland\u0131.<\/p>\n","protected":false},"excerpt":{"rendered":"<p>Mersin B\u00fcy\u00fck\u015fehir Belediye Ba\u015fkan\u0131 Vahap Se\u00e7er, T\u00fcrkiye Kad\u0131nlar Basketbol S\u00fcper Ligi&#8217;nin (KBSL) ilk yar\u0131s\u0131n\u0131 24 puanla 2. s\u0131rada tamamlayan Mersin \u00c7ukurova Basketbol Kul\u00fcb\u00fc&#8217;n\u00fcn (\u00c7BK) EuroLeague Women B Grubu 10. Haftas\u0131nda Frans\u0131z tak\u0131m\u0131 Villeneuve d&#8217;Ascq LM ile kar\u015f\u0131la\u015fmas\u0131n\u0131 izleyerek Turuncu Lacivertlilere trib\u00fcnden destek verdi. Ba\u015fkan Se\u00e7er, Servet Tazeg\u00fcl Spor Salonu&#8217;nda ger\u00e7ekle\u015fen kar\u015f\u0131la\u015fmay\u0131 Mersin Valisi Ali Hamza [&hellip;]<\/p>\n","protected":false},"author":2,"featured_media":29498,"comment_status":"open","ping_status":"open","sticky":false,"template":"","format":"standard","meta":{"footnotes":""},"categories":[3,10],"tags":[],"class_list":["post-29497","post","type-post","status-publish","format-standard","has-post-thumbnail","hentry","category-manset","category-spor"],"views":15,"_links":{"self":[{"href":"https:\/\/mersinkadingazetesi.com\/index.php?rest_route=\/wp\/v2\/posts\/29497"}],"collection":[{"href":"https:\/\/mersinkadingazetesi.com\/index.php?rest_route=\/wp\/v2\/posts"}],"about":[{"href":"https:\/\/mersinkadingazetesi.com\/index.php?rest_route=\/wp\/v2\/types\/post"}],"author":[{"embeddable":true,"href":"https:\/\/mersinkadingazetesi.com\/index.php?rest_route=\/wp\/v2\/users\/2"}],"replies":[{"embeddable":true,"href":"https:\/\/mersinkadingazetesi.com\/index.php?rest_route=%2Fwp%2Fv2%2Fcomments&post=29497"}],"version-history":[{"count":0,"href":"https:\/\/mersinkadingazetesi.com\/index.php?rest_route=\/wp\/v2\/posts\/29497\/revisions"}],"wp:featuredmedia":[{"embeddable":true,"href":"https:\/\/mersinkadingazetesi.com\/index.php?rest_route=\/wp\/v2\/media\/29498"}],"wp:attachment":[{"href":"https:\/\/mersinkadingazetesi.com\/index.php?rest_route=%2Fwp%2Fv2%2Fmedia&parent=29497"}],"wp:term":[{"taxonomy":"category","embeddable":true,"href":"https:\/\/mersinkadingazetesi.com\/index.php?rest_route=%2Fwp%2Fv2%2Fcategories&post=29497"},{"taxonomy":"post_tag","embeddable":true,"href":"https:\/\/mersinkadingazetesi.com\/index.php?rest_route=%2Fwp%2Fv2%2Ftags&post=29497"}],"curies":[{"name":"wp","href":"https:\/\/api.w.org\/{rel}","templated":true}]}}