{"id":29500,"date":"2023-12-21T13:12:24","date_gmt":"2023-12-21T10:12:24","guid":{"rendered":"http:\/\/mersinkadingazetesi.com\/?p=29500"},"modified":"2023-12-21T13:12:24","modified_gmt":"2023-12-21T10:12:24","slug":"buyuksehirin-cevre-ve-denizler-icin-destegi-suruyor","status":"publish","type":"post","link":"https:\/\/mersinkadingazetesi.com\/?p=29500","title":{"rendered":"B\u00dcY\u00dcK\u015eEH\u0130R&#8217;\u0130N \u00c7EVRE VE DEN\u0130ZLER \u0130\u00c7\u0130N DESTE\u011e\u0130 S\u00dcR\u00dcYOR"},"content":{"rendered":"<p>Mersin B\u00fcy\u00fck\u015fehir Belediyesi, Ufuk Avrupa Okyanuslar ve Sular\u0131n Restorasyonu Misyonu&#8217;nun temiz denizler ve okyanuslarla ilgili hedeflerinin desteklenmesine y\u00f6nelik &#8216;T\u00fcrkiye, Akdeniz Hub&#8217;\u0131n\u0131n Kurulmas\u0131 \u00c7al\u0131\u015ftay\u0131&#8217;nda yer ald\u0131. At\u0131ks\u0131z bir Mersin ve temiz Akdeniz i\u00e7in bir\u00e7ok proje y\u00fcr\u00fcten Mersin B\u00fcy\u00fck\u015fehir Belediyesi, kurulan Akdeniz Hub&#8217;\u0131nda yer alarak \u00e7al\u0131\u015fmalar\u0131n \u00e7er\u00e7evesini geni\u015fletecek.<\/p>\n<p>ODT\u00dc Deniz Bilimleri Enstit\u00fcs\u00fc \u00f6nc\u00fcl\u00fc\u011f\u00fcnde Mersin Ticaret ve Sanayi Odas\u0131, Mersin Deniz Ticaret Odas\u0131 ve Mersin Ekonomi Platformu&#8217;nun da i\u015f birli\u011finde yap\u0131lan \u00e7al\u0131\u015ftayda, Akdeniz&#8217;deki kirliliklerin \u00f6nlenmesi ve ortadan kald\u0131r\u0131lmas\u0131 i\u00e7in yap\u0131labilecekler \u00fczerine fikir al\u0131\u015fveri\u015fi yap\u0131ld\u0131.<\/p>\n<p>Temiz denizler ve temiz Akdeniz hedefine y\u00f6nelik ad\u0131mlar konu\u015fuldu<\/p>\n<p>MTSO Toplant\u0131 Salonu&#8217;nda yap\u0131lan \u00e7al\u0131\u015ftaya ODT\u00dc DBE M\u00fcd\u00fcr\u00fc Prof. Dr. Bar\u0131\u015f Saliho\u011flu, Mersin B\u00fcy\u00fck\u015fehir Belediyesi \u00c7evre Koruma ve Kontrol Dairesi Ba\u015fkan\u0131 Dr. B\u00fclent Halisdemir, MTSO Y\u00f6netim Kurulu Ba\u015fkan\u0131 Hakan Sefa \u00c7ak\u0131r, MDTO Y\u00f6netim Kurulu Ba\u015fkan\u0131 Cihat Lokmano\u011flu, Mersin \u00dcniversitesi Rekt\u00f6r Yard\u0131mc\u0131s\u0131 Prof. Dr. Ahmet Hakan \u00d6zt\u00fcrk ve kent payda\u015flar\u0131n\u0131n temsilcileri kat\u0131ld\u0131.<\/p>\n<p>Okyanuslar\u0131n, denizlerin ve sular\u0131n kirlenmesini \u00f6nleme ve ortadan kald\u0131rman\u0131n ana ama\u00e7lar aras\u0131nda yer ald\u0131\u011f\u0131 \u00e7al\u0131\u015ftayda, temiz denizlerle ilgili ulusal ve uluslararas\u0131 uygulamalar payla\u015f\u0131ld\u0131. Akdeniz&#8217;de kirlili\u011fin \u00f6nlenmesi ve ortadan kald\u0131r\u0131lmas\u0131 hedefine y\u00f6nelik engeller, aksiyonlar ve \u00f6ncelikli ad\u0131mlar konusunda g\u00f6r\u00fc\u015f al\u0131\u015fveri\u015finin de yap\u0131ld\u0131\u011f\u0131 \u00e7al\u0131\u015ftayda, Dr. B\u00fclent Halisdemir &#8216;At\u0131ks\u0131z \u015fehirler ve temiz denizler: Mersin \u00d6rne\u011fi&#8217; konu ba\u015fl\u0131kl\u0131 bir sunum ger\u00e7ekle\u015ftirdi.<\/p>\n<p>Dr. Halisdemir: &#8220;Mersin&#8217;de denizle ilgili yapt\u0131\u011f\u0131m\u0131z \u00e7al\u0131\u015fmalar hakk\u0131nda bilgi verdik&#8221;<\/p>\n<p>\u00c7evre Koruma ve Kontrol Dairesi Ba\u015fkan\u0131 Dr. B\u00fclent Halisdemir, \u00e7al\u0131\u015ftayda B\u00fcy\u00fck\u015fehir Belediyesi olarak at\u0131ks\u0131z bir kent ve temiz bir deniz i\u00e7in yapt\u0131klar\u0131 \u00e7al\u0131\u015fmalarla ilgili bir sunum ger\u00e7ekle\u015ftirdi. \u00c7al\u0131\u015ftay\u0131n ana konusunu ve ama\u00e7lar\u0131n\u0131 anlatan Halisdemir, &#8220;Bu Ufuk Avrupa Misyon Okyanuslar&#8217;\u0131n temiz denizler hedeflerine y\u00f6nelik b\u00f6lgemiz akt\u00f6rleri ile gelecek ad\u0131mlar\u0131 g\u00f6r\u00fc\u015fmeye y\u00f6nelik \u00e7al\u0131\u015ftay. \u00d6zellikle Akdeniz&#8217;de okyanus ve sular\u0131n sa\u011fl\u0131kl\u0131 hale getirilmesi, kirlili\u011fe kar\u015f\u0131 diren\u00e7li hale gelmesi ve kirleticilerin minimuma indirilmesi, \u00f6nlenmesi, kaynakta korunmas\u0131 i\u00e7in, ODT\u00dc Deniz Bilimleri Enstit\u00fcs\u00fc hocalar\u0131m\u0131z\u0131n katk\u0131lar\u0131 ile y\u00fcr\u00fct\u00fclen BlueMissionMed projesi kapsam\u0131nda at\u0131ks\u0131z ve temiz denizler i\u00e7in &#8216;T\u00fcrkiye, Akdeniz Hub&#8217;\u0131 Kurma&#8217; \u00e7al\u0131\u015ftay\u0131n\u0131 ger\u00e7ekle\u015ftiriyoruz. \u00c7al\u0131\u015ftayda Avrupa Birli\u011fi delegasyonundan, T\u00dcB\u0130TAK&#8217;tan, \u00e7e\u015fitli \u00fcniversitelerden, kurum ve kurulu\u015flardan \u00e7ok de\u011ferli ara\u015ft\u0131rmac\u0131lar\u0131n ve y\u00f6neticiler temiz denizlere y\u00f6nelik ger\u00e7ekle\u015ftirdikleri \u00e7al\u0131\u015fmal\u0131 i\u00e7eren sunumlar\u0131 oldu. Biz de Mersin B\u00fcy\u00fck\u015fehir Belediyesi olarak, at\u0131ks\u0131z bir kent olu\u015fumu noktas\u0131nda Mersin&#8217;de denizle ilgili yapt\u0131\u011f\u0131m\u0131z \u00e7al\u0131\u015fmalar\u0131m\u0131z hakk\u0131nda bilgi verdik. Bizim bu i\u015fin neresinde oldu\u011fumuzdan, ne t\u00fcr teknolojik yenilikleri kulland\u0131\u011f\u0131m\u0131zdan, projelerimizden ve bundan sonra yapacaklar\u0131m\u0131zdan bahsettik&#8221; dedi.<\/p>\n<p>&#8220;Amac\u0131m\u0131z temiz bir Akdeniz, kirletilmemi\u015f bir Akdeniz&#8221;<\/p>\n<p>En son ger\u00e7ekle\u015ftirdikleri Temiz Akdeniz Projesi&#8217;nin detaylar\u0131n\u0131 da kat\u0131l\u0131mc\u0131larla payla\u015ft\u0131klar\u0131n\u0131 belirten Halisdemir, &#8220;Amac\u0131m\u0131z temiz bir Akdeniz. Mersin&#8217;in Akdeniz&#8217;e k\u00fcs olan bir \u015fehir olmamas\u0131; her yerinden, her noktas\u0131ndan vatanda\u015flar\u0131m\u0131z\u0131n faydalanabilece\u011fi bir Akdeniz&#8217;i elde etmek i\u00e7in bug\u00fcn burada bir \u00e7al\u0131\u015ftay d\u00fczenleniyor. Buradan \u00e7\u0131kan sonu\u00e7lar gerek yerel, gerek ulusal, gerekse de uluslararas\u0131 alanlarda \u00e7\u00f6z\u00fcm \u00f6nerileriyle birlikte yay\u0131nlanacak. Bir sonraki a\u015famada da uygulamalara ge\u00e7ece\u011fiz&#8221; diye konu\u015ftu.<\/p>\n<p>Prof. Saliho\u011flu: &#8220;Sorunlara h\u0131zl\u0131 \u00e7\u00f6z\u00fcmler \u00fcretmeyi ama\u00e7l\u0131yoruz&#8221;<\/p>\n<p>ODT\u00dc Deniz Bilimleri Enstit\u00fcs\u00fc M\u00fcd\u00fcr\u00fc Prof. Dr. Bar\u0131\u015f Saliho\u011flu, \u00e7al\u0131\u015ftayda ana oda\u011f\u0131n Akdeniz k\u0131y\u0131lar\u0131nda olan kirlilik ve bu kirlili\u011fin ortadan nas\u0131l kald\u0131rabilece\u011fi oldu\u011funu s\u00f6yleyerek, &#8220;Zaten B\u00fcy\u00fck\u015fehir Belediyemiz ile uzun s\u00fcredir \u00e7e\u015fitli \u00e7al\u0131\u015fmalar y\u00fcr\u00fct\u00fcyorduk. \u00d6rne\u011fin, Temiz Akdeniz gibi ba\u015flatt\u0131\u011f\u0131m\u0131z bir program var. Bug\u00fcn de bir Akdeniz hub&#8217;\u0131 kuruyoruz. Yani kirlilikle m\u00fccadeleye y\u00f6nelik bir hub kuruyoruz ve bu hub alt\u0131nda B\u00fcy\u00fck\u015fehir Belediyemiz ba\u015fta olmak \u00fczere bir\u00e7ok payda\u015f\u0131 bulu\u015fturuyoruz. T\u00fcm payda\u015flar bug\u00fcn bu hub alt\u0131nda yer al\u0131yor ve buradaki ana amac\u0131m\u0131z \u00e7\u00f6z\u00fcmlere odaklanmak. Bug\u00fcne kadar sorunlar\u0131 \u00e7al\u0131\u015ft\u0131k, \u00e7al\u0131\u015fmaya da devam edece\u011fiz. Ama bundan sonra h\u0131zla nas\u0131l \u00e7\u00f6z\u00fcm ortaya koyabiliriz, bunlara da odaklanmak amac\u0131nday\u0131z&#8221; dedi.<\/p>\n<p>&#8220;Sa\u011fl\u0131kl\u0131 bir deniz ekosistemine ula\u015fmay\u0131 hedefliyoruz&#8221;<\/p>\n<p>K\u0131sa, orta ve uzun vadeli hedefler belirleyeceklerini de s\u00f6zlerine ekleyen Prof. Saliho\u011flu, &#8220;\u00d6ncelikle bir durum tespiti yapt\u0131k. Bundan sonraki oturumlarda da \u00e7\u00f6z\u00fcmlere y\u00f6nelik herkes nas\u0131l g\u00f6rev alabilir, ne t\u00fcr taahh\u00fctlerde bulunabilir, bunlar\u0131 toparlay\u0131p ilerlemeyi hedefliyoruz. Bizim hem k\u0131sa vadeli, hem orta vadeli planlar\u0131m\u0131z olacak. \u00c7\u00fcnk\u00fc s\u00fcre\u00e7 uzun bir s\u00fcre\u00e7. Yani bu denizlerin temizlenmesi k\u0131sa vadede olmuyor maalesef. Ama baz\u0131 k\u0131sa vadeli \u00f6nlemlerle, 1-2 y\u0131l i\u00e7inde daha iyi bir hale getirmeyi ama\u00e7l\u0131yoruz. Uzun vadede \u00e7ok daha sa\u011fl\u0131kl\u0131 bir deniz ekosistemine ula\u015fmay\u0131 hedefliyoruz&#8221; ifadelerini kulland\u0131.<\/p>\n","protected":false},"excerpt":{"rendered":"<p>Mersin B\u00fcy\u00fck\u015fehir Belediyesi, Ufuk Avrupa Okyanuslar ve Sular\u0131n Restorasyonu Misyonu&#8217;nun temiz denizler ve okyanuslarla ilgili hedeflerinin desteklenmesine y\u00f6nelik &#8216;T\u00fcrkiye, Akdeniz Hub&#8217;\u0131n\u0131n Kurulmas\u0131 \u00c7al\u0131\u015ftay\u0131&#8217;nda yer ald\u0131. At\u0131ks\u0131z bir Mersin ve temiz Akdeniz i\u00e7in bir\u00e7ok proje y\u00fcr\u00fcten Mersin B\u00fcy\u00fck\u015fehir Belediyesi, kurulan Akdeniz Hub&#8217;\u0131nda yer alarak \u00e7al\u0131\u015fmalar\u0131n \u00e7er\u00e7evesini geni\u015fletecek. ODT\u00dc Deniz Bilimleri Enstit\u00fcs\u00fc \u00f6nc\u00fcl\u00fc\u011f\u00fcnde Mersin Ticaret ve Sanayi [&hellip;]<\/p>\n","protected":false},"author":2,"featured_media":29501,"comment_status":"open","ping_status":"open","sticky":false,"template":"","format":"standard","meta":{"footnotes":""},"categories":[8,2,3,5],"tags":[],"class_list":["post-29500","post","type-post","status-publish","format-standard","has-post-thumbnail","hentry","category-ekonomi","category-gundem","category-manset","category-mersin"],"views":3,"_links":{"self":[{"href":"https:\/\/mersinkadingazetesi.com\/index.php?rest_route=\/wp\/v2\/posts\/29500"}],"collection":[{"href":"https:\/\/mersinkadingazetesi.com\/index.php?rest_route=\/wp\/v2\/posts"}],"about":[{"href":"https:\/\/mersinkadingazetesi.com\/index.php?rest_route=\/wp\/v2\/types\/post"}],"author":[{"embeddable":true,"href":"https:\/\/mersinkadingazetesi.com\/index.php?rest_route=\/wp\/v2\/users\/2"}],"replies":[{"embeddable":true,"href":"https:\/\/mersinkadingazetesi.com\/index.php?rest_route=%2Fwp%2Fv2%2Fcomments&post=29500"}],"version-history":[{"count":0,"href":"https:\/\/mersinkadingazetesi.com\/index.php?rest_route=\/wp\/v2\/posts\/29500\/revisions"}],"wp:featuredmedia":[{"embeddable":true,"href":"https:\/\/mersinkadingazetesi.com\/index.php?rest_route=\/wp\/v2\/media\/29501"}],"wp:attachment":[{"href":"https:\/\/mersinkadingazetesi.com\/index.php?rest_route=%2Fwp%2Fv2%2Fmedia&parent=29500"}],"wp:term":[{"taxonomy":"category","embeddable":true,"href":"https:\/\/mersinkadingazetesi.com\/index.php?rest_route=%2Fwp%2Fv2%2Fcategories&post=29500"},{"taxonomy":"post_tag","embeddable":true,"href":"https:\/\/mersinkadingazetesi.com\/index.php?rest_route=%2Fwp%2Fv2%2Ftags&post=29500"}],"curies":[{"name":"wp","href":"https:\/\/api.w.org\/{rel}","templated":true}]}}