{"id":29503,"date":"2023-12-21T13:13:07","date_gmt":"2023-12-21T10:13:07","guid":{"rendered":"http:\/\/mersinkadingazetesi.com\/?p=29503"},"modified":"2023-12-21T13:13:07","modified_gmt":"2023-12-21T10:13:07","slug":"deva-partili-ekmen-secmen-tasima-konusunda-yapilan-usulsuzluklere-dikkat-cekti","status":"publish","type":"post","link":"https:\/\/mersinkadingazetesi.com\/?p=29503","title":{"rendered":"DEVA PART\u0130L\u0130 EKMEN, SE\u00c7MEN TA\u015eIMA KONUSUNDA YAPILAN USULS\u00dcZL\u00dcKLERE D\u0130KKAT \u00c7EKT\u0130"},"content":{"rendered":"<p>DEVA Partisi Genel Ba\u015fkan Yard\u0131mc\u0131s\u0131 ve Mersin Milletvekili Mehmet Emin Ekmen, \u00f6nceki se\u00e7imlerde se\u00e7men ta\u015f\u0131ma konusunda ileri s\u00fcr\u00fclen usuls\u00fczl\u00fcklerin \u00f6n\u00fcm\u00fczdeki se\u00e7imde tekrarlanmamas\u0131 i\u00e7in \u00f6ncelikle Meclis Genel Kurulu\u2019nda bir konu\u015fma yapt\u0131. Daha sonra da \u0130\u00e7i\u015fleri Bakan\u0131 Ali Yerlikaya\u2019ya, Adalet Bakan\u0131 Y\u0131lmaz Tun\u00e7\u2019a ve YSK Ba\u015fkan\u0131 Ahmet Yener\u2019e durumu TBMM Genel Kurul konu\u015fma metninin ekli oldu\u011fu birer notla ileterek konuya dikkatlerini \u00e7ekti.<\/p>\n<p>Ekmen, Genel Kurul\u2019da Diyarbak\u0131r, Batman ve Siirt illerini ziyarette bulundu\u011funu ve bu ziyaretlerde \u00f6zellikle Siirt\u2019te yo\u011fun ya\u015fanan fakat di\u011fer illerde de ya\u015fanm\u0131\u015f olan k\u00fc\u00e7\u00fck il\u00e7elerdeki se\u00e7men ta\u015f\u0131ma hareketlerinin bu b\u00f6lgelerde \u00e7ok ciddi bir sosyal gerilime d\u00f6n\u00fc\u015ft\u00fc\u011f\u00fcn\u00fc belirtti. Adres de\u011fi\u015fikli\u011finde bulunma s\u00fcresinin 1 Ekim 2023 tarihi itibariyle sonland\u0131\u011f\u0131n\u0131 s\u00f6yleyen Ekmen, Mahalli \u0130dareler Genel Se\u00e7imi resmi takviminin 1 Ocak 2024\u2019te ba\u015flayaca\u011f\u0131n\u0131 ve 4 Ocak\u2019ta ask\u0131ya \u00e7\u0131kacak olan listelerin bu b\u00f6lgelerde titizlikle incelenip usuls\u00fczl\u00fck olmas\u0131 durumunda gerekli itirazlar\u0131n yap\u0131laca\u011f\u0131n\u0131 ifade etti.<\/p>\n<p>Mehmet Emin Ekmen; Pervari, \u015eirvan ve Eruh gibi se\u00e7men say\u0131s\u0131n\u0131n 3 ila 5 bin aras\u0131nda de\u011fi\u015fen il\u00e7elerde bini bulan se\u00e7men hareketlili\u011fi ya\u015fand\u0131\u011f\u0131n\u0131n iddia edildi\u011fini hat\u0131rlatt\u0131. Toplam n\u00fcfusunun y\u00fczde 25\u2019ine tekab\u00fcl eden bu say\u0131n\u0131n \u00e7ok vahim oldu\u011funu belirten Ekmen, hi\u00e7bir siyasi partinin bir sosyal gerilime yol a\u00e7acak b\u00f6ylesi bir olaydan taraf oldu\u011funa inanmad\u0131\u011f\u0131n\u0131 belirtti. \u0130tiraz eden \u00e7evrelerin \u00f6n\u00fcm\u00fczdeki se\u00e7imlerde durumu titizlikle takip edece\u011fi uyar\u0131s\u0131nda bulunan Ekmen, yetkililerden beklentisini \u015f\u00f6yle ifade etti:<\/p>\n<p>\u201cBizim, \u0130\u00e7i\u015fleri ve Adalet Bakanl\u0131\u011f\u0131ndan, Y\u00fcksek Se\u00e7im Kurulundan ricam\u0131z \u015fudur: Kolluk, burada yapaca\u011f\u0131 incelemede hakkaniyete uygun davrans\u0131n, bu evleri ger\u00e7ekten yerinde ziyaret etsin; bu evlerde bu d\u00f6nemde ta\u015f\u0131nm\u0131\u015f se\u00e7menin nereden geldi\u011fine, bu se\u00e7menin ger\u00e7ekten bu il\u00e7e s\u0131n\u0131rlar\u0131 i\u00e7erisinde ya\u015fay\u0131p ya\u015famad\u0131\u011f\u0131na dikkat etsin. Aksi h\u00e2lde, k\u00e2\u011f\u0131t \u00fcst\u00fcnde yap\u0131lacak incelemelerle verilecek ret kararlar\u0131 se\u00e7im kampanya d\u00f6nemince b\u00fcy\u00fck bir sosyal gerilim olarak bize geri d\u00f6nebilecektir. Mesela, birka\u00e7 \u00f6rnek payla\u015fmak istiyorum, tabii ki isim baz\u0131nda de\u011fil, vaka baz\u0131nda: Birincisi, ta\u015frada bulunan karakollardaki subay, astsubay ve uzman \u00e7avu\u015flar\u0131n il\u00e7e merkezlerine ta\u015f\u0131nd\u0131\u011f\u0131 iddias\u0131 var. \u0130\u00e7i\u015fleri Bakan\u0131m\u0131z, ilgili il valimiz buna g\u00f6z yummamal\u0131d\u0131r. \u0130kincisi, rekabet olmayan k\u00f6ylerdeki muhtarlara belediye ba\u015fkan adaylar\u0131n\u0131n \u2018Sizin k\u00f6yde nas\u0131lsa rekabet yok, \u015fu kadar se\u00e7meni il\u00e7e merkezine ta\u015f\u0131yal\u0131m.\u2019 diye yapt\u0131\u011f\u0131 bir bask\u0131 ve ald\u0131\u011f\u0131 sonu\u00e7lar vard\u0131r. \u00dc\u00e7\u00fcnc\u00fcs\u00fc de 2019 se\u00e7imleri i\u00e7in s\u0131kl\u0131kla dile getirilen 142 belgesiyle kullan\u0131lan oylarda birtak\u0131m suiistimallerin ya\u015fand\u0131\u011f\u0131na dair iddialar vard\u0131r. Ben Y\u00fcksek Se\u00e7im Kurulunun ilgili birimleriyle g\u00f6r\u00fc\u015ft\u00fcm. 142 no.lu belgeyle kullan\u0131lacak oylara ili\u015fkin ciddi tedbirler al\u0131nm\u0131\u015f durumda ancak T\u00fcrkiye&#8217;deki b\u00fct\u00fcn elektronik altyap\u0131n\u0131n 142 numaral\u0131 belgeyle oy kullanacak b\u00fct\u00fcn se\u00e7menin sadece oy kulland\u0131klar\u0131 se\u00e7men sand\u0131\u011f\u0131nda de\u011fil, ayn\u0131 zamanda nereye ta\u015f\u0131nd\u0131klar\u0131na ve nerede oy kullanacaklar\u0131na dair de e\u011fer Y\u00fcksek Se\u00e7im Kurulu dijital altyap\u0131s\u0131n\u0131 kurar ve bunu b\u00fct\u00fcn siyasi partilerin denetimine a\u00e7arsa buradaki ihtilaflar da ortadan kalkacakt\u0131r.\u201d<\/p>\n<p>Mehmet Emin Ekmen, ya\u015fanan bu ihmalleri, meydana gelen sosyal gerilimi ve al\u0131nmas\u0131 gereken \u00f6nlemleri k\u0131saca \u00f6zetleyip TBMM Genel Kurulu\u2019nda yapt\u0131\u011f\u0131 ilgili konu\u015fmay\u0131 da ekleyerek ad\u0131 ge\u00e7en yetkililere iletti ve onlardan bu konuda gerekli hassasiyeti g\u00f6stermelerini istirham etti.<\/p>\n","protected":false},"excerpt":{"rendered":"<p>DEVA Partisi Genel Ba\u015fkan Yard\u0131mc\u0131s\u0131 ve Mersin Milletvekili Mehmet Emin Ekmen, \u00f6nceki se\u00e7imlerde se\u00e7men ta\u015f\u0131ma konusunda ileri s\u00fcr\u00fclen usuls\u00fczl\u00fcklerin \u00f6n\u00fcm\u00fczdeki se\u00e7imde tekrarlanmamas\u0131 i\u00e7in \u00f6ncelikle Meclis Genel Kurulu\u2019nda bir konu\u015fma yapt\u0131. Daha sonra da \u0130\u00e7i\u015fleri Bakan\u0131 Ali Yerlikaya\u2019ya, Adalet Bakan\u0131 Y\u0131lmaz Tun\u00e7\u2019a ve YSK Ba\u015fkan\u0131 Ahmet Yener\u2019e durumu TBMM Genel Kurul konu\u015fma metninin ekli oldu\u011fu birer [&hellip;]<\/p>\n","protected":false},"author":2,"featured_media":29504,"comment_status":"open","ping_status":"open","sticky":false,"template":"","format":"standard","meta":{"footnotes":""},"categories":[3,6],"tags":[],"class_list":["post-29503","post","type-post","status-publish","format-standard","has-post-thumbnail","hentry","category-manset","category-siyaset-2"],"views":4,"_links":{"self":[{"href":"https:\/\/mersinkadingazetesi.com\/index.php?rest_route=\/wp\/v2\/posts\/29503"}],"collection":[{"href":"https:\/\/mersinkadingazetesi.com\/index.php?rest_route=\/wp\/v2\/posts"}],"about":[{"href":"https:\/\/mersinkadingazetesi.com\/index.php?rest_route=\/wp\/v2\/types\/post"}],"author":[{"embeddable":true,"href":"https:\/\/mersinkadingazetesi.com\/index.php?rest_route=\/wp\/v2\/users\/2"}],"replies":[{"embeddable":true,"href":"https:\/\/mersinkadingazetesi.com\/index.php?rest_route=%2Fwp%2Fv2%2Fcomments&post=29503"}],"version-history":[{"count":0,"href":"https:\/\/mersinkadingazetesi.com\/index.php?rest_route=\/wp\/v2\/posts\/29503\/revisions"}],"wp:featuredmedia":[{"embeddable":true,"href":"https:\/\/mersinkadingazetesi.com\/index.php?rest_route=\/wp\/v2\/media\/29504"}],"wp:attachment":[{"href":"https:\/\/mersinkadingazetesi.com\/index.php?rest_route=%2Fwp%2Fv2%2Fmedia&parent=29503"}],"wp:term":[{"taxonomy":"category","embeddable":true,"href":"https:\/\/mersinkadingazetesi.com\/index.php?rest_route=%2Fwp%2Fv2%2Fcategories&post=29503"},{"taxonomy":"post_tag","embeddable":true,"href":"https:\/\/mersinkadingazetesi.com\/index.php?rest_route=%2Fwp%2Fv2%2Ftags&post=29503"}],"curies":[{"name":"wp","href":"https:\/\/api.w.org\/{rel}","templated":true}]}}