{"id":29509,"date":"2023-12-21T16:48:34","date_gmt":"2023-12-21T13:48:34","guid":{"rendered":"http:\/\/mersinkadingazetesi.com\/?p=29509"},"modified":"2023-12-21T16:48:34","modified_gmt":"2023-12-21T13:48:34","slug":"depremzede-cocuklara-ve-bakim-verenlere-adli-yardim-destegi-verilecek","status":"publish","type":"post","link":"https:\/\/mersinkadingazetesi.com\/?p=29509","title":{"rendered":"DEPREMZEDE \u00c7OCUKLARA VE BAKIM VERENLERE ADL\u0130 YARDIM DESTE\u011e\u0130 VER\u0130LECEK"},"content":{"rendered":"<p>T\u00fcrkiye Barolar Birli\u011fi ve UNICEF taraf\u0131ndan d\u00fczenlenen, &#8220;Deprem Sonras\u0131 Hukuki G\u00fc\u00e7lendirme, Yard\u0131m ve Koruma Program\u0131 (LEAP) kapsam\u0131nda, Mersin Barosu&#8217;nun da deste\u011fiyle, depremzede \u00e7ocuklara ve bak\u0131m verenlere adli yard\u0131m deste\u011fi verilecek.<\/p>\n<p>K\u0131demli \u00c7ocuk Koruma Uzman\u0131 G\u00f6ktan Ko\u00e7y\u0131ld\u0131r\u0131m ve TBB \u00c7ocuk Haklar\u0131 Komisyonu Sekreteri Av. Burcu D\u00fczen,  Baro Ba\u015fkan\u0131m\u0131z Av. Gazi \u00d6zdemir&#8217;i ve y\u00f6netim kurulu \u00fcyelerimizi ziyaret ederek, depremzede \u00e7ocuklara ve bak\u0131m verenlere sa\u011flanacak hukuki destek hakk\u0131nda planlama yap\u0131ld\u0131.<\/p>\n<p>DEPREMZEDE \u00c7OCUKLAR HAK \u0130HLAL\u0130NE U\u011eRUYOR<\/p>\n<p>Mersin Barosu Ba\u015fkan Yard\u0131mc\u0131s\u0131 Av. Kaz\u0131m Y\u00fcksel ve y\u00f6netim kurulu \u00fcyesi Av. \u00c7i\u011fdem Ata\u015f Er\u00e7olak&#8217;\u0131n da bulundu\u011fu ziyarette; TBB ile UNICEF&#8217;in i\u015fbirli\u011finde, deprem b\u00f6lgelerindeki ve Mersin&#8217;deki avukatlara y\u00f6nelik, depremzede \u00e7ocuklara ve bak\u0131m verenler i\u00e7in verilecek hukuki destek e\u011fitiminin \u00e7ok \u00f6nemli oldu\u011funu ifade eden Baro Ba\u015fkan\u0131 Av. Gazi \u00d6zdemir, &#8220;\u00dclkemizde 6 \u015eubat&#8217;ta ya\u015fanan deprem sonras\u0131nda, refakatsiz ve ailesinden ayr\u0131 kalm\u0131\u015f \u00e7ocuklar y\u00fcksek d\u00fczeyde \u015fiddet, s\u00f6m\u00fcr\u00fc, istismar, yasa d\u0131\u015f\u0131 evlat edinme, \u00e7ocuk i\u015f\u00e7ili\u011fi, insan ticareti ile kar\u015f\u0131 kar\u015f\u0131ya kalmaktad\u0131r. En \u00e7ok da depremzede k\u0131z \u00e7ocuklar\u0131m\u0131z hak ihlaline u\u011framaktad\u0131r.  Deprem b\u00f6lgelerinden \u00e7ok fazla g\u00f6\u00e7 alan Mersin&#8217;de, hak ihlaline u\u011frayan \u00e7ocuklar\u0131m\u0131za ve bak\u0131m verenlere, Mersin Barosu Adli Yard\u0131m Merkezimiz ve Mersin Barosu \u00c7ocuk Haklar\u0131 Merkezimiz ile birlikte g\u00f6n\u00fcll\u00fc olarak hukuki destek vermeye haz\u0131r\u0131z&#8221; dedi.<\/p>\n<p>HAK \u0130HLALLER\u0130N\u0130N \u00d6N\u00dcNE GE\u00c7\u0130LECEK<\/p>\n<p>K\u0131demli \u00c7ocuk Koruma Uzman\u0131 G\u00f6ktan Ko\u00e7y\u0131ld\u0131r\u0131m ise, deprem b\u00f6lgelerinde ve \u00e7ok fazla depremzede g\u00f6\u00e7\u00fc ya\u015fanan Mersin&#8217;de avukatlara verilecek e\u011fitimle birlikte, depremzede \u00e7ocuklar\u0131n ya\u015fayaca\u011f\u0131 hak ihlalinin \u00f6n\u00fcne ge\u00e7ilebilece\u011fine inand\u0131\u011f\u0131n\u0131 ifade ederek, projeye destek veren Mersin Barosu y\u00f6netimine te\u015fekk\u00fcr etti. <\/p>\n","protected":false},"excerpt":{"rendered":"<p>T\u00fcrkiye Barolar Birli\u011fi ve UNICEF taraf\u0131ndan d\u00fczenlenen, &#8220;Deprem Sonras\u0131 Hukuki G\u00fc\u00e7lendirme, Yard\u0131m ve Koruma Program\u0131 (LEAP) kapsam\u0131nda, Mersin Barosu&#8217;nun da deste\u011fiyle, depremzede \u00e7ocuklara ve bak\u0131m verenlere adli yard\u0131m deste\u011fi verilecek. K\u0131demli \u00c7ocuk Koruma Uzman\u0131 G\u00f6ktan Ko\u00e7y\u0131ld\u0131r\u0131m ve TBB \u00c7ocuk Haklar\u0131 Komisyonu Sekreteri Av. Burcu D\u00fczen, Baro Ba\u015fkan\u0131m\u0131z Av. Gazi \u00d6zdemir&#8217;i ve y\u00f6netim kurulu \u00fcyelerimizi ziyaret [&hellip;]<\/p>\n","protected":false},"author":2,"featured_media":29510,"comment_status":"open","ping_status":"open","sticky":false,"template":"","format":"standard","meta":{"footnotes":""},"categories":[2,3,5],"tags":[],"class_list":["post-29509","post","type-post","status-publish","format-standard","has-post-thumbnail","hentry","category-gundem","category-manset","category-mersin"],"views":4,"_links":{"self":[{"href":"https:\/\/mersinkadingazetesi.com\/index.php?rest_route=\/wp\/v2\/posts\/29509"}],"collection":[{"href":"https:\/\/mersinkadingazetesi.com\/index.php?rest_route=\/wp\/v2\/posts"}],"about":[{"href":"https:\/\/mersinkadingazetesi.com\/index.php?rest_route=\/wp\/v2\/types\/post"}],"author":[{"embeddable":true,"href":"https:\/\/mersinkadingazetesi.com\/index.php?rest_route=\/wp\/v2\/users\/2"}],"replies":[{"embeddable":true,"href":"https:\/\/mersinkadingazetesi.com\/index.php?rest_route=%2Fwp%2Fv2%2Fcomments&post=29509"}],"version-history":[{"count":0,"href":"https:\/\/mersinkadingazetesi.com\/index.php?rest_route=\/wp\/v2\/posts\/29509\/revisions"}],"wp:featuredmedia":[{"embeddable":true,"href":"https:\/\/mersinkadingazetesi.com\/index.php?rest_route=\/wp\/v2\/media\/29510"}],"wp:attachment":[{"href":"https:\/\/mersinkadingazetesi.com\/index.php?rest_route=%2Fwp%2Fv2%2Fmedia&parent=29509"}],"wp:term":[{"taxonomy":"category","embeddable":true,"href":"https:\/\/mersinkadingazetesi.com\/index.php?rest_route=%2Fwp%2Fv2%2Fcategories&post=29509"},{"taxonomy":"post_tag","embeddable":true,"href":"https:\/\/mersinkadingazetesi.com\/index.php?rest_route=%2Fwp%2Fv2%2Ftags&post=29509"}],"curies":[{"name":"wp","href":"https:\/\/api.w.org\/{rel}","templated":true}]}}