{"id":29512,"date":"2023-12-21T16:49:13","date_gmt":"2023-12-21T13:49:13","guid":{"rendered":"http:\/\/mersinkadingazetesi.com\/?p=29512"},"modified":"2023-12-21T16:49:13","modified_gmt":"2023-12-21T13:49:13","slug":"toroslara-2-yeni-park-ve-semt-pazari","status":"publish","type":"post","link":"https:\/\/mersinkadingazetesi.com\/?p=29512","title":{"rendered":"TOROSLAR&#8217;A 2 YEN\u0130 PARK VE SEMT PAZARI"},"content":{"rendered":"<p>Mersin&#8217;in merkez il\u00e7e Toroslar Belediyesi, il\u00e7e genelinde park ve ye\u015fil alan \u00e7al\u0131\u015fmalar\u0131na h\u0131z verdi.<\/p>\n<p>\u00c7a\u011fda\u015fkent Mahallesi&#8217;ndeki yeni park ve semt pazar\u0131 alan\u0131nda yap\u0131m \u00e7al\u0131\u015fmalar\u0131 devam ederken, Portakal Mahallesi&#8217;ne de yeni bir park kazand\u0131r\u0131l\u0131yor.<\/p>\n<p>Park ve Bah\u00e7eler ile Fen \u0130\u015fleri M\u00fcd\u00fcrl\u00fc\u011f\u00fc ekiplerinin ortak \u00e7al\u0131\u015fmas\u0131yla park alan\u0131nda peyzaj, semt pazar\u0131 alan\u0131nda da yol d\u00fczenleme \u00e7al\u0131\u015fmalar\u0131 yap\u0131l\u0131yor.<\/p>\n<p>BA\u015eKAN YILMAZ; &#8220;\u0130L\u00c7EM\u0130Z\u0130N HER NOKTASINA DE\u011eER KATIYORUZ&#8221;<\/p>\n<p>Toroslar Belediye Ba\u015fkan\u0131 Ats\u0131z Af\u015f\u0131n Y\u0131lmaz; &#8220;\u00c7ocuklar\u0131m\u0131z\u0131n oyun oynay\u0131p sosyalle\u015febilece\u011fi, vatanda\u015flar\u0131m\u0131z\u0131n nefes alabilece\u011fi, g\u00fczel vakit ge\u00e7irece\u011fi alanlar\u0131 olu\u015fturmaya devam edece\u011fiz&#8221; dedi.<\/p>\n<p>Toroslar&#8217;da ya\u015fayan il\u00e7e sakinlerinin ya\u015fam konforlar\u0131na katk\u0131 sunmaya \u00e7al\u0131\u015ft\u0131klar\u0131n\u0131 belirten Ba\u015fkan Y\u0131lmaz, yeni pazar yerlerinin de pazarc\u0131 esnaf\u0131na ve vatanda\u015flara hay\u0131rl\u0131 olmas\u0131n\u0131 dileyerek; &#8220;Hem\u015fehrilerimizin daha rahat bir ortamda al\u0131\u015fveri\u015flerini yapabilmesi i\u00e7in yeni semt pazar\u0131 \u00e7al\u0131\u015fmalar\u0131m\u0131z devam ediyor. Bunun yan\u0131nda mevcut park ve ye\u015fil alanlar\u0131m\u0131z\u0131n bak\u0131mlar\u0131 ile yenileme \u00e7al\u0131\u015fmalar\u0131n\u0131 aksatmadan yaparken bir taraftan da il\u00e7emize yeni park ve ye\u015fil alanlar kazand\u0131r\u0131yoruz. Ekiplerimiz, \u00c7a\u011fda\u015fkent ve Portakal Mahallelerimizdeki park alanlar\u0131m\u0131zda \u00e7al\u0131\u015fmalar\u0131n\u0131 s\u00fcrd\u00fcr\u00fcyor. Bir \u015fehre, bir il\u00e7eye zenginlik katan do\u011fal ortamlar\u0131d\u0131r. Biz de bu anlay\u0131\u015fla ye\u015fil alanlar\u0131m\u0131z\u0131 koruyor ve ihmal etmiyoruz&#8221; diye konu\u015ftu.<\/p>\n","protected":false},"excerpt":{"rendered":"<p>Mersin&#8217;in merkez il\u00e7e Toroslar Belediyesi, il\u00e7e genelinde park ve ye\u015fil alan \u00e7al\u0131\u015fmalar\u0131na h\u0131z verdi. \u00c7a\u011fda\u015fkent Mahallesi&#8217;ndeki yeni park ve semt pazar\u0131 alan\u0131nda yap\u0131m \u00e7al\u0131\u015fmalar\u0131 devam ederken, Portakal Mahallesi&#8217;ne de yeni bir park kazand\u0131r\u0131l\u0131yor. Park ve Bah\u00e7eler ile Fen \u0130\u015fleri M\u00fcd\u00fcrl\u00fc\u011f\u00fc ekiplerinin ortak \u00e7al\u0131\u015fmas\u0131yla park alan\u0131nda peyzaj, semt pazar\u0131 alan\u0131nda da yol d\u00fczenleme \u00e7al\u0131\u015fmalar\u0131 yap\u0131l\u0131yor. BA\u015eKAN [&hellip;]<\/p>\n","protected":false},"author":2,"featured_media":29513,"comment_status":"open","ping_status":"open","sticky":false,"template":"","format":"standard","meta":{"footnotes":""},"categories":[3],"tags":[],"class_list":["post-29512","post","type-post","status-publish","format-standard","has-post-thumbnail","hentry","category-manset"],"views":3,"_links":{"self":[{"href":"https:\/\/mersinkadingazetesi.com\/index.php?rest_route=\/wp\/v2\/posts\/29512"}],"collection":[{"href":"https:\/\/mersinkadingazetesi.com\/index.php?rest_route=\/wp\/v2\/posts"}],"about":[{"href":"https:\/\/mersinkadingazetesi.com\/index.php?rest_route=\/wp\/v2\/types\/post"}],"author":[{"embeddable":true,"href":"https:\/\/mersinkadingazetesi.com\/index.php?rest_route=\/wp\/v2\/users\/2"}],"replies":[{"embeddable":true,"href":"https:\/\/mersinkadingazetesi.com\/index.php?rest_route=%2Fwp%2Fv2%2Fcomments&post=29512"}],"version-history":[{"count":0,"href":"https:\/\/mersinkadingazetesi.com\/index.php?rest_route=\/wp\/v2\/posts\/29512\/revisions"}],"wp:featuredmedia":[{"embeddable":true,"href":"https:\/\/mersinkadingazetesi.com\/index.php?rest_route=\/wp\/v2\/media\/29513"}],"wp:attachment":[{"href":"https:\/\/mersinkadingazetesi.com\/index.php?rest_route=%2Fwp%2Fv2%2Fmedia&parent=29512"}],"wp:term":[{"taxonomy":"category","embeddable":true,"href":"https:\/\/mersinkadingazetesi.com\/index.php?rest_route=%2Fwp%2Fv2%2Fcategories&post=29512"},{"taxonomy":"post_tag","embeddable":true,"href":"https:\/\/mersinkadingazetesi.com\/index.php?rest_route=%2Fwp%2Fv2%2Ftags&post=29512"}],"curies":[{"name":"wp","href":"https:\/\/api.w.org\/{rel}","templated":true}]}}