{"id":29545,"date":"2023-12-24T11:02:34","date_gmt":"2023-12-24T08:02:34","guid":{"rendered":"http:\/\/mersinkadingazetesi.com\/?p=29545"},"modified":"2023-12-24T11:02:34","modified_gmt":"2023-12-24T08:02:34","slug":"yerli-mali-ogrencilere-mersin-hal-kompleksinde-anlatildi","status":"publish","type":"post","link":"https:\/\/mersinkadingazetesi.com\/?p=29545","title":{"rendered":"YERL\u0130 MALI, \u00d6\u011eRENC\u0130LERE MERS\u0130N HAL KOMPLEKS\u0130&#8217;NDE ANLATILDI"},"content":{"rendered":"<p>Mersin B\u00fcy\u00fck\u015fehir Belediyesi; &#8216;Tutum, Yat\u0131r\u0131m ve T\u00fcrk Mallar\u0131 Haftas\u0131&#8217;, yayg\u0131n bilinen ad\u0131yla da &#8216;Yerli Mal\u0131 Haftas\u0131&#8217;nda, \u00f6\u011frencilere y\u00f6nelik bir etkinlik d\u00fczenledi. Toroslar \u015eehit Fikri Dilsiz ve Atat\u00fcrk \u0130lkokulu \u00f6\u011frencilerine, Mersin B\u00fcy\u00fck\u015fehir Belediyesi Meyve ve Sebze Hal Kompleksi gezdirildi. Mersin&#8217;de \u00fcretilen ve komplekse gelen \u00fcr\u00fcnlerin t\u00fcketiciye ula\u015fma \u00f6yk\u00fcs\u00fcn\u00fc dinleyen \u00e7ocuklar, Hal Kompleksi&#8217;nin farkl\u0131 noktalar\u0131n\u0131 gezdi.<\/p>\n<p>\u00c7ocuklar\u0131n yerli mal\u0131 haftas\u0131n\u0131 benimsemesi, tutumlu olmas\u0131, yat\u0131r\u0131m yapmas\u0131 ve yerli mal\u0131 kullanman\u0131n \u00f6nemini anlamas\u0131 amac\u0131yla Zab\u0131ta Dairesi Ba\u015fkanl\u0131\u011f\u0131 taraf\u0131ndan d\u00fczenlenen etkinlikte, \u00f6rnek olarak limon paketleme s\u00fcreci de anlat\u0131ld\u0131. \u00c7ocuklar limonun s\u0131n\u0131fland\u0131r\u0131lmas\u0131, paketlenmesi, kasalara yerle\u015ftirilmesi ve sevkiyat a\u015famalar\u0131na birebir \u015fahit oldular. Etkinlikte \u00e7ocuklara yine yerli \u00fcretim olan portakaldan yap\u0131lan portakal suyu ve mandalina ikram edildi. B\u00fcy\u00fck\u015fehir Belediyesi ekipleri de \u00e7ocuklara i\u00e7erisinde narenciye \u00fcr\u00fcnlerinin oldu\u011fu paket hediye etti. \u00c7ocuklar\u0131n gezisine Mersin B\u00fcy\u00fck\u015fehir Belediyesi Zab\u0131ta Dairesi Ba\u015fkan\u0131 Leyla Karata\u015f \u015eahin ile Mersin Halciler Derne\u011fi Ba\u015fkan\u0131 M\u00fcnir \u015een de e\u015flik etti.<\/p>\n<p>\u015eahin: &#8220;\u00c7ocuklar\u0131m\u0131za, \u00fcreticiden t\u00fcketiciye kadar uzanan yolculu\u011fu anlatmak istedik&#8221;<\/p>\n<p>Zab\u0131ta Dairesi Ba\u015fkan\u0131 Leyla Karata\u015f \u015eahin, Tutum, Yat\u0131r\u0131m ve T\u00fcrk Mal\u0131 Haftas\u0131 kapsam\u0131nda Mersin B\u00fcy\u00fck\u015fehir Belediyesi Meyve ve Sebze Hal Kompleksi&#8217;nde \u00e7ocuklara y\u00f6nelik bir etkinlik ger\u00e7ekle\u015ftirdiklerini belirtti. Ama\u00e7lar\u0131n\u0131n, \u00e7ocuklara Mersin&#8217;de \u00fcretilen \u00fcr\u00fcnlerin t\u00fcketiciye ula\u015fma yolculu\u011funu anlatmak oldu\u011funu s\u00f6yleyen \u015eahin, &#8220;Bu ba\u011flamda biz Mersin Hal Kompleksimizi tan\u0131tmay\u0131, \u00fcreticiden t\u00fcketiciye kadar uzanan bir yolculu\u011fu \u00e7ocuklar\u0131m\u0131za anlatmak istedik. Mersin Hal Kompleksi T\u00fcrkiye ve Ortado\u011fu&#8217;daki en b\u00fcy\u00fck hal komplekslerinden birisidir. Mersin&#8217;de \u00fcretilen \u00fcr\u00fcn\u00fcn t\u00fcketiciye varana kadar her a\u015famas\u0131, Hal Kompleksi&#8217;nin i\u00e7erisinde ger\u00e7ekle\u015fir. Okullar\u0131m\u0131z\u0131n ziyareti bizi \u00e7ok memnun etti. Kompleksimizi tan\u0131tmam\u0131z i\u00e7in de bize bir vesile oldu&#8221; dedi.<\/p>\n<p>\u00c7ocuklar gezide yerli mal\u0131 kavram\u0131n\u0131 g\u00f6zlemleyerek \u00f6\u011frendi<\/p>\n<p>\u00c7ocuklardan Zenan D\u00f6ner, ger\u00e7ekle\u015fen ziyaretten \u00e7ok mutlu oldu\u011funu belirterek, &#8220;\u0130\u00e7eride makine vard\u0131, kasalar geliyordu, ablalar kasalar\u0131 al\u0131p limonlar\u0131 dolduruyorlard\u0131&#8221; dedi.<\/p>\n<p>Niyazi Kayra Can ise gezi sayesinde yerli mal\u0131n\u0131 \u00f6\u011frendi\u011fini ifade ederek, &#8220;Bizim kendi \u00fcretti\u011fimiz mallara yerli mal\u0131 denir&#8221; dedi. Halde g\u00f6rd\u00fcklerini aktaran Kayrac\u0131, &#8220;\u0130\u00e7eride b\u00fcy\u00fck kasalar, meyveler ve bir makine g\u00f6rd\u00fcm, makine kasalar\u0131 ta\u015f\u0131yordu. \u00d6nceden sormu\u015ftum, nas\u0131l oluyor demi\u015ftim, art\u0131k \u00f6\u011frendim. Bundan sonra kulland\u0131\u011f\u0131m giyecek ve yiyeceklerin yerli mal\u0131 olmas\u0131na dikkat edece\u011fim&#8221; ifadelerini kulland\u0131.<\/p>\n<p>Utku Eymen Kurt da, T\u00fcrkiye&#8217;de yeti\u015fen \u00fcr\u00fcnlerin yerli mal\u0131 oldu\u011funu \u00f6\u011frendi\u011fini s\u00f6yleyerek, &#8220;Marketten \u00fcr\u00fcn al\u0131rken de yerli mi diye bak\u0131yorum ve yerli mal\u0131 tercih ediyorum&#8221; dedi.<\/p>\n<p>Mehmet Umuter ise, Hal&#8217;de bir\u00e7ok meyve ve sebze g\u00f6rd\u00fc\u011f\u00fcn\u00fc s\u00f6yleyerek, &#8220;Yerli mal\u0131 \u00e7ok ilgimi \u00e7ekti. Art\u0131k marketten bir \u00fcr\u00fcn al\u0131rken, yerli olup olmad\u0131\u011f\u0131na bakaca\u011f\u0131m&#8221; diye konu\u015ftu.<\/p>\n","protected":false},"excerpt":{"rendered":"<p>Mersin B\u00fcy\u00fck\u015fehir Belediyesi; &#8216;Tutum, Yat\u0131r\u0131m ve T\u00fcrk Mallar\u0131 Haftas\u0131&#8217;, yayg\u0131n bilinen ad\u0131yla da &#8216;Yerli Mal\u0131 Haftas\u0131&#8217;nda, \u00f6\u011frencilere y\u00f6nelik bir etkinlik d\u00fczenledi. Toroslar \u015eehit Fikri Dilsiz ve Atat\u00fcrk \u0130lkokulu \u00f6\u011frencilerine, Mersin B\u00fcy\u00fck\u015fehir Belediyesi Meyve ve Sebze Hal Kompleksi gezdirildi. Mersin&#8217;de \u00fcretilen ve komplekse gelen \u00fcr\u00fcnlerin t\u00fcketiciye ula\u015fma \u00f6yk\u00fcs\u00fcn\u00fc dinleyen \u00e7ocuklar, Hal Kompleksi&#8217;nin farkl\u0131 noktalar\u0131n\u0131 gezdi. \u00c7ocuklar\u0131n [&hellip;]<\/p>\n","protected":false},"author":2,"featured_media":29546,"comment_status":"open","ping_status":"open","sticky":false,"template":"","format":"standard","meta":{"footnotes":""},"categories":[3],"tags":[],"class_list":["post-29545","post","type-post","status-publish","format-standard","has-post-thumbnail","hentry","category-manset"],"views":1,"_links":{"self":[{"href":"https:\/\/mersinkadingazetesi.com\/index.php?rest_route=\/wp\/v2\/posts\/29545"}],"collection":[{"href":"https:\/\/mersinkadingazetesi.com\/index.php?rest_route=\/wp\/v2\/posts"}],"about":[{"href":"https:\/\/mersinkadingazetesi.com\/index.php?rest_route=\/wp\/v2\/types\/post"}],"author":[{"embeddable":true,"href":"https:\/\/mersinkadingazetesi.com\/index.php?rest_route=\/wp\/v2\/users\/2"}],"replies":[{"embeddable":true,"href":"https:\/\/mersinkadingazetesi.com\/index.php?rest_route=%2Fwp%2Fv2%2Fcomments&post=29545"}],"version-history":[{"count":0,"href":"https:\/\/mersinkadingazetesi.com\/index.php?rest_route=\/wp\/v2\/posts\/29545\/revisions"}],"wp:featuredmedia":[{"embeddable":true,"href":"https:\/\/mersinkadingazetesi.com\/index.php?rest_route=\/wp\/v2\/media\/29546"}],"wp:attachment":[{"href":"https:\/\/mersinkadingazetesi.com\/index.php?rest_route=%2Fwp%2Fv2%2Fmedia&parent=29545"}],"wp:term":[{"taxonomy":"category","embeddable":true,"href":"https:\/\/mersinkadingazetesi.com\/index.php?rest_route=%2Fwp%2Fv2%2Fcategories&post=29545"},{"taxonomy":"post_tag","embeddable":true,"href":"https:\/\/mersinkadingazetesi.com\/index.php?rest_route=%2Fwp%2Fv2%2Ftags&post=29545"}],"curies":[{"name":"wp","href":"https:\/\/api.w.org\/{rel}","templated":true}]}}