{"id":29575,"date":"2023-12-26T13:00:11","date_gmt":"2023-12-26T10:00:11","guid":{"rendered":"http:\/\/mersinkadingazetesi.com\/?p=29575"},"modified":"2023-12-26T13:00:11","modified_gmt":"2023-12-26T10:00:11","slug":"mersin-buyuksehirle-4-mevsim-yesil-ve-guzel","status":"publish","type":"post","link":"https:\/\/mersinkadingazetesi.com\/?p=29575","title":{"rendered":"MERS\u0130N, B\u00dcY\u00dcK\u015eEH\u0130R&#8217;LE 4 MEVS\u0130M YE\u015e\u0130L VE G\u00dcZEL"},"content":{"rendered":"<p>Daha temiz, daha ye\u015fil ve daha s\u00fcrd\u00fcr\u00fclebilir bir kent misyonuyla Mersin&#8217;in d\u00f6rt bir yan\u0131nda \u00e7al\u0131\u015fmalar\u0131n\u0131 s\u00fcrd\u00fcren Mersin B\u00fcy\u00fck\u015fehir Belediyesi, mevsim ge\u00e7i\u015flerine uygun olarak \u00e7al\u0131\u015fmalar\u0131na devam ediyor. Eyl\u00fcl ay\u0131ndan bu yana 4 merkez il\u00e7ede \u00e7al\u0131\u015fmalar\u0131n\u0131 e\u015f zamanl\u0131 s\u00fcrd\u00fcren Park ve Bah\u00e7eler Dairesi Ba\u015fkanl\u0131\u011f\u0131&#8217;na ba\u011fl\u0131 ekipler, k\u0131\u015f mevsiminin geli\u015fi ile birlikte ye\u015fil alan bak\u0131mlar\u0131n\u0131 h\u0131zland\u0131rd\u0131.<\/p>\n<p>B\u00fcy\u00fck\u015fehir&#8217;in kent esteti\u011fine verdi\u011fi \u00f6nem sayesinde Mersinde ya\u015fayan yurtta\u015flarda daha ye\u015fil daha estetik ve daha temiz bir kentin fark\u0131n\u0131 ya\u015fay\u0131p daha mutlu olurken, memnuniyetlerini de ekipler ile payla\u015f\u0131yorlar.<\/p>\n<p>B\u00fcy\u00fck\u015fehir&#8217;in sorumluluk alan\u0131nda bulunan ye\u015fil alan, kald\u0131r\u0131m ve ref\u00fcjlerde mevsime uygun bitki dikimi ger\u00e7ekle\u015ftiren ekipler, \u00e7im alanlar\u0131nda seyrelen, bo\u015falan ve zay\u0131f kalan yerlere \u00e7im ekimi yaparak kentin daha ye\u015fil bir g\u00f6r\u00fcn\u00fcme kavu\u015fmas\u0131n\u0131 sa\u011fl\u0131yor. Ye\u015fil alan ve bitkilerin daha sa\u011fl\u0131kl\u0131 b\u00fcy\u00fcmesi ve geli\u015fmesi i\u00e7in hem ila\u00e7lama hem g\u00fcbreleme \u00e7al\u0131\u015fmalar\u0131n\u0131 s\u00fcrd\u00fcren ekipler, rutin bak\u0131m ve budama \u00e7al\u0131\u015fmalar\u0131n\u0131 da yaparak kent esteti\u011fine de\u011fer kat\u0131yor.<\/p>\n<p>Ta\u015f: &#8220;Daha ye\u015fil bir Mersin i\u00e7in 4 mevsim \u00e7al\u0131\u015fmalar\u0131m\u0131za devam ediyoruz&#8221;<\/p>\n<p>Mersin B\u00fcy\u00fck\u015fehir Belediyesi Park ve Bah\u00e7eler Dairesi Ba\u015fkanl\u0131\u011f\u0131 olarak daha ye\u015fil bir Mersin i\u00e7in s\u00fcrd\u00fcr\u00fclebilir kent anlay\u0131\u015f\u0131 ile d\u00f6rt mevsim \u00e7al\u0131\u015fmalar\u0131n\u0131 s\u00fcrd\u00fcrd\u00fcklerini ifade eden Peyzaj Mimar\u0131 Nurseren Ta\u015f, Eyl\u00fcl ay\u0131ndan bu yana \u015fehrin k\u0131\u015fa haz\u0131rlanmas\u0131 i\u00e7in \u00e7al\u0131\u015fmalar\u0131n\u0131n aral\u0131ks\u0131z bir \u015fekilde devam etti\u011fini dile getirdi. 4 merkez il\u00e7ede e\u015f zamanl\u0131 yap\u0131lan \u00e7al\u0131\u015fmalarla ilgili bilgi veren Ta\u015f, k\u0131\u015fa haz\u0131rl\u0131kla ilgili ye\u015fil alanlara bitki dikimi, g\u00fcbre uygulamas\u0131 ve ila\u00e7lama \u00e7al\u0131\u015fmalar\u0131n\u0131n yan\u0131 s\u0131ra budama ve bak\u0131m \u00e7al\u0131\u015fmalar\u0131n\u0131n yap\u0131ld\u0131\u011f\u0131n\u0131 aktard\u0131. Ta\u015f, &#8220;Ye\u015fil alanlar\u0131m\u0131zda, kald\u0131r\u0131m ve ref\u00fcj i\u00e7erisinde 917 adet a\u011fa\u00e7 ve 95 bin adet \u00e7al\u0131 ve \u00e7ok y\u0131ll\u0131k otsu bitki dikimleri yap\u0131lm\u0131\u015f olup, a\u011fa\u00e7 ve \u00e7al\u0131 bitki dikimlerimiz devam etmekte. \u00c7im alanlar\u0131m\u0131zda seyrelen, bo\u015falan yerlerin dolmas\u0131n\u0131, zay\u0131f kalan \u00e7imlerin g\u00fc\u00e7lenmesini sa\u011flamak amac\u0131yla 509 bin metrekare ye\u015fil alanda \u00e7im ara ekimi yap\u0131lm\u0131\u015f olup, ara ekim \u00e7al\u0131\u015fmalar\u0131m\u0131z devam etmekte&#8221; \u015feklinde konu\u015ftu.<\/p>\n<p>\u0130la\u00e7lamadan budamaya, g\u00fcbrelemeden rutin bak\u0131ma kadar ye\u015fil alanlarda \u00f6zenle \u00e7al\u0131\u015f\u0131l\u0131yor<\/p>\n<p>\u00c7im ve ye\u015fil alanlar\u0131n daha sa\u011fl\u0131kl\u0131 yeti\u015febilmesi ve geli\u015fimlerini desteklemek amac\u0131yla yap\u0131lan di\u011fer uygulamalardan da bahseden Ta\u015f, &#8220;950 bin metrekare ye\u015fil alanda s\u0131v\u0131 ve gran\u00fcl g\u00fcbre uygulamas\u0131 yap\u0131ld\u0131. Kentin \u00e7e\u015fitli b\u00f6lgelerinde \u015fimdiye kadar 52 bin 700 adet mevsimlik \u00e7i\u00e7ek dikimi yap\u0131lm\u0131\u015f olup, mevsimlik \u00e7i\u00e7ek dikim \u00e7al\u0131\u015fmalar\u0131m\u0131z \u00f6n\u00fcm\u00fczdeki g\u00fcnlerde de devam edecek. Bununla birlikte, \u00e7e\u015fitli hastal\u0131k ve zararl\u0131lara kar\u015f\u0131 ihtiya\u00e7 duyulan bitkilerimizde ila\u00e7lama \u00e7al\u0131\u015fmalar\u0131n\u0131 da aral\u0131ks\u0131z s\u00fcrd\u00fcr\u00fcyoruz. Ye\u015fil alanlar\u0131m\u0131zda bulunan a\u011fa\u00e7 ve \u00e7al\u0131lar\u0131n k\u0131\u015f \u00f6ncesinde rutin ve bak\u0131m \u00e7al\u0131\u015fmalar\u0131n\u0131 da yap\u0131yoruz. Mevcut durumun iyile\u015ftirilmesi ve kentin daha ye\u015fil hale gelmesi i\u00e7in \u00e7al\u0131\u015fmalar\u0131m\u0131z bilfiil devam edecek&#8221; ifadelerini kulland\u0131.<\/p>\n","protected":false},"excerpt":{"rendered":"<p>Daha temiz, daha ye\u015fil ve daha s\u00fcrd\u00fcr\u00fclebilir bir kent misyonuyla Mersin&#8217;in d\u00f6rt bir yan\u0131nda \u00e7al\u0131\u015fmalar\u0131n\u0131 s\u00fcrd\u00fcren Mersin B\u00fcy\u00fck\u015fehir Belediyesi, mevsim ge\u00e7i\u015flerine uygun olarak \u00e7al\u0131\u015fmalar\u0131na devam ediyor. Eyl\u00fcl ay\u0131ndan bu yana 4 merkez il\u00e7ede \u00e7al\u0131\u015fmalar\u0131n\u0131 e\u015f zamanl\u0131 s\u00fcrd\u00fcren Park ve Bah\u00e7eler Dairesi Ba\u015fkanl\u0131\u011f\u0131&#8217;na ba\u011fl\u0131 ekipler, k\u0131\u015f mevsiminin geli\u015fi ile birlikte ye\u015fil alan bak\u0131mlar\u0131n\u0131 h\u0131zland\u0131rd\u0131. B\u00fcy\u00fck\u015fehir&#8217;in kent [&hellip;]<\/p>\n","protected":false},"author":2,"featured_media":29576,"comment_status":"open","ping_status":"open","sticky":false,"template":"","format":"standard","meta":{"footnotes":""},"categories":[3],"tags":[],"class_list":["post-29575","post","type-post","status-publish","format-standard","has-post-thumbnail","hentry","category-manset"],"views":3,"_links":{"self":[{"href":"https:\/\/mersinkadingazetesi.com\/index.php?rest_route=\/wp\/v2\/posts\/29575"}],"collection":[{"href":"https:\/\/mersinkadingazetesi.com\/index.php?rest_route=\/wp\/v2\/posts"}],"about":[{"href":"https:\/\/mersinkadingazetesi.com\/index.php?rest_route=\/wp\/v2\/types\/post"}],"author":[{"embeddable":true,"href":"https:\/\/mersinkadingazetesi.com\/index.php?rest_route=\/wp\/v2\/users\/2"}],"replies":[{"embeddable":true,"href":"https:\/\/mersinkadingazetesi.com\/index.php?rest_route=%2Fwp%2Fv2%2Fcomments&post=29575"}],"version-history":[{"count":0,"href":"https:\/\/mersinkadingazetesi.com\/index.php?rest_route=\/wp\/v2\/posts\/29575\/revisions"}],"wp:featuredmedia":[{"embeddable":true,"href":"https:\/\/mersinkadingazetesi.com\/index.php?rest_route=\/wp\/v2\/media\/29576"}],"wp:attachment":[{"href":"https:\/\/mersinkadingazetesi.com\/index.php?rest_route=%2Fwp%2Fv2%2Fmedia&parent=29575"}],"wp:term":[{"taxonomy":"category","embeddable":true,"href":"https:\/\/mersinkadingazetesi.com\/index.php?rest_route=%2Fwp%2Fv2%2Fcategories&post=29575"},{"taxonomy":"post_tag","embeddable":true,"href":"https:\/\/mersinkadingazetesi.com\/index.php?rest_route=%2Fwp%2Fv2%2Ftags&post=29575"}],"curies":[{"name":"wp","href":"https:\/\/api.w.org\/{rel}","templated":true}]}}