{"id":29587,"date":"2023-12-26T13:05:59","date_gmt":"2023-12-26T10:05:59","guid":{"rendered":"http:\/\/mersinkadingazetesi.com\/?p=29587"},"modified":"2023-12-26T13:05:59","modified_gmt":"2023-12-26T10:05:59","slug":"hamaseti-birakin-milletin-derdine-deva-olun","status":"publish","type":"post","link":"https:\/\/mersinkadingazetesi.com\/?p=29587","title":{"rendered":"\u201cHamaseti b\u0131rak\u0131n, milletin derdine deva olun\u201d"},"content":{"rendered":"<p>DEVA Partisi Genel Ba\u015fkan Yard\u0131mc\u0131s\u0131 ve Mersin Milletvekili Mehmet Emin Ekmen, b\u00fct\u00e7e maratonunun son g\u00fcn\u00fcnde TBMM Genel Kurulu\u2019nda AK Parti Grup Ba\u015fkanvekili Muhammet Emin Akba\u015fo\u011flu\u2019nun sata\u015fmas\u0131 \u00fczerine k\u00fcrs\u00fcye \u00e7\u0131karak h\u00fck\u00fcmeti temsil edenlere, AK Parti milletvekillerine ve grup ba\u015fkanvekillerine T\u00fcrkiye\u2019deki sorunlar\u0131 neden konu\u015fmad\u0131klar\u0131n\u0131 sordu.<\/p>\n<p>Ekmen, \u201cB\u00fct\u00e7e demek, iktidar partisinin milletimize sundu\u011fu vizyonu ortaya koymas\u0131 demektir. B\u00fct\u00e7e demek muhalefetin bu vizyona katk\u0131da bulunmas\u0131 demektir.\u201d diyerek; \u0130ktidar temsilcilerinin b\u00fct\u00e7e ad\u0131na tek s\u00f6z s\u00f6ylemezken, hamaset dolu s\u00f6zler sarf ettiklerini belirtti. Ekmen, \u201cGrup Ba\u015fkanvekilinin konu\u015fmas\u0131n\u0131 \u00fc\u00e7 kelimeyle \u00f6zetleyin derseniz; hamaset, hamaset, hamaset deriz, ama \u015fu anda hamaset yapman\u0131n ne yeri ne de zaman\u0131d\u0131r.\u201d dedi.<\/p>\n<p>Son ter\u00f6r sald\u0131r\u0131lar\u0131 ile ilgili kapal\u0131 da olsa \u00f6zel bir oturum yap\u0131lmas\u0131 y\u00f6n\u00fcnde muhalefet partilerinin bir talebi oldu\u011funu; ter\u00f6rle m\u00fccadeleyi, operasyonel hatalar\u0131, i\u015flerin neden buraya vard\u0131\u011f\u0131n\u0131 veya buradan bir d\u00f6n\u00fc\u015f olup olamad\u0131\u011f\u0131n\u0131 konu\u015fmak istedi\u011fini s\u00f6yleyen Ekmen, \u015funlar\u0131 ifade etti:<\/p>\n<p>\u201c\u015eimdi, Say\u0131n Grup Ba\u015fkan Vekili, elbette, 7.500 lira maa\u015f al\u0131p 8 bin lira kira \u00f6deyen ama Say\u0131n Cumhurba\u015fkan\u0131na ula\u015famayan emekliler hakk\u0131nda konu\u015famazd\u0131. Say\u0131n Grup Ba\u015fkan Vekili intihar eden \u00f6\u011frenciler hakk\u0131nda da konu\u015famazd\u0131. Say\u0131n Grup Ba\u015fkan Vekili Mersin&#8217;de, Adana&#8217;da bah\u00e7ede kalm\u0131\u015f narenciye hakk\u0131nda konu\u015famazd\u0131. Ama kendisi bir hukuk\u00e7u, \u015fu iki konuda konu\u015fabilirdi: Birincisi, H\u00e2kim Savc\u0131lar Kurulu r\u00fc\u015fvet iddialar\u0131 nedeniyle kararname yay\u0131nlad\u0131. Arkada\u015flar, r\u00fc\u015fvet alman\u0131n su\u00e7u yer de\u011fi\u015fikli\u011fi. Hukuk devletinin geldi\u011fi nokta bu. Bizzat AK Partili dostlar\u0131m\u0131z\u0131n da i\u00e7inde oldu\u011fu avukat arkada\u015flar \u0130srail&#8217;in sava\u015f su\u00e7lar\u0131 aleyhine su\u00e7 duyurusunda bulundular. Buradan Uluslararas\u0131 Ceza Mahkemesine heyet g\u00f6nderiyorsunuz ama Adalet Bakan\u0131 bir savc\u0131ya bu su\u00e7lar\u0131n soru\u015fturulmas\u0131 i\u00e7in talimat dahi vermiyor. Bir hukuk\u00e7u olan Say\u0131n Grup Ba\u015fkan Vekili hi\u00e7 olmazsa yarg\u0131daki koku\u015fma ve \u0130srail mevzusunda konu\u015fabilirdi, bunlar hakk\u0131nda da konu\u015famad\u0131.\u201d<\/p>\n<p>Ekmen, \u0130ktidar\u0131n sadece hamaset yapt\u0131\u011f\u0131n\u0131 belirterek; \u201cBu millete sizden DEVA olmaz.\u201d diyen Akba\u015fo\u011flu\u2019na \u015fu cevab\u0131 verdi: \u201cBu millete bizden deva olup olmayaca\u011f\u0131n\u0131 en iyi sizin takip etti\u011finizi, K\u00fclliye&#8217;deki \u00e7al\u0131\u015fma gruplar\u0131n\u0131n eylem planlar\u0131m\u0131z\u0131 didik didik okudu\u011funu biz de biliyoruz, b\u00fcrokratlar\u0131n\u0131z da biliyor, hi\u00e7 merak etmeyin.\u201d<\/p>\n<p>DEVA Partili Ekmen, bu durumdan \u015fikayet\u00e7i olmad\u0131klar\u0131n\u0131, ortaya \u00fcr\u00fcnlerini koyduklar\u0131n\u0131 ve iktidar\u0131n da faydalanmas\u0131ndan memnun olduklar\u0131n\u0131n alt\u0131n\u0131 \u00e7izerek; B\u00fct\u00e7e g\u00f6r\u00fc\u015fmeleri hamaset yeri de\u011fil, milletin derdine deva olma yeridir dedi.<\/p>\n","protected":false},"excerpt":{"rendered":"<p>DEVA Partisi Genel Ba\u015fkan Yard\u0131mc\u0131s\u0131 ve Mersin Milletvekili Mehmet Emin Ekmen, b\u00fct\u00e7e maratonunun son g\u00fcn\u00fcnde TBMM Genel Kurulu\u2019nda AK Parti Grup Ba\u015fkanvekili Muhammet Emin Akba\u015fo\u011flu\u2019nun sata\u015fmas\u0131 \u00fczerine k\u00fcrs\u00fcye \u00e7\u0131karak h\u00fck\u00fcmeti temsil edenlere, AK Parti milletvekillerine ve grup ba\u015fkanvekillerine T\u00fcrkiye\u2019deki sorunlar\u0131 neden konu\u015fmad\u0131klar\u0131n\u0131 sordu. Ekmen, \u201cB\u00fct\u00e7e demek, iktidar partisinin milletimize sundu\u011fu vizyonu ortaya koymas\u0131 demektir. B\u00fct\u00e7e [&hellip;]<\/p>\n","protected":false},"author":2,"featured_media":29588,"comment_status":"open","ping_status":"open","sticky":false,"template":"","format":"standard","meta":{"footnotes":""},"categories":[3,6],"tags":[],"class_list":["post-29587","post","type-post","status-publish","format-standard","has-post-thumbnail","hentry","category-manset","category-siyaset-2"],"views":2,"_links":{"self":[{"href":"https:\/\/mersinkadingazetesi.com\/index.php?rest_route=\/wp\/v2\/posts\/29587"}],"collection":[{"href":"https:\/\/mersinkadingazetesi.com\/index.php?rest_route=\/wp\/v2\/posts"}],"about":[{"href":"https:\/\/mersinkadingazetesi.com\/index.php?rest_route=\/wp\/v2\/types\/post"}],"author":[{"embeddable":true,"href":"https:\/\/mersinkadingazetesi.com\/index.php?rest_route=\/wp\/v2\/users\/2"}],"replies":[{"embeddable":true,"href":"https:\/\/mersinkadingazetesi.com\/index.php?rest_route=%2Fwp%2Fv2%2Fcomments&post=29587"}],"version-history":[{"count":0,"href":"https:\/\/mersinkadingazetesi.com\/index.php?rest_route=\/wp\/v2\/posts\/29587\/revisions"}],"wp:featuredmedia":[{"embeddable":true,"href":"https:\/\/mersinkadingazetesi.com\/index.php?rest_route=\/wp\/v2\/media\/29588"}],"wp:attachment":[{"href":"https:\/\/mersinkadingazetesi.com\/index.php?rest_route=%2Fwp%2Fv2%2Fmedia&parent=29587"}],"wp:term":[{"taxonomy":"category","embeddable":true,"href":"https:\/\/mersinkadingazetesi.com\/index.php?rest_route=%2Fwp%2Fv2%2Fcategories&post=29587"},{"taxonomy":"post_tag","embeddable":true,"href":"https:\/\/mersinkadingazetesi.com\/index.php?rest_route=%2Fwp%2Fv2%2Ftags&post=29587"}],"curies":[{"name":"wp","href":"https:\/\/api.w.org\/{rel}","templated":true}]}}