{"id":29620,"date":"2023-12-27T12:57:19","date_gmt":"2023-12-27T09:57:19","guid":{"rendered":"http:\/\/mersinkadingazetesi.com\/?p=29620"},"modified":"2023-12-27T12:57:19","modified_gmt":"2023-12-27T09:57:19","slug":"baskan-secerden-tarsusun-kurtulus-yil-donumu-mesaji","status":"publish","type":"post","link":"https:\/\/mersinkadingazetesi.com\/?p=29620","title":{"rendered":"BA\u015eKAN SE\u00c7ER&#8217;DEN TARSUS&#8217;UN KURTULU\u015e YIL D\u00d6N\u00dcM\u00dc MESAJI"},"content":{"rendered":"<p>Mersin B\u00fcy\u00fck\u015fehir Belediye Ba\u015fkan\u0131 Vahap Se\u00e7er, Tarsus&#8217;un d\u00fc\u015fman i\u015fgalinden kurtulu\u015funun 102. y\u0131l d\u00f6n\u00fcm\u00fc dolay\u0131s\u0131yla bir mesaj yay\u0131nlad\u0131. Ba\u015fkan Se\u00e7er mesaj\u0131ndan \u015fu ifadelere yer verdi:<\/p>\n<p>&#8220;On bin y\u0131ll\u0131k k\u00f6kl\u00fc ge\u00e7mi\u015fiyle, medeniyetlere be\u015fiklik etmi\u015f, kucak a\u00e7m\u0131\u015f il\u00e7emiz Tarsus&#8217;un d\u00fc\u015fman i\u015fgalinden kurtulu\u015funun 102. y\u0131l d\u00f6n\u00fcm\u00fcn\u00fc co\u015fku ve gurur i\u00e7inde kutluyoruz.<\/p>\n<p>Kuvay\u0131 mill\u00eeye ruhuyla, atalar\u0131m\u0131z\u0131n canlar\u0131 ve kanlar\u0131 pahas\u0131na verdi\u011fi m\u00fccadele bizim i\u00e7in bir onur ve gurur kayna\u011f\u0131d\u0131r.  Bu y\u00fczden 27 Aral\u0131k, ge\u00e7mi\u015ften ald\u0131\u011f\u0131 g\u00fc\u00e7le, ayd\u0131nl\u0131k yar\u0131nlara y\u00fcr\u00fcmenin kararl\u0131l\u0131\u011f\u0131n\u0131 ta\u015f\u0131yan ve bu topraklarda ya\u015fayan her vatanda\u015f\u0131m\u0131z\u0131n \u00f6zg\u00fcrl\u00fck ve ba\u011f\u0131ms\u0131zl\u0131k i\u00e7in ortaya koydu\u011fu m\u00fccadele ruhunun bir simgesidir. <\/p>\n<p>Atalar\u0131m\u0131z\u0131n bize miras b\u0131rakt\u0131\u011f\u0131 bu kadim kenti Cumhuriyetimizin \u0131\u015f\u0131\u011f\u0131nda birlik ve beraberlik i\u00e7inde ya\u015fatma azmiyle, ge\u00e7mi\u015ften ald\u0131\u011f\u0131m\u0131z miras\u0131 daha da kalk\u0131nm\u0131\u015f, \u00e7a\u011fda\u015f ve refah bir gelece\u011fe ta\u015f\u0131ma sorumlulu\u011fuyla \u00e7al\u0131\u015facak; Tarsus&#8217;un daha ayd\u0131nl\u0131k yar\u0131nlara ula\u015fmas\u0131 konusundaki kararl\u0131l\u0131\u011f\u0131m\u0131z\u0131 s\u00fcrd\u00fcrece\u011fiz.<\/p>\n<p>Bu bilin\u00e7 ve sorumlulukla t\u00fcm Tarsuslular\u0131n bu anlaml\u0131 g\u00fcn\u00fcn\u00fc kutluyor; Tarsus&#8217;un d\u00fc\u015fman i\u015fgalinden kurtulu\u015funun 102. y\u0131l d\u00f6n\u00fcm\u00fcnde, ba\u015fta B\u00fcy\u00fck \u00d6nder Gazi Mustafa Kemal Atat\u00fcrk ve silah arkada\u015flar\u0131 olmak \u00fczere, t\u00fcm \u015fehitlerimizi ve gazilerimizi rahmet, minnet ve sayg\u0131yla an\u0131yorum.&#8221;<\/p>\n","protected":false},"excerpt":{"rendered":"<p>Mersin B\u00fcy\u00fck\u015fehir Belediye Ba\u015fkan\u0131 Vahap Se\u00e7er, Tarsus&#8217;un d\u00fc\u015fman i\u015fgalinden kurtulu\u015funun 102. y\u0131l d\u00f6n\u00fcm\u00fc dolay\u0131s\u0131yla bir mesaj yay\u0131nlad\u0131. Ba\u015fkan Se\u00e7er mesaj\u0131ndan \u015fu ifadelere yer verdi: &#8220;On bin y\u0131ll\u0131k k\u00f6kl\u00fc ge\u00e7mi\u015fiyle, medeniyetlere be\u015fiklik etmi\u015f, kucak a\u00e7m\u0131\u015f il\u00e7emiz Tarsus&#8217;un d\u00fc\u015fman i\u015fgalinden kurtulu\u015funun 102. y\u0131l d\u00f6n\u00fcm\u00fcn\u00fc co\u015fku ve gurur i\u00e7inde kutluyoruz. Kuvay\u0131 mill\u00eeye ruhuyla, atalar\u0131m\u0131z\u0131n canlar\u0131 ve kanlar\u0131 pahas\u0131na [&hellip;]<\/p>\n","protected":false},"author":2,"featured_media":29621,"comment_status":"open","ping_status":"open","sticky":false,"template":"","format":"standard","meta":{"footnotes":""},"categories":[3],"tags":[],"class_list":["post-29620","post","type-post","status-publish","format-standard","has-post-thumbnail","hentry","category-manset"],"views":2,"_links":{"self":[{"href":"https:\/\/mersinkadingazetesi.com\/index.php?rest_route=\/wp\/v2\/posts\/29620"}],"collection":[{"href":"https:\/\/mersinkadingazetesi.com\/index.php?rest_route=\/wp\/v2\/posts"}],"about":[{"href":"https:\/\/mersinkadingazetesi.com\/index.php?rest_route=\/wp\/v2\/types\/post"}],"author":[{"embeddable":true,"href":"https:\/\/mersinkadingazetesi.com\/index.php?rest_route=\/wp\/v2\/users\/2"}],"replies":[{"embeddable":true,"href":"https:\/\/mersinkadingazetesi.com\/index.php?rest_route=%2Fwp%2Fv2%2Fcomments&post=29620"}],"version-history":[{"count":0,"href":"https:\/\/mersinkadingazetesi.com\/index.php?rest_route=\/wp\/v2\/posts\/29620\/revisions"}],"wp:featuredmedia":[{"embeddable":true,"href":"https:\/\/mersinkadingazetesi.com\/index.php?rest_route=\/wp\/v2\/media\/29621"}],"wp:attachment":[{"href":"https:\/\/mersinkadingazetesi.com\/index.php?rest_route=%2Fwp%2Fv2%2Fmedia&parent=29620"}],"wp:term":[{"taxonomy":"category","embeddable":true,"href":"https:\/\/mersinkadingazetesi.com\/index.php?rest_route=%2Fwp%2Fv2%2Fcategories&post=29620"},{"taxonomy":"post_tag","embeddable":true,"href":"https:\/\/mersinkadingazetesi.com\/index.php?rest_route=%2Fwp%2Fv2%2Ftags&post=29620"}],"curies":[{"name":"wp","href":"https:\/\/api.w.org\/{rel}","templated":true}]}}