{"id":29623,"date":"2023-12-27T12:58:32","date_gmt":"2023-12-27T09:58:32","guid":{"rendered":"http:\/\/mersinkadingazetesi.com\/?p=29623"},"modified":"2023-12-27T12:58:32","modified_gmt":"2023-12-27T09:58:32","slug":"mersin-devlet-opera-ve-balesinden-yeni-yil-konseri","status":"publish","type":"post","link":"https:\/\/mersinkadingazetesi.com\/?p=29623","title":{"rendered":"\u201cMersin Devlet Opera ve Balesi\u2019nden Yeni Y\u0131l Konseri\u201d"},"content":{"rendered":"<p>Mersin Devlet Opera ve Balesi y\u0131lba\u015f\u0131 \u00f6zel program\u0131 ile seyircisiyle bulu\u015fuyor. 29 Aral\u0131k 2023 Cuma saat 20:00\u2019de Opera Sahnesi\u2019nde ger\u00e7ekle\u015ftirilecek konserin Orkestra \u015eefli\u011fini Rustam Rahmedov \u00fcstleniyor.<br \/>\n2013 y\u0131l\u0131nda yay\u0131mlanan &#8220;Moments&#8221; adl\u0131 alb\u00fcm\u00fc ile b\u00fcy\u00fck ba\u015far\u0131 yakalayan ve m\u00fczik ele\u015ftirmenlerinin &#8220;siyahi ses&#8221; olarak tan\u0131mlad\u0131\u011f\u0131 Dilek Sert Erdo\u011fan\u2019\u0131n sahne alaca\u011f\u0131 konserde, orkestra \u015fefi Rustam Rahmedov piyanoda, Serkan Alt\u0131nok saksafonda, Umut Oymak bas gitarda, Atalay Alt\u0131nok\u2019un davulda e\u015flik edece\u011fi konserin konzertmeisterli\u011fini  Kutay Alpay \u00fcstleniyor.<br \/>\nSevilen caz par\u00e7alar\u0131n yer ald\u0131\u011f\u0131 orkestral\u0131 konser, sanatsevere unutulmaz bir gece ya\u015fatacak.\u00a0Y\u0131lba\u015f\u0131 ruhunu yans\u0131tan keyifli bir repertuvar\u0131n seslendirilece\u011fi konserin biletleri opera gi\u015felerinden ve biletinial.com adresinden temin edilebilecek.<\/p>\n","protected":false},"excerpt":{"rendered":"<p>Mersin Devlet Opera ve Balesi y\u0131lba\u015f\u0131 \u00f6zel program\u0131 ile seyircisiyle bulu\u015fuyor. 29 Aral\u0131k 2023 Cuma saat 20:00\u2019de Opera Sahnesi\u2019nde ger\u00e7ekle\u015ftirilecek konserin Orkestra \u015eefli\u011fini Rustam Rahmedov \u00fcstleniyor. 2013 y\u0131l\u0131nda yay\u0131mlanan &#8220;Moments&#8221; adl\u0131 alb\u00fcm\u00fc ile b\u00fcy\u00fck ba\u015far\u0131 yakalayan ve m\u00fczik ele\u015ftirmenlerinin &#8220;siyahi ses&#8221; olarak tan\u0131mlad\u0131\u011f\u0131 Dilek Sert Erdo\u011fan\u2019\u0131n sahne alaca\u011f\u0131 konserde, orkestra \u015fefi Rustam Rahmedov piyanoda, Serkan [&hellip;]<\/p>\n","protected":false},"author":2,"featured_media":29624,"comment_status":"open","ping_status":"open","sticky":false,"template":"","format":"standard","meta":{"footnotes":""},"categories":[3],"tags":[],"class_list":["post-29623","post","type-post","status-publish","format-standard","has-post-thumbnail","hentry","category-manset"],"views":2,"_links":{"self":[{"href":"https:\/\/mersinkadingazetesi.com\/index.php?rest_route=\/wp\/v2\/posts\/29623"}],"collection":[{"href":"https:\/\/mersinkadingazetesi.com\/index.php?rest_route=\/wp\/v2\/posts"}],"about":[{"href":"https:\/\/mersinkadingazetesi.com\/index.php?rest_route=\/wp\/v2\/types\/post"}],"author":[{"embeddable":true,"href":"https:\/\/mersinkadingazetesi.com\/index.php?rest_route=\/wp\/v2\/users\/2"}],"replies":[{"embeddable":true,"href":"https:\/\/mersinkadingazetesi.com\/index.php?rest_route=%2Fwp%2Fv2%2Fcomments&post=29623"}],"version-history":[{"count":0,"href":"https:\/\/mersinkadingazetesi.com\/index.php?rest_route=\/wp\/v2\/posts\/29623\/revisions"}],"wp:featuredmedia":[{"embeddable":true,"href":"https:\/\/mersinkadingazetesi.com\/index.php?rest_route=\/wp\/v2\/media\/29624"}],"wp:attachment":[{"href":"https:\/\/mersinkadingazetesi.com\/index.php?rest_route=%2Fwp%2Fv2%2Fmedia&parent=29623"}],"wp:term":[{"taxonomy":"category","embeddable":true,"href":"https:\/\/mersinkadingazetesi.com\/index.php?rest_route=%2Fwp%2Fv2%2Fcategories&post=29623"},{"taxonomy":"post_tag","embeddable":true,"href":"https:\/\/mersinkadingazetesi.com\/index.php?rest_route=%2Fwp%2Fv2%2Ftags&post=29623"}],"curies":[{"name":"wp","href":"https:\/\/api.w.org\/{rel}","templated":true}]}}