{"id":29635,"date":"2023-12-28T13:23:32","date_gmt":"2023-12-28T10:23:32","guid":{"rendered":"http:\/\/mersinkadingazetesi.com\/?p=29635"},"modified":"2023-12-28T13:23:32","modified_gmt":"2023-12-28T10:23:32","slug":"buyuksehirden-ureticilere-incir-fidani-destegi","status":"publish","type":"post","link":"https:\/\/mersinkadingazetesi.com\/?p=29635","title":{"rendered":"B\u00dcY\u00dcK\u015eEH\u0130R&#8217;DEN \u00dcRET\u0130C\u0130LERE &#8216;\u0130NC\u0130R F\u0130DANI&#8217; DESTE\u011e\u0130"},"content":{"rendered":"<p>Mersin B\u00fcy\u00fck\u015fehir Belediyesi Tar\u0131msal Hizmetler Dairesi Ba\u015fkanl\u0131\u011f\u0131&#8217;n\u0131n tar\u0131msal \u00fcretime katk\u0131 sa\u011flamak i\u00e7in ba\u015flatt\u0131\u011f\u0131 destekler, 13 il\u00e7ede yap\u0131lan &#8216;\u0130ncir Fidan\u0131 Da\u011f\u0131t\u0131m T\u00f6reni&#8217;yle devam ediyor.<\/p>\n<p>\u00c7e\u015fit ve verimlili\u011fin art\u0131r\u0131lmas\u0131, tar\u0131mda alternatif \u00fcr\u00fcn olu\u015fturulmas\u0131, mevcut durumun en iyi hale getirilmesi, kapama incir bah\u00e7elerinin say\u0131s\u0131n\u0131 art\u0131rarak incir yeti\u015ftiricili\u011finin yayg\u0131nla\u015ft\u0131r\u0131lmas\u0131n\u0131, y\u00fcksek verim ve kaliteli meyveler elde ederek \u00fcreticilerin gelir seviyelerinin y\u00fckseltilmesini ama\u00e7layan proje kapsam\u0131nda, 13 il\u00e7ede 478 \u00fcreticiye, y\u00fczde 50 hibeli olarak toplam 14 bin 654 adet incir fidan\u0131 da\u011f\u0131t\u0131ld\u0131.<\/p>\n<p>\u00d6zellikle endemik bir incir t\u00fcr\u00fc olan &#8216;Tarsus Siyah\u0131&#8217; ve &#8216;Mut Beyaz\u0131&#8217;  \u00fcretimini art\u0131rmak, rekoltesini y\u00fckseltmek ve ihracata uygun bir t\u00fcr oldu\u011fu i\u00e7in \u00fcreticinin kar elde etmesini sa\u011flamak i\u00e7in ba\u015flat\u0131lan proje kapsam\u0131nda, T\u00fcrkiye&#8217;de incir \u00fcretiminde 4&#8217;\u00fcnc\u00fc s\u0131rada olan Mersin&#8217;in 1&#8217;inci s\u0131raya ta\u015f\u0131nmas\u0131 hedefleniyor.<\/p>\n<p>\u00d6zdemir: &#8220;\u00d6zellikle Tarsus, incir \u00fcretiminde stratejik bir konumda&#8221;<\/p>\n<p>\u0130ncirin Mersin ve \u00f6zellikle Tarsus i\u00e7in stratejik bir konumu oldu\u011funu kaydeden Tar\u0131msal Hizmetler Daire Ba\u015fkanl\u0131\u011f\u0131&#8217;nda g\u00f6rev yapan Ziraat M\u00fchendisi Hasan \u00d6zdemir, \u00f6zellikle &#8216;Tarsus Siyah\u0131&#8217; incirinin \u00fcretiminin art\u0131r\u0131lmas\u0131 i\u00e7in destek verdiklerini s\u00f6yledi. &#8216;Bursa Siyah\u0131&#8217; t\u00fcr\u00fcndeki incirin \u00fclke genelinde duyuldu\u011funu, ama erkenci olan &#8216;Tarsus Siyah\u0131&#8217;n\u0131n \u00e7ok bilinmedi\u011fini kaydeden \u00d6zdemir, &#8220;Tarsus siyah\u0131 erkenci oldu\u011fu i\u00e7in, ihracat potansiyeli y\u00fcksek bir \u00e7e\u015fit. Bursa siyah\u0131na nazaran erken \u00e7\u0131kmas\u0131ndan dolay\u0131, piyasa eder miktar\u0131 daha y\u00fcksek oluyor. Bu nedenle verdi\u011fimiz desteklerle; endemik bir t\u00fcr olan Tarsus Siyah\u0131&#8217;n\u0131n yayg\u0131nla\u015ft\u0131r\u0131lmas\u0131n\u0131, geli\u015ftirilmesini ve \u00fcretim rekoltesinin art\u0131r\u0131lmas\u0131n\u0131 ama\u00e7l\u0131yoruz&#8221; s\u00f6zlerine yer verdi. \u00dcreticinin 5-6 y\u0131l i\u00e7erisinde verim almaya ba\u015flayabilece\u011fini kaydeden \u00d6zdemir, sonraki y\u0131llarda bu verimin katlanarak devam edece\u011fini s\u00f6yledi.<\/p>\n<p>&#8220;Siyah incirde yurt d\u0131\u015f\u0131, beyaz incirde yurt i\u00e7i piyasay\u0131 hedefliyoruz&#8221;<\/p>\n<p>Mersin&#8217;in ya\u015f incir \u00fcretiminde T\u00fcrkiye genelinde 4&#8217;\u00fcnc\u00fc s\u0131rada oldu\u011funa dikkat \u00e7eken \u00d6zdemir, &#8220;T\u00fcrkiye genelindeki s\u0131ralamada daha \u00fcst s\u0131ralara gelme hedefimiz var. Siyah incirde yurt d\u0131\u015f\u0131, beyaz incirde ise yurt i\u00e7i piyasay\u0131 hedefliyoruz. Ra\u011fbet g\u00f6rmesi ise, s\u00fcrd\u00fcr\u00fclebilir olmas\u0131 i\u00e7in \u00e7ok \u00f6nemli. S\u00fcrd\u00fcr\u00fclebilir duruma gelinmesi i\u00e7in de daha farkl\u0131 destekleme modellerine ba\u015fvuraca\u011f\u0131z&#8221; ifadelerine yer verdi.<\/p>\n<p>Aykut: &#8220;B\u00fcy\u00fck\u015fehir&#8217;in katk\u0131lar\u0131yla incirin \u00fcretim alan\u0131 daha da geni\u015fliyor&#8221;<\/p>\n<p>Tar\u0131msal Hizmetler Dairesi Ba\u015fkanl\u0131\u011f\u0131&#8217;nda g\u00f6revli Ziraat Teknikeri Hakan Aykut ise, &#8220;13 il\u00e7enin incir yeti\u015filebilecek her yerine, siyah ve beyaz incir \u00e7e\u015fidi olarak da\u011f\u0131t\u0131m yap\u0131yoruz. Mut&#8217;ta da Mut il\u00e7esinin kendine \u00f6zg\u00fc bir \u00e7e\u015fidini da\u011f\u0131tt\u0131k&#8221; dedi. Aykut, B\u00fcy\u00fck\u015fehir&#8217;in destekleri sayesinde incirin \u00fcretim alan\u0131n\u0131n artt\u0131\u011f\u0131n\u0131 s\u00f6zlerine ekleyerek, &#8220;B\u00fcy\u00fck\u015fehir Belediyemizin bu katk\u0131lar\u0131 ile birlikte, incirin \u00fcretim alan\u0131 daha da geni\u015fliyor ve bunun \u00e7arpan etkileri var. \u00d6rne\u011fin \u015fu an \u00fcreticilerimiz taze olarak t\u00fcketemedi\u011fi incirleri, kurutma tesisinde kurutarak daha uzun s\u00fcreli muhafaza ediyor ve sat\u0131\u015f portf\u00f6ylerini geni\u015fletiyorlar&#8221; ifadelerini kulland\u0131.<\/p>\n<p>\u00dcretici, verilen destekler sayesinde rahat bir nefes al\u0131yor<\/p>\n<p>Kalburcu k\u00f6y\u00fcnde \u00fcretimle ilgilenen emekli ebe Derya Ak\u0131n, torunlar\u0131na kal\u0131c\u0131 olmas\u0131 i\u00e7in incir dikece\u011fini s\u00f6yledi. Emekli oldu\u011fundan itibaren \u00fcz\u00fcm ve zeytin \u00fcretimiyle ilgilendi\u011fini kaydeden Ak\u0131n, &#8220;G\u00fcc\u00fcm\u00fcn yetti\u011fi kadar \u00fcretmeye \u00e7al\u0131\u015f\u0131yorum, ama maliyetlerin alt\u0131ndan kalkam\u0131yorum. Maa\u015f\u0131m\u0131 da \u00fcretime yat\u0131rmama ra\u011fmen geri d\u00f6n\u00fc\u015f\u00fc olmuyor&#8221; dedi. Belediyenin destekleri sayesinde az da olsa nefes ald\u0131klar\u0131n\u0131 belirten Ak\u0131n, &#8220;Bunun ekimi var, dikimi var, yerinin haz\u0131rlamas\u0131 var. \u0130\u015f\u00e7ilik de dahil her \u015fey pahal\u0131. Desteklerin artmas\u0131n\u0131 isterim&#8221; diye konu\u015ftu.<\/p>\n<p>Kuzoluk k\u00f6y\u00fcnde ya\u015fayan ve normalde hayvanc\u0131l\u0131kla u\u011fra\u015fan gen\u00e7 \u00fcretici Furkan Ko\u00e7 ise, ilk kez incir \u00fcretimi yapacaklar\u0131n\u0131 kaydetti. \u00dcretici olarak zor zamanlardan ge\u00e7tiklerini kaydeden Ko\u00e7, &#8220;D\u00fc\u015fe kalka, borca girerek \u00e7ift\u00e7ilik yapmay\u0131 s\u00fcrd\u00fcr\u00fcyoruz. Bu destekler sayesinde, \u00e7ift\u00e7i daha \u00e7ok b\u00fcy\u00fcme \u015fans\u0131 yakalayabiliyor. Bu desteklerin daha da artaca\u011f\u0131n\u0131 d\u00fc\u015f\u00fcn\u00fcyorum&#8221; dedi.<\/p>\n<p>\u0130ncir fidan\u0131 deste\u011finden faydalanan kad\u0131n \u00fcretici \u0130lknur Y\u0131lmaz, girdi maliyetlerine de\u011finerek, &#8220;\u00dcretebilirsek kazan\u0131yoruz. Girdi maliyetlerinden dolay\u0131 \u00fcretici art\u0131k \u00fcretemez duruma geliyor. Gerek g\u00fcbre olsun, gerek yak\u0131t olsun \u00e7ok zorluyor. K\u0131t kanaat bir \u015fekilde, bir yerden al\u0131p bir yere yeti\u015ftirmekle ayakta durmaya \u00e7al\u0131\u015f\u0131yoruz&#8221; diye konu\u015ftu. Desteklerin \u00fcreticilere iyi geldi\u011fini s\u00f6yleyen Y\u0131lmaz, &#8220;Gerek hayvanc\u0131l\u0131kla, gerek tar\u0131mla u\u011fra\u015fanlara her t\u00fcrl\u00fc deste\u011fin verilmesi laz\u0131m. \u00dclke olarak \u00fcretmezsek, sonu pekiyi olmaz&#8221; dedi.<\/p>\n<p>\u0130ncir fidan\u0131 deste\u011finden faydalanan \u00fcreticilerden Ali Soydan ise, &#8220;B\u00f6yle destekler tar\u0131m i\u00e7in, \u00fclke i\u00e7in g\u00fczel bir \u015fey, bizim i\u00e7in velinimettir. Her zaman yap\u0131lmas\u0131n\u0131 temenni ederim&#8221; dedi. Destek ile ticaretini yapmak \u00fczere incir \u00fcretmeye ba\u015flayaca\u011f\u0131n\u0131 s\u00f6yleyen Soydan, &#8220;\u015eimdi daha da \u00e7ok \u00fcretece\u011fiz&#8221; diye konu\u015ftu.<\/p>\n","protected":false},"excerpt":{"rendered":"<p>Mersin B\u00fcy\u00fck\u015fehir Belediyesi Tar\u0131msal Hizmetler Dairesi Ba\u015fkanl\u0131\u011f\u0131&#8217;n\u0131n tar\u0131msal \u00fcretime katk\u0131 sa\u011flamak i\u00e7in ba\u015flatt\u0131\u011f\u0131 destekler, 13 il\u00e7ede yap\u0131lan &#8216;\u0130ncir Fidan\u0131 Da\u011f\u0131t\u0131m T\u00f6reni&#8217;yle devam ediyor. \u00c7e\u015fit ve verimlili\u011fin art\u0131r\u0131lmas\u0131, tar\u0131mda alternatif \u00fcr\u00fcn olu\u015fturulmas\u0131, mevcut durumun en iyi hale getirilmesi, kapama incir bah\u00e7elerinin say\u0131s\u0131n\u0131 art\u0131rarak incir yeti\u015ftiricili\u011finin yayg\u0131nla\u015ft\u0131r\u0131lmas\u0131n\u0131, y\u00fcksek verim ve kaliteli meyveler elde ederek \u00fcreticilerin gelir seviyelerinin [&hellip;]<\/p>\n","protected":false},"author":2,"featured_media":29636,"comment_status":"open","ping_status":"open","sticky":false,"template":"","format":"standard","meta":{"footnotes":""},"categories":[8,34,1,2,3],"tags":[],"class_list":["post-29635","post","type-post","status-publish","format-standard","has-post-thumbnail","hentry","category-ekonomi","category-flas-haber","category-genel","category-gundem","category-manset"],"views":6,"_links":{"self":[{"href":"https:\/\/mersinkadingazetesi.com\/index.php?rest_route=\/wp\/v2\/posts\/29635"}],"collection":[{"href":"https:\/\/mersinkadingazetesi.com\/index.php?rest_route=\/wp\/v2\/posts"}],"about":[{"href":"https:\/\/mersinkadingazetesi.com\/index.php?rest_route=\/wp\/v2\/types\/post"}],"author":[{"embeddable":true,"href":"https:\/\/mersinkadingazetesi.com\/index.php?rest_route=\/wp\/v2\/users\/2"}],"replies":[{"embeddable":true,"href":"https:\/\/mersinkadingazetesi.com\/index.php?rest_route=%2Fwp%2Fv2%2Fcomments&post=29635"}],"version-history":[{"count":0,"href":"https:\/\/mersinkadingazetesi.com\/index.php?rest_route=\/wp\/v2\/posts\/29635\/revisions"}],"wp:featuredmedia":[{"embeddable":true,"href":"https:\/\/mersinkadingazetesi.com\/index.php?rest_route=\/wp\/v2\/media\/29636"}],"wp:attachment":[{"href":"https:\/\/mersinkadingazetesi.com\/index.php?rest_route=%2Fwp%2Fv2%2Fmedia&parent=29635"}],"wp:term":[{"taxonomy":"category","embeddable":true,"href":"https:\/\/mersinkadingazetesi.com\/index.php?rest_route=%2Fwp%2Fv2%2Fcategories&post=29635"},{"taxonomy":"post_tag","embeddable":true,"href":"https:\/\/mersinkadingazetesi.com\/index.php?rest_route=%2Fwp%2Fv2%2Ftags&post=29635"}],"curies":[{"name":"wp","href":"https:\/\/api.w.org\/{rel}","templated":true}]}}