{"id":29648,"date":"2023-12-28T16:55:28","date_gmt":"2023-12-28T13:55:28","guid":{"rendered":"http:\/\/mersinkadingazetesi.com\/?p=29648"},"modified":"2023-12-28T16:55:28","modified_gmt":"2023-12-28T13:55:28","slug":"baskan-yilmazin-yeni-yil-mesaji","status":"publish","type":"post","link":"https:\/\/mersinkadingazetesi.com\/?p=29648","title":{"rendered":"BA\u015eKAN YILMAZ&#8217;IN YEN\u0130 YIL MESAJI"},"content":{"rendered":"<p>Mersin&#8217;in merkez il\u00e7e Toroslar Belediye Ba\u015fkan\u0131 Ats\u0131z Af\u015f\u0131n Y\u0131lmaz; yeni y\u0131l dolay\u0131s\u0131yla bir mesaj yay\u0131nlayarak, 2024 y\u0131l\u0131n\u0131n t\u00fcm insanl\u0131\u011fa sa\u011fl\u0131k, huzur, bar\u0131\u015f ve mutluluk getirmesi temennisinde bulundu.<\/p>\n<p>&#8220;Her yeni y\u0131l, yeni ba\u015flang\u0131\u00e7t\u0131r&#8221; diyen Ba\u015fkan Y\u0131lmaz; &#8220;T\u00fcrkiye Y\u00fczy\u0131l\u0131&#8217;n\u0131n ba\u015flang\u0131c\u0131 olan 2023 y\u0131l\u0131n\u0131 geride b\u0131rakt\u0131k. Yeni beklentilerle yeni bir y\u0131la daha giriyoruz. Tabi ki dile\u011fimiz \u00fclkemiz ve t\u00fcm d\u00fcnyada bar\u0131\u015f\u0131n ve sevginin egemen olmas\u0131, insanlar\u0131m\u0131z\u0131n refah i\u00e7inde ya\u015famas\u0131d\u0131r&#8221; dedi.<\/p>\n<p>&#8220;B\u0130Z BU \u015eEHR\u0130 \u00c7OK SEV\u0130YORUZ&#8221;<\/p>\n<p>&#8220;\u0130stiyoruz ki insanlar\u0131m\u0131z bu \u015fehirde ya\u015famaktan hep mutlu olsun&#8221; diyerek, bu gayretle \u00e7al\u0131\u015ft\u0131klar\u0131n\u0131 kaydeden Ba\u015fkan Y\u0131lmaz; &#8220;Toroslar Belediyesi olarak bir yandan planlad\u0131\u011f\u0131m\u0131z projelerimizi hayata ge\u00e7irirken bir yandan da e\u011fitimden sa\u011fl\u0131\u011fa, spordan turizme, imardan ula\u015f\u0131ma, istihdamdan k\u00fclt\u00fcr ve sanata kadar il\u00e7emizin gelece\u011fi ad\u0131na \u00f6nemli ad\u0131mlar att\u0131k. Hem il\u00e7emizin hem de kentimizin sosyal, k\u00fclt\u00fcrel ve ekonomik geli\u015fimi i\u00e7in g\u00fc\u00e7 birli\u011fi yaparak \u00e7al\u0131\u015ft\u0131k.  Vatanda\u015flar\u0131m\u0131z\u0131n talep ve \u00f6nceliklerini dikkate alan g\u00f6n\u00fcl belediyeceli\u011fine damga vurduk. G\u00f6reve geldi\u011fimiz g\u00fcnden bug\u00fcne kadar en zor g\u00fcnlerde en \u00f6zel projelerle vatanda\u015flar\u0131m\u0131z\u0131n yan\u0131nda olduk. 2023 y\u0131l\u0131nda birlik ve beraberlik i\u00e7inde her felaketi g\u00f6\u011f\u00fcsleyebilece\u011fimizi bir kez daha ya\u015fayarak g\u00f6rd\u00fck, dayan\u0131\u015fma ruhuyla yaralar\u0131m\u0131z\u0131 birlikte sard\u0131k ve mutlulu\u011fu da payla\u015fmay\u0131 bildik. &#8220;Biz birlikte g\u00fc\u00e7l\u00fcy\u00fcz. Neye ihtiya\u00e7 varsa oraday\u0131z&#8221; diyerek;  \u00e7evik ve sosyal belediyecilik anlay\u0131\u015f\u0131yla hizmetlerle dolu bir d\u00f6nemi geride b\u0131rakt\u0131k. Biz b\u00fcy\u00fck bir aileyiz. Bu \u015fehri \u00e7ok seviyoruz. \u0130nan\u0131yorum ki bu gayretlerimizin kar\u015f\u0131l\u0131\u011f\u0131 bizi daha da ileriye ta\u015f\u0131yacak. En b\u00fcy\u00fck destek\u00e7imiz olan hem\u015fehrilerimizden ald\u0131\u011f\u0131m\u0131z g\u00fc\u00e7le, hizmet yolunda gecemizi g\u00fcnd\u00fcz\u00fcm\u00fcze katarak \u00e7al\u0131\u015fmaya devam edece\u011fiz. Yeni y\u0131lda birlik ve beraberli\u011fimizin daha da artmas\u0131n\u0131 diliyor, t\u00fcm hem\u015fehrilerimizin yeni y\u0131l\u0131n\u0131 kutluyorum&#8221; \u015feklinde konu\u015ftu.<\/p>\n","protected":false},"excerpt":{"rendered":"<p>Mersin&#8217;in merkez il\u00e7e Toroslar Belediye Ba\u015fkan\u0131 Ats\u0131z Af\u015f\u0131n Y\u0131lmaz; yeni y\u0131l dolay\u0131s\u0131yla bir mesaj yay\u0131nlayarak, 2024 y\u0131l\u0131n\u0131n t\u00fcm insanl\u0131\u011fa sa\u011fl\u0131k, huzur, bar\u0131\u015f ve mutluluk getirmesi temennisinde bulundu. &#8220;Her yeni y\u0131l, yeni ba\u015flang\u0131\u00e7t\u0131r&#8221; diyen Ba\u015fkan Y\u0131lmaz; &#8220;T\u00fcrkiye Y\u00fczy\u0131l\u0131&#8217;n\u0131n ba\u015flang\u0131c\u0131 olan 2023 y\u0131l\u0131n\u0131 geride b\u0131rakt\u0131k. Yeni beklentilerle yeni bir y\u0131la daha giriyoruz. Tabi ki dile\u011fimiz \u00fclkemiz ve [&hellip;]<\/p>\n","protected":false},"author":2,"featured_media":29649,"comment_status":"open","ping_status":"open","sticky":false,"template":"","format":"standard","meta":{"footnotes":""},"categories":[1,2,3],"tags":[],"class_list":["post-29648","post","type-post","status-publish","format-standard","has-post-thumbnail","hentry","category-genel","category-gundem","category-manset"],"views":1,"_links":{"self":[{"href":"https:\/\/mersinkadingazetesi.com\/index.php?rest_route=\/wp\/v2\/posts\/29648"}],"collection":[{"href":"https:\/\/mersinkadingazetesi.com\/index.php?rest_route=\/wp\/v2\/posts"}],"about":[{"href":"https:\/\/mersinkadingazetesi.com\/index.php?rest_route=\/wp\/v2\/types\/post"}],"author":[{"embeddable":true,"href":"https:\/\/mersinkadingazetesi.com\/index.php?rest_route=\/wp\/v2\/users\/2"}],"replies":[{"embeddable":true,"href":"https:\/\/mersinkadingazetesi.com\/index.php?rest_route=%2Fwp%2Fv2%2Fcomments&post=29648"}],"version-history":[{"count":0,"href":"https:\/\/mersinkadingazetesi.com\/index.php?rest_route=\/wp\/v2\/posts\/29648\/revisions"}],"wp:featuredmedia":[{"embeddable":true,"href":"https:\/\/mersinkadingazetesi.com\/index.php?rest_route=\/wp\/v2\/media\/29649"}],"wp:attachment":[{"href":"https:\/\/mersinkadingazetesi.com\/index.php?rest_route=%2Fwp%2Fv2%2Fmedia&parent=29648"}],"wp:term":[{"taxonomy":"category","embeddable":true,"href":"https:\/\/mersinkadingazetesi.com\/index.php?rest_route=%2Fwp%2Fv2%2Fcategories&post=29648"},{"taxonomy":"post_tag","embeddable":true,"href":"https:\/\/mersinkadingazetesi.com\/index.php?rest_route=%2Fwp%2Fv2%2Ftags&post=29648"}],"curies":[{"name":"wp","href":"https:\/\/api.w.org\/{rel}","templated":true}]}}