{"id":29651,"date":"2023-12-28T16:56:17","date_gmt":"2023-12-28T13:56:17","guid":{"rendered":"http:\/\/mersinkadingazetesi.com\/?p=29651"},"modified":"2023-12-28T16:56:17","modified_gmt":"2023-12-28T13:56:17","slug":"kultur-ve-sanat-evi-kursiyerlerinin-urunleri-sergilendi","status":"publish","type":"post","link":"https:\/\/mersinkadingazetesi.com\/?p=29651","title":{"rendered":"K\u00dcLT\u00dcR VE SANAT EV\u0130 KURS\u0130YERLER\u0130N\u0130N \u00dcR\u00dcNLER\u0130 SERG\u0130LEND\u0130"},"content":{"rendered":"<p>Akdeniz Belediyesi K\u00fclt\u00fcr ve Sanat Evleri\u2019nde kursiyer kad\u0131nlar\u0131n el eme\u011fi g\u00f6z nuru ile ortaya \u00e7\u0131kard\u0131klar\u0131 birbirinden g\u00fczel ve renkli k\u0131yafet ve \u00e7antalar, bi\u00e7ki, diki\u015f, nak\u0131\u015f ve oyma i\u015fleri, el i\u015fi ve \u00f6rme oyuncaklar, tak\u0131 tasar\u0131m ve aksesuar \u00fcr\u00fcnleri, kentin en b\u00fcy\u00fck al\u0131\u015fveri\u015f merkezlerinden birinde kurulan sergide be\u011feniye sunuldu.<br \/>\nKent merkezinin en i\u015flek noktas\u0131nda hizmete a\u00e7t\u0131\u011f\u0131 \u2018Kad\u0131n Eme\u011fi Diyar\u0131n\u0131\u2019 \u00fccretsiz \u015fekilde \u00fcreten kad\u0131nlar\u0131n hizmetine sunan, topra\u011f\u0131 i\u015fleyip yerli ve organik tar\u0131msal \u00fcretime kad\u0131nlar\u0131n el atmas\u0131n\u0131 sa\u011flayan ve a\u00e7t\u0131\u011f\u0131 kurs ve e\u011fitimlerle kad\u0131nlar\u0131 meslek sahibi yapan Akdeniz Belediyesi, \u00fcreten ve katma de\u011fer yaratan Akdenizli kad\u0131nlar i\u00e7in hizmetlerine her ge\u00e7en g\u00fcn yenisini ekliyor.<br \/>\nMersin\u2019in en i\u015flek ve her dakika kalabal\u0131k olan b\u00fcy\u00fck bir al\u0131\u015fveri\u015f merkezinde kurulan ve 2 g\u00fcn s\u00fcrecek sergide, Akdeniz Belediyesi K\u00fclt\u00fcr ve Sanat Evleri\u2019nde kurs ve e\u011fitim alan y\u00fczlerce kursiyer kad\u0131n\u0131n el eme\u011fi g\u00f6z nuru ile ortaya \u00e7\u0131kard\u0131klar\u0131 k\u0131yafet ve \u00e7antalar, bi\u00e7ki, diki\u015f, nak\u0131\u015f ve oyma i\u015fleri, el i\u015fi oyuncaklar, tak\u0131 tasar\u0131m, aksesuar ve hediyelik \u00fcr\u00fcnler; hem be\u011feniye hem de sat\u0131\u015fa sunuldu. Kurs \u00f6\u011fretmenlerinin ger\u00e7ekle\u015ftirdi\u011fi sat\u0131\u015ftan elde edilecek gelir, kursiyer kad\u0131nlara ula\u015ft\u0131r\u0131lacak.<br \/>\n\u201c\u00dcreten kad\u0131nlara destek i\u00e7in buraday\u0131z\u201d<br \/>\nSergi hakk\u0131nda a\u00e7\u0131klama yapan \u00d6zg\u00fcrl\u00fck Mahallesi K\u00fclt\u00fcr ve Sanat Evi \u00f6\u011fretmenlerinden Gizem Baz; \u201cAkdenizli kad\u0131nlar\u0131m\u0131z\u0131n yapm\u0131\u015f oldu\u011fu el eme\u011fi g\u00f6z nuru \u00fcr\u00fcnlerimizi sergilemek i\u00e7in buraday\u0131z. Y\u00fczlerce kursiyerimizin \u00fcretti\u011fi binlerce \u00fcr\u00fcn burada sergileniyor. Kad\u0131nlar\u0131m\u0131z\u0131n haz\u0131rlad\u0131\u011f\u0131 \u00fcr\u00fcnlerin sat\u0131\u015f\u0131n\u0131 yaparak, hem onlara destek olmak hem de kazan\u00e7 elde etmelerini sa\u011flamak i\u00e7in buraday\u0131z\u201d dedi.<br \/>\nMezitli Viran\u015fehir\u2019de ikamet etti\u011fini ve sergiyi be\u011feniyle gezdi\u011fini ifade eden Asiye Ersen ise, \u201cAkdenizli kursiyer kad\u0131nlar\u0131n el eme\u011fi g\u00f6z nuru \u00fcr\u00fcnlerini \u00e7ok be\u011fendim. Harika \u00fcr\u00fcnler, hepsinin eme\u011fine sa\u011fl\u0131k. Hepsine te\u015fekk\u00fcr ediyoruz, iyi ki varlar. Bizler de burada al\u0131\u015fveri\u015f yapmay\u0131 \u00e7ok seviyoruz, her g\u00fcn \u00f6\u011flen aras\u0131 buraday\u0131z. Kad\u0131nlar\u0131m\u0131z\u0131 da sonsuz destekliyorum\u201d ifadelerini kulland\u0131. <\/p>\n","protected":false},"excerpt":{"rendered":"<p>Akdeniz Belediyesi K\u00fclt\u00fcr ve Sanat Evleri\u2019nde kursiyer kad\u0131nlar\u0131n el eme\u011fi g\u00f6z nuru ile ortaya \u00e7\u0131kard\u0131klar\u0131 birbirinden g\u00fczel ve renkli k\u0131yafet ve \u00e7antalar, bi\u00e7ki, diki\u015f, nak\u0131\u015f ve oyma i\u015fleri, el i\u015fi ve \u00f6rme oyuncaklar, tak\u0131 tasar\u0131m ve aksesuar \u00fcr\u00fcnleri, kentin en b\u00fcy\u00fck al\u0131\u015fveri\u015f merkezlerinden birinde kurulan sergide be\u011feniye sunuldu. Kent merkezinin en i\u015flek noktas\u0131nda hizmete a\u00e7t\u0131\u011f\u0131 [&hellip;]<\/p>\n","protected":false},"author":2,"featured_media":29652,"comment_status":"open","ping_status":"open","sticky":false,"template":"","format":"standard","meta":{"footnotes":""},"categories":[2,3],"tags":[],"class_list":["post-29651","post","type-post","status-publish","format-standard","has-post-thumbnail","hentry","category-gundem","category-manset"],"views":2,"_links":{"self":[{"href":"https:\/\/mersinkadingazetesi.com\/index.php?rest_route=\/wp\/v2\/posts\/29651"}],"collection":[{"href":"https:\/\/mersinkadingazetesi.com\/index.php?rest_route=\/wp\/v2\/posts"}],"about":[{"href":"https:\/\/mersinkadingazetesi.com\/index.php?rest_route=\/wp\/v2\/types\/post"}],"author":[{"embeddable":true,"href":"https:\/\/mersinkadingazetesi.com\/index.php?rest_route=\/wp\/v2\/users\/2"}],"replies":[{"embeddable":true,"href":"https:\/\/mersinkadingazetesi.com\/index.php?rest_route=%2Fwp%2Fv2%2Fcomments&post=29651"}],"version-history":[{"count":0,"href":"https:\/\/mersinkadingazetesi.com\/index.php?rest_route=\/wp\/v2\/posts\/29651\/revisions"}],"wp:featuredmedia":[{"embeddable":true,"href":"https:\/\/mersinkadingazetesi.com\/index.php?rest_route=\/wp\/v2\/media\/29652"}],"wp:attachment":[{"href":"https:\/\/mersinkadingazetesi.com\/index.php?rest_route=%2Fwp%2Fv2%2Fmedia&parent=29651"}],"wp:term":[{"taxonomy":"category","embeddable":true,"href":"https:\/\/mersinkadingazetesi.com\/index.php?rest_route=%2Fwp%2Fv2%2Fcategories&post=29651"},{"taxonomy":"post_tag","embeddable":true,"href":"https:\/\/mersinkadingazetesi.com\/index.php?rest_route=%2Fwp%2Fv2%2Ftags&post=29651"}],"curies":[{"name":"wp","href":"https:\/\/api.w.org\/{rel}","templated":true}]}}