{"id":29668,"date":"2023-12-29T12:57:34","date_gmt":"2023-12-29T09:57:34","guid":{"rendered":"http:\/\/mersinkadingazetesi.com\/?p=29668"},"modified":"2023-12-29T12:57:34","modified_gmt":"2023-12-29T09:57:34","slug":"baskan-secerden-yeni-yil-kutlama-mesaji","status":"publish","type":"post","link":"https:\/\/mersinkadingazetesi.com\/?p=29668","title":{"rendered":"BA\u015eKAN SE\u00c7ER&#8217;DEN YEN\u0130 YIL KUTLAMA MESAJI"},"content":{"rendered":"<p>Mersin B\u00fcy\u00fck\u015fehir Belediye Ba\u015fkan\u0131 Vahap Se\u00e7er, yeni y\u0131l dolay\u0131s\u0131yla bir mesaj yay\u0131nlayarak t\u00fcm Mersinlilerin yeni y\u0131l\u0131n\u0131 kutlad\u0131.<\/p>\n<p>Ba\u015fkan Vahap Se\u00e7er mesaj\u0131nda \u015fu ifadelere yer verdi:<\/p>\n<p>&#8220;Sevin\u00e7lerini ve \u00fcz\u00fcnt\u00fclerini hep birlikte payla\u015ft\u0131\u011f\u0131m\u0131z 2023 y\u0131l\u0131n\u0131 geride b\u0131rakarak, yeni umutlar ve daha ayd\u0131nl\u0131k bir gelecek dile\u011fiyle 2024 y\u0131l\u0131na giriyoruz. <\/p>\n<p>\u00dclkemiz i\u00e7in b\u00fcy\u00fck zorluklarla m\u00fccadele etti\u011fimiz 2023 y\u0131l\u0131, Mersin i\u00e7in de g\u00fcc\u00fcn\u00fc dayan\u0131\u015fmadan alan bir y\u0131l oldu. Bir yandan kent sorunlar\u0131na \u00e7\u00f6z\u00fcm \u00fcretirken; di\u011fer yandan \u00e7evre illerimizde ya\u015fanan deprem felaketlerinde sergiledi\u011fimiz dayan\u0131\u015fma ve elde etti\u011fimiz ba\u015far\u0131l\u0131 sonu\u00e7larla \u00e7al\u0131\u015fmalar\u0131m\u0131z\u0131 etkin bir \u015fekilde s\u00fcrd\u00fcrd\u00fck.<\/p>\n<p>Yeni y\u0131lda da kalk\u0131nmaya duyarl\u0131 belediyecilik vizyonumuzla, Mersin&#8217;in potansiyelini, halk\u0131m\u0131z\u0131n ya\u015fam kalitesini ve kentimizin k\u00fclt\u00fcrel zenginliklerini art\u0131rmak i\u00e7in planlad\u0131\u011f\u0131m\u0131z kapsay\u0131c\u0131 projelerle var g\u00fcc\u00fcm\u00fczle \u00e7al\u0131\u015fmay\u0131 s\u00fcrd\u00fcrece\u011fiz. 2024 y\u0131l\u0131 Mersin&#8217;i daha da ileriye ta\u015f\u0131ma y\u0131l\u0131 olacak.<\/p>\n<p>Toplumsal bar\u0131\u015f, demokrasi ve \u00f6zg\u00fcrl\u00fc\u011f\u00fcn egemen oldu\u011fu yeni bir y\u0131l temennisiyle 2024 y\u0131l\u0131n\u0131n d\u00fcnyaya ve insanl\u0131\u011fa sa\u011fl\u0131k, huzur, mutluluk ve bereket getirmesini t\u00fcm kalbimle diliyor, yeni y\u0131l\u0131n\u0131z\u0131 kutluyorum.&#8221;<\/p>\n","protected":false},"excerpt":{"rendered":"<p>Mersin B\u00fcy\u00fck\u015fehir Belediye Ba\u015fkan\u0131 Vahap Se\u00e7er, yeni y\u0131l dolay\u0131s\u0131yla bir mesaj yay\u0131nlayarak t\u00fcm Mersinlilerin yeni y\u0131l\u0131n\u0131 kutlad\u0131. Ba\u015fkan Vahap Se\u00e7er mesaj\u0131nda \u015fu ifadelere yer verdi: &#8220;Sevin\u00e7lerini ve \u00fcz\u00fcnt\u00fclerini hep birlikte payla\u015ft\u0131\u011f\u0131m\u0131z 2023 y\u0131l\u0131n\u0131 geride b\u0131rakarak, yeni umutlar ve daha ayd\u0131nl\u0131k bir gelecek dile\u011fiyle 2024 y\u0131l\u0131na giriyoruz. \u00dclkemiz i\u00e7in b\u00fcy\u00fck zorluklarla m\u00fccadele etti\u011fimiz 2023 y\u0131l\u0131, Mersin [&hellip;]<\/p>\n","protected":false},"author":2,"featured_media":29669,"comment_status":"open","ping_status":"open","sticky":false,"template":"","format":"standard","meta":{"footnotes":""},"categories":[3],"tags":[],"class_list":["post-29668","post","type-post","status-publish","format-standard","has-post-thumbnail","hentry","category-manset"],"views":1,"_links":{"self":[{"href":"https:\/\/mersinkadingazetesi.com\/index.php?rest_route=\/wp\/v2\/posts\/29668"}],"collection":[{"href":"https:\/\/mersinkadingazetesi.com\/index.php?rest_route=\/wp\/v2\/posts"}],"about":[{"href":"https:\/\/mersinkadingazetesi.com\/index.php?rest_route=\/wp\/v2\/types\/post"}],"author":[{"embeddable":true,"href":"https:\/\/mersinkadingazetesi.com\/index.php?rest_route=\/wp\/v2\/users\/2"}],"replies":[{"embeddable":true,"href":"https:\/\/mersinkadingazetesi.com\/index.php?rest_route=%2Fwp%2Fv2%2Fcomments&post=29668"}],"version-history":[{"count":0,"href":"https:\/\/mersinkadingazetesi.com\/index.php?rest_route=\/wp\/v2\/posts\/29668\/revisions"}],"wp:featuredmedia":[{"embeddable":true,"href":"https:\/\/mersinkadingazetesi.com\/index.php?rest_route=\/wp\/v2\/media\/29669"}],"wp:attachment":[{"href":"https:\/\/mersinkadingazetesi.com\/index.php?rest_route=%2Fwp%2Fv2%2Fmedia&parent=29668"}],"wp:term":[{"taxonomy":"category","embeddable":true,"href":"https:\/\/mersinkadingazetesi.com\/index.php?rest_route=%2Fwp%2Fv2%2Fcategories&post=29668"},{"taxonomy":"post_tag","embeddable":true,"href":"https:\/\/mersinkadingazetesi.com\/index.php?rest_route=%2Fwp%2Fv2%2Ftags&post=29668"}],"curies":[{"name":"wp","href":"https:\/\/api.w.org\/{rel}","templated":true}]}}