{"id":29671,"date":"2023-12-29T12:58:14","date_gmt":"2023-12-29T09:58:14","guid":{"rendered":"http:\/\/mersinkadingazetesi.com\/?p=29671"},"modified":"2023-12-29T12:58:14","modified_gmt":"2023-12-29T09:58:14","slug":"100-yilda-bin-adet-fidan-toprakla-bulusturuldu","status":"publish","type":"post","link":"https:\/\/mersinkadingazetesi.com\/?p=29671","title":{"rendered":"100. Y\u0131lda Bin Adet Fidan Toprakla Bulu\u015fturuldu"},"content":{"rendered":"<p>Mersin Orman B\u00f6lge M\u00fcd\u00fcrl\u00fc\u011f\u00fcne ba\u011fl\u0131 Mersin Orman i\u015fletme M\u00fcd\u00fcrl\u00fc\u011f\u00fc, Davultepe \u0130\u015fletme \u015eefli\u011fi s\u0131n\u0131r\u0131 i\u00e7erisinde yer alan Cemilli-\u00c7evlik g\u00f6leti a\u011fa\u00e7land\u0131rma sahas\u0131nda, Cumhuriyetimizin 100. Y\u0131l\u0131 an\u0131s\u0131na Mersin Emniyet M\u00fcd\u00fcrl\u00fc\u011f\u00fc ile beraber bin adet fidan toprakla bulu\u015fturuldu. <\/p>\n<p>Etkinlikte, \u0130\u015fletme M\u00fcd\u00fcrl\u00fc\u011f\u00fcm\u00fcz ile Mersin \u0130l Emniyet M\u00fcd\u00fcrl\u00fc\u011f\u00fc personelleri 2 ha alanda bin adet f\u0131st\u0131k\u00e7am\u0131 ve harnup fidan\u0131 dikildi.<\/p>\n<p>Fidan dikim etkinli\u011fine Mersin Orman \u0130\u015fletme M\u00fcd\u00fcr\u00fc Kenan \u00c7etin, A\u011fa\u00e7land\u0131rma \u015eefi Elife \u00c7\u0131nk\u0131r, \u0130l Emniyet M\u00fcd\u00fcr Yard\u0131mc\u0131lar\u0131 \u00d6zden \u00d6zden, Hac\u0131 Ahmet Turgut, Mahmut Duru, \u015eube M\u00fcd\u00fcr\u00fc Cahit K\u0131l\u0131\u00e7aslan, \u00d6zel Harekat \u015eube M\u00fcd\u00fcr\u00fc Veyis K\u0131l\u0131\u00e7 ve Mezitli \u0130l\u00e7e Emniyet M\u00fcd\u00fcr\u00fc Hac\u0131 Ahmet \u00d6nel kat\u0131l\u0131m sa\u011flad\u0131.<\/p>\n","protected":false},"excerpt":{"rendered":"<p>Mersin Orman B\u00f6lge M\u00fcd\u00fcrl\u00fc\u011f\u00fcne ba\u011fl\u0131 Mersin Orman i\u015fletme M\u00fcd\u00fcrl\u00fc\u011f\u00fc, Davultepe \u0130\u015fletme \u015eefli\u011fi s\u0131n\u0131r\u0131 i\u00e7erisinde yer alan Cemilli-\u00c7evlik g\u00f6leti a\u011fa\u00e7land\u0131rma sahas\u0131nda, Cumhuriyetimizin 100. Y\u0131l\u0131 an\u0131s\u0131na Mersin Emniyet M\u00fcd\u00fcrl\u00fc\u011f\u00fc ile beraber bin adet fidan toprakla bulu\u015fturuldu. Etkinlikte, \u0130\u015fletme M\u00fcd\u00fcrl\u00fc\u011f\u00fcm\u00fcz ile Mersin \u0130l Emniyet M\u00fcd\u00fcrl\u00fc\u011f\u00fc personelleri 2 ha alanda bin adet f\u0131st\u0131k\u00e7am\u0131 ve harnup fidan\u0131 dikildi. Fidan dikim [&hellip;]<\/p>\n","protected":false},"author":2,"featured_media":29672,"comment_status":"open","ping_status":"open","sticky":false,"template":"","format":"standard","meta":{"footnotes":""},"categories":[3,5],"tags":[],"class_list":["post-29671","post","type-post","status-publish","format-standard","has-post-thumbnail","hentry","category-manset","category-mersin"],"views":6,"_links":{"self":[{"href":"https:\/\/mersinkadingazetesi.com\/index.php?rest_route=\/wp\/v2\/posts\/29671"}],"collection":[{"href":"https:\/\/mersinkadingazetesi.com\/index.php?rest_route=\/wp\/v2\/posts"}],"about":[{"href":"https:\/\/mersinkadingazetesi.com\/index.php?rest_route=\/wp\/v2\/types\/post"}],"author":[{"embeddable":true,"href":"https:\/\/mersinkadingazetesi.com\/index.php?rest_route=\/wp\/v2\/users\/2"}],"replies":[{"embeddable":true,"href":"https:\/\/mersinkadingazetesi.com\/index.php?rest_route=%2Fwp%2Fv2%2Fcomments&post=29671"}],"version-history":[{"count":0,"href":"https:\/\/mersinkadingazetesi.com\/index.php?rest_route=\/wp\/v2\/posts\/29671\/revisions"}],"wp:featuredmedia":[{"embeddable":true,"href":"https:\/\/mersinkadingazetesi.com\/index.php?rest_route=\/wp\/v2\/media\/29672"}],"wp:attachment":[{"href":"https:\/\/mersinkadingazetesi.com\/index.php?rest_route=%2Fwp%2Fv2%2Fmedia&parent=29671"}],"wp:term":[{"taxonomy":"category","embeddable":true,"href":"https:\/\/mersinkadingazetesi.com\/index.php?rest_route=%2Fwp%2Fv2%2Fcategories&post=29671"},{"taxonomy":"post_tag","embeddable":true,"href":"https:\/\/mersinkadingazetesi.com\/index.php?rest_route=%2Fwp%2Fv2%2Ftags&post=29671"}],"curies":[{"name":"wp","href":"https:\/\/api.w.org\/{rel}","templated":true}]}}