{"id":29695,"date":"2023-12-29T16:59:50","date_gmt":"2023-12-29T13:59:50","guid":{"rendered":"http:\/\/mersinkadingazetesi.com\/?p=29695"},"modified":"2023-12-29T16:59:50","modified_gmt":"2023-12-29T13:59:50","slug":"deva-partili-ekmen-asgari-ucretliye-fedakarlik-dayatan-iktidar-israfa-son-versin","status":"publish","type":"post","link":"https:\/\/mersinkadingazetesi.com\/?p=29695","title":{"rendered":"DEVA Partili Ekmen: \u201cAsgari \u00fccretliye fedak\u00e2rl\u0131k dayatan iktidar israfa son versin\u201d"},"content":{"rendered":"<p>DEVA Partisi Genel Ba\u015fkan Yard\u0131mc\u0131s\u0131 ve Mersin Milletvekili Mehmet Emin Ekmen, asgari \u00fccret a\u00e7\u0131kland\u0131\u011f\u0131 esnada kat\u0131ld\u0131\u011f\u0131 TV program\u0131nda a\u00e7\u0131klanan rakam\u0131 de\u011ferlendirerek DEVA Partisi\u2019nin asgari \u00fccrete olan yakla\u015f\u0131m\u0131n\u0131 a\u00e7\u0131klad\u0131.<\/p>\n<p>Asgari \u00fccret rakam\u0131n\u0131 de\u011fil, asgari \u00fccret belirlemedeki ilkeleri ortaya koyduklar\u0131n\u0131 belirten Ekmen, konuya yakla\u015f\u0131mlar\u0131n\u0131n ge\u00e7en y\u0131lki y\u00fcksek enflasyondan do\u011fan fark art\u0131 refah pay\u0131 ve \u00f6ng\u00f6r\u00fclen enflasyon miktar\u0131 \u015feklinde oldu\u011funu s\u00f6yledi. <\/p>\n<p>A\u00e7\u0131klanan rakam\u0131n enflasyonun alt\u0131nda oldu\u011funu belirten Ekmen, 2023 y\u0131l\u0131nda Merkez Bankas\u0131n\u0131n birka\u00e7 kez enflasyon tahmininde g\u00fcncellemeye gitti\u011fini hat\u0131rlatt\u0131. Enflasyon belirlemede sahadaki ger\u00e7ek verilerden hareket edilmesi gerekti\u011fine dikkat \u00e7eken Ekmen, ge\u00e7en sene a\u00e7\u0131klanan asgari \u00fccretin enflasyonun gerisinde kald\u0131\u011f\u0131n\u0131 belirtti.<\/p>\n<p>\u201cB\u00fct\u00e7e faiz b\u00fct\u00e7esidir\u201d<\/p>\n<p>Ge\u00e7en sene \u00f6denen Kur Korumal\u0131 Mevduata (KKM) dayal\u0131 mevduat fark\u0131n\u0131n 200 milyar\u0131n \u00fczerinde ve hazinenin \u00f6dedi\u011fi faizin 650 milyar oldu\u011funu s\u00f6yleyen Ekmen, B\u00fct\u00e7ede 2024 i\u00e7in \u00f6ng\u00f6r\u00fclen faiz \u00f6demesinin ise 1 trilyon 254 milyar lira oldu\u011funu belirtti. <\/p>\n<p>Ekmen, geriye d\u00f6n\u00fcp son 5 y\u0131la bak\u0131ld\u0131\u011f\u0131nda paradan para kazananlar\u0131n milli gelirdeki pay\u0131n\u0131n artt\u0131\u011f\u0131n\u0131 ama maalesef eme\u011fi ile ge\u00e7inenlerin milli gelirdeki pay\u0131n\u0131n azald\u0131\u011f\u0131n\u0131 ifade etti.<\/p>\n<p>B\u00fct\u00e7edeki tar\u0131m deste\u011fine de\u011finen Ekmen, 2024 y\u0131l\u0131 i\u00e7in bunun 90 milyar oldu\u011funu s\u00f6yledi. Enflasyonun kontrol edilebilmesi i\u00e7in \u00e7\u0131kt\u0131lar \u00fczerinden de\u011fil de girdiler \u00fczerinden gidilmesi gerekti\u011fini belirten Ekmen, bunun i\u00e7in \u00fcretimin te\u015fvik edilmesi gerekti\u011fi yani \u00e7ift\u00e7iye elektrik, mazot, g\u00fcbre v.b desteklerin verilmesi gerekti\u011fine dikkat \u00e7ekti. <\/p>\n<p>\u201cAsgari \u00dccret Enflasyonu artt\u0131rmaz\u201d<\/p>\n<p>Asgari \u00fccretin enflasyonu art\u0131rd\u0131\u011f\u0131 tezine itiraz eden Ekmen, akademik ara\u015ft\u0131rmalara g\u00f6re asgari \u00fccretin enflasyon \u00fczerindeki etkisin d\u00fc\u015f\u00fck g\u00f6zlenmedi\u011fini belirtti. Asgari \u00fccretin yetersizli\u011finin nedeninin enflasyon oldu\u011funu belirten Ekmen, bu da h\u00fck\u00fcmetin ciddi bir ekonomi politikas\u0131n\u0131n olmamas\u0131ndan kaynakland\u0131\u011f\u0131n\u0131 ifade etti. Sa\u00e7ma sapan teorilerle \u00f6nce faizin d\u00fc\u015f\u00fcr\u00fcld\u00fc\u011f\u00fcn\u00fc \u015fimdi ise %42,5 seviyesine getirildi\u011fini ama ya\u015fanan y\u0131k\u0131c\u0131 etkinin hemen ge\u00e7meyece\u011fini savundu. <\/p>\n<p>Ekmen, Maliye Bakan\u0131\u2019n\u0131n a\u00e7\u0131klamalar\u0131na g\u00f6re her \u015fey iyi gitse bile 2026\u2019da tek haneli rakamlara ge\u00e7ilece\u011fini ifade etti.<\/p>\n<p>\u201c\u015eeffafl\u0131k ve G\u00fcven olmadan Ekonomi d\u00fczelmez\u201d<\/p>\n<p>Ekonominin d\u00fczelmesi i\u00e7in yap\u0131lanlar\u0131n yetersiz oldu\u011funu s\u00f6yleyen Ekmen, \u00f6ncelikle ekonomide ve devlet y\u00f6netiminde \u015feffaf bir anlay\u0131\u015f\u0131n benimsenmesi gerekti\u011fini, \u201cakl\u0131m\u0131zla dalga ge\u00e7en\u201d T\u00dc\u0130K ba\u015fkan\u0131n\u0131n de\u011fi\u015fmesi gerekti\u011fini, KKM\u2019den bir kalemle \u00e7\u0131k\u0131lmas\u0131 gerekti\u011fini ve bir g\u00fcven ortam\u0131n\u0131n yarat\u0131lmas\u0131 gerekti\u011fini ifade etti. T\u00dc\u0130K ve ENAG\u2019dan sonra bir Sad\u0131k abinin enflasyon de\u011ferlendirmesinin ortaya \u00e7\u0131kt\u0131\u011f\u0131n\u0131 hat\u0131rlatan Ekmen, bu anlay\u0131\u015f devlet ciddiyetine ve g\u00fcven in\u015fas\u0131na ayk\u0131r\u0131d\u0131r dedi. <\/p>\n<p>A\u00e7\u0131klanan asgari \u00fccretin \u00fc\u00e7 ay sonra maalesef a\u00e7l\u0131k s\u0131n\u0131r\u0131n\u0131n alt\u0131nda kalaca\u011f\u0131n\u0131 s\u00f6yleyen Mehmet Emin Ekmen, KKM\u2019ye \u00f6denen faizin emekli, \u00e7ift\u00e7i, memur ve asgari \u00fccretli vatanda\u015fa aktar\u0131lmas\u0131 gerekti\u011fini ifade etti. <\/p>\n<p>Vatanda\u015f\u0131n \u00e7o\u011funun yoksulluk s\u0131n\u0131r\u0131n\u0131n alt\u0131nda ya\u015fad\u0131\u011f\u0131n\u0131 belirten Ekmen, T\u00fcrkiye\u2019nin bir asgari \u00fccretli \u00fclkesine d\u00f6nd\u00fc\u011f\u00fcn\u00fc s\u00f6yledi. Ekonominin d\u00fczelmesi i\u00e7in bir kere tasarruf edilmesi gerekti\u011fini hat\u0131rlatan Ekmen, h\u00fck\u00fbmetin itibardan tasarruf etmedi\u011fini, l\u00fcks arabalar ve \u00f6zel u\u00e7aklara binmekten vazge\u00e7medi\u011fini s\u00f6yledi. Ekmen, \u201cAsgari \u00fccretliye fedak\u00e2rl\u0131k dayatan iktidar\u0131n kendi giderlerinde fedak\u00e2rl\u0131k yapmas\u0131 gerekti\u011fini\u201d belirtti.<\/p>\n","protected":false},"excerpt":{"rendered":"<p>DEVA Partisi Genel Ba\u015fkan Yard\u0131mc\u0131s\u0131 ve Mersin Milletvekili Mehmet Emin Ekmen, asgari \u00fccret a\u00e7\u0131kland\u0131\u011f\u0131 esnada kat\u0131ld\u0131\u011f\u0131 TV program\u0131nda a\u00e7\u0131klanan rakam\u0131 de\u011ferlendirerek DEVA Partisi\u2019nin asgari \u00fccrete olan yakla\u015f\u0131m\u0131n\u0131 a\u00e7\u0131klad\u0131. Asgari \u00fccret rakam\u0131n\u0131 de\u011fil, asgari \u00fccret belirlemedeki ilkeleri ortaya koyduklar\u0131n\u0131 belirten Ekmen, konuya yakla\u015f\u0131mlar\u0131n\u0131n ge\u00e7en y\u0131lki y\u00fcksek enflasyondan do\u011fan fark art\u0131 refah pay\u0131 ve \u00f6ng\u00f6r\u00fclen enflasyon miktar\u0131 [&hellip;]<\/p>\n","protected":false},"author":2,"featured_media":29696,"comment_status":"open","ping_status":"open","sticky":false,"template":"","format":"standard","meta":{"footnotes":""},"categories":[8,3,6],"tags":[],"class_list":["post-29695","post","type-post","status-publish","format-standard","has-post-thumbnail","hentry","category-ekonomi","category-manset","category-siyaset-2"],"views":1,"_links":{"self":[{"href":"https:\/\/mersinkadingazetesi.com\/index.php?rest_route=\/wp\/v2\/posts\/29695"}],"collection":[{"href":"https:\/\/mersinkadingazetesi.com\/index.php?rest_route=\/wp\/v2\/posts"}],"about":[{"href":"https:\/\/mersinkadingazetesi.com\/index.php?rest_route=\/wp\/v2\/types\/post"}],"author":[{"embeddable":true,"href":"https:\/\/mersinkadingazetesi.com\/index.php?rest_route=\/wp\/v2\/users\/2"}],"replies":[{"embeddable":true,"href":"https:\/\/mersinkadingazetesi.com\/index.php?rest_route=%2Fwp%2Fv2%2Fcomments&post=29695"}],"version-history":[{"count":0,"href":"https:\/\/mersinkadingazetesi.com\/index.php?rest_route=\/wp\/v2\/posts\/29695\/revisions"}],"wp:featuredmedia":[{"embeddable":true,"href":"https:\/\/mersinkadingazetesi.com\/index.php?rest_route=\/wp\/v2\/media\/29696"}],"wp:attachment":[{"href":"https:\/\/mersinkadingazetesi.com\/index.php?rest_route=%2Fwp%2Fv2%2Fmedia&parent=29695"}],"wp:term":[{"taxonomy":"category","embeddable":true,"href":"https:\/\/mersinkadingazetesi.com\/index.php?rest_route=%2Fwp%2Fv2%2Fcategories&post=29695"},{"taxonomy":"post_tag","embeddable":true,"href":"https:\/\/mersinkadingazetesi.com\/index.php?rest_route=%2Fwp%2Fv2%2Ftags&post=29695"}],"curies":[{"name":"wp","href":"https:\/\/api.w.org\/{rel}","templated":true}]}}