{"id":29698,"date":"2023-12-29T17:00:35","date_gmt":"2023-12-29T14:00:35","guid":{"rendered":"http:\/\/mersinkadingazetesi.com\/?p=29698"},"modified":"2023-12-29T17:00:35","modified_gmt":"2023-12-29T14:00:35","slug":"gultak-yeni-yili-ve-3-ocak-zaferini-kutladi","status":"publish","type":"post","link":"https:\/\/mersinkadingazetesi.com\/?p=29698","title":{"rendered":"G\u00dcLTAK, YEN\u0130 YILI VE 3 OCAK ZAFER\u0130\u2019N\u0130 KUTLADI"},"content":{"rendered":"<p>Akdeniz Belediye Ba\u015fkan\u0131 M. Mustafa G\u00fcltak, yay\u0131nlad\u0131\u011f\u0131 mesaj\u0131yla \u2018Yeni Y\u0131l\u0131\u2019 ve \u2018Mersin\u2019in D\u00fc\u015fman \u0130\u015fgalinden Kurtulu\u015funun 102\u2019nci y\u0131ld\u00f6n\u00fcm\u00fcn\u00fc tebrik etti. Ba\u015fkan G\u00fcltak; \u201cYeni y\u0131l\u0131n birlik ve beraberli\u011fimizi daha da g\u00fc\u00e7lendirmesi, ba\u015fta vatan\u0131m\u0131z olmak \u00fczere co\u011frafyam\u0131za ve t\u00fcm insanl\u0131\u011fa bar\u0131\u015f ve huzur getirmesi tek temennimdir\u201d dedi.<br \/>\nMesaj\u0131nda; \u201cBar\u0131\u015f\u0131n h\u00e2kim oldu\u011fu daha g\u00fczel bir d\u00fcnya \u00f6zlemiyle, yeni y\u0131lda insanl\u0131k ailesinin ya\u015fad\u0131\u011f\u0131 ac\u0131 ve g\u00f6zya\u015flar\u0131n\u0131n durmas\u0131n\u0131 temenni ediyorum\u201d diyen Ba\u015fkan G\u00fcltak; \u201cYeni umutlar, beklentiler ve hayallerle kar\u015f\u0131lad\u0131\u011f\u0131m\u0131z 2024 y\u0131l\u0131n\u0131n; aziz milletimiz ve insanl\u0131k ad\u0131na bar\u0131\u015fa, huzura, hay\u0131r ve g\u00fczelliklere vesile olmas\u0131n\u0131 temenni ediyor; Ba\u015fta Gazze ve Filistin olmak \u00fczere d\u00fcnyan\u0131n farkl\u0131 co\u011frafyalar\u0131nda mazlumlara yap\u0131lan zulm\u00fcn sona ermesini diliyorum\u201d ifadelerini kulland\u0131.<br \/>\n\u201c3 Ocak 1922 tarihi gurur vesikas\u0131d\u0131r\u201d<br \/>\nMersinlilerin 3 Ocak Zafer G\u00fcn\u00fc\u2019n\u00fc de kutlayan Ba\u015fkan G\u00fcltak, mesaj\u0131nda \u015fu ifadeleri kaydetti; \u201cBilinmelidir ki 3 Ocak 1922 tarihi onur ve gurur vesikas\u0131d\u0131r. Ve elbette bu b\u00fcy\u00fck zaferin ard\u0131nda, aziz milletimiz ve kahraman ordumuzun \u00f6zg\u00fcrl\u00fck ve h\u00fcrriyete olan inanc\u0131, y\u00fcksek cesareti ve b\u00fcy\u00fck fedak\u00e2rl\u0131\u011f\u0131 vard\u0131r. Bizler de bug\u00fcn, Gazi Mustafa Kemal Atat\u00fcrk&#8217;\u00fcn; \u201cMersinliler Mersin&#8217;e sahip \u00e7\u0131k\u0131n\u0131z\u201d s\u00f6z\u00fcn\u00fc ilke ve \u015fiar edinip milletimize hizmet i\u00e7in var g\u00fcc\u00fcm\u00fczle \u00e7al\u0131\u015f\u0131yoruz.<br \/>\nBar\u0131\u015f ve ho\u015fg\u00f6r\u00fcn\u00fcn kenti Mersin\u2019de; karde\u015f\u00e7e ya\u015famay\u0131 s\u00fcrd\u00fcrecek, \u2018Yeni T\u00fcrkiye Y\u00fczy\u0131l\u0131na\u2019 hep birlikte y\u00fcr\u00fcyece\u011fiz. Mersin\u2019in D\u00fc\u015fman \u0130\u015fgalinden Kurtulu\u015funun 102\u2019nci y\u0131ld\u00f6n\u00fcm\u00fcn\u00fc kutluyorum. Gazi Mustafa Kemal Atat\u00fcrk ve Silah Arkada\u015flar\u0131 ba\u015fta olmak \u00fczere; vatan\u0131m\u0131z, bayra\u011f\u0131m\u0131z ve istiklalimiz i\u00e7in topra\u011fa d\u00fc\u015fen aziz \u015fehitlerimizi ve kahraman gazilerimizi rahmet, minnet ve sayg\u0131yla y\u00e2d ediyorum.\u201d<\/p>\n","protected":false},"excerpt":{"rendered":"<p>Akdeniz Belediye Ba\u015fkan\u0131 M. Mustafa G\u00fcltak, yay\u0131nlad\u0131\u011f\u0131 mesaj\u0131yla \u2018Yeni Y\u0131l\u0131\u2019 ve \u2018Mersin\u2019in D\u00fc\u015fman \u0130\u015fgalinden Kurtulu\u015funun 102\u2019nci y\u0131ld\u00f6n\u00fcm\u00fcn\u00fc tebrik etti. Ba\u015fkan G\u00fcltak; \u201cYeni y\u0131l\u0131n birlik ve beraberli\u011fimizi daha da g\u00fc\u00e7lendirmesi, ba\u015fta vatan\u0131m\u0131z olmak \u00fczere co\u011frafyam\u0131za ve t\u00fcm insanl\u0131\u011fa bar\u0131\u015f ve huzur getirmesi tek temennimdir\u201d dedi. Mesaj\u0131nda; \u201cBar\u0131\u015f\u0131n h\u00e2kim oldu\u011fu daha g\u00fczel bir d\u00fcnya \u00f6zlemiyle, yeni y\u0131lda [&hellip;]<\/p>\n","protected":false},"author":2,"featured_media":29699,"comment_status":"open","ping_status":"open","sticky":false,"template":"","format":"standard","meta":{"footnotes":""},"categories":[2,3],"tags":[],"class_list":["post-29698","post","type-post","status-publish","format-standard","has-post-thumbnail","hentry","category-gundem","category-manset"],"views":3,"_links":{"self":[{"href":"https:\/\/mersinkadingazetesi.com\/index.php?rest_route=\/wp\/v2\/posts\/29698"}],"collection":[{"href":"https:\/\/mersinkadingazetesi.com\/index.php?rest_route=\/wp\/v2\/posts"}],"about":[{"href":"https:\/\/mersinkadingazetesi.com\/index.php?rest_route=\/wp\/v2\/types\/post"}],"author":[{"embeddable":true,"href":"https:\/\/mersinkadingazetesi.com\/index.php?rest_route=\/wp\/v2\/users\/2"}],"replies":[{"embeddable":true,"href":"https:\/\/mersinkadingazetesi.com\/index.php?rest_route=%2Fwp%2Fv2%2Fcomments&post=29698"}],"version-history":[{"count":0,"href":"https:\/\/mersinkadingazetesi.com\/index.php?rest_route=\/wp\/v2\/posts\/29698\/revisions"}],"wp:featuredmedia":[{"embeddable":true,"href":"https:\/\/mersinkadingazetesi.com\/index.php?rest_route=\/wp\/v2\/media\/29699"}],"wp:attachment":[{"href":"https:\/\/mersinkadingazetesi.com\/index.php?rest_route=%2Fwp%2Fv2%2Fmedia&parent=29698"}],"wp:term":[{"taxonomy":"category","embeddable":true,"href":"https:\/\/mersinkadingazetesi.com\/index.php?rest_route=%2Fwp%2Fv2%2Fcategories&post=29698"},{"taxonomy":"post_tag","embeddable":true,"href":"https:\/\/mersinkadingazetesi.com\/index.php?rest_route=%2Fwp%2Fv2%2Ftags&post=29698"}],"curies":[{"name":"wp","href":"https:\/\/api.w.org\/{rel}","templated":true}]}}