{"id":29705,"date":"2023-12-31T10:35:30","date_gmt":"2023-12-31T07:35:30","guid":{"rendered":"http:\/\/mersinkadingazetesi.com\/?p=29705"},"modified":"2023-12-31T10:35:30","modified_gmt":"2023-12-31T07:35:30","slug":"tadeka-tarsusta-kulturel-faaliyetleri-hizlandirdi","status":"publish","type":"post","link":"https:\/\/mersinkadingazetesi.com\/?p=29705","title":{"rendered":"TADEKA, TARSUS&#8217;TA K\u00dcLT\u00dcREL FAAL\u0130YETLER\u0130 HIZLANDIRDI"},"content":{"rendered":"<p>Mersin B\u00fcy\u00fck\u015fehir Belediyesi K\u00fclt\u00fcr ve Sosyal \u0130\u015fler Dairesi b\u00fcnyesindeki Tarsus&#8217;a De\u011fer Katanlar Kurulu&#8217;nun (TADEKA) hizmet binas\u0131nda, ard\u0131 ard\u0131na sosyal ve k\u00fclt\u00fcrel faaliyetler d\u00fczenlenmeye devam ediyor.<\/p>\n<p>TADEKA binas\u0131nda son olarak &#8216;Tarsus Arkeolojisi ve Gelece\u011fi&#8217; konulu panel ger\u00e7ekle\u015ftirildi. Panele konu\u015fmac\u0131 olarak Do\u00e7. Dr. Deniz Kaplan, \u00d6\u011fretim G\u00f6revlisi Dr. Ulus Tepeba\u015f ve Tarsus M\u00fcze M\u00fcd\u00fcr\u00fc Arkeolog Do\u011fukan Alper kat\u0131ld\u0131.<\/p>\n<p>B\u00fcy\u00fck\u015fehir Belediyesi K\u00fclt\u00fcr ve Sosyal \u0130\u015fler Dairesi Ba\u015fkanl\u0131\u011f\u0131 Kent Kat\u0131l\u0131m\u0131 ve Sivil Toplum ile \u0130li\u015fkiler \u015eube M\u00fcd\u00fcr\u00fc Ba\u015far Ak\u00e7a ile STK temsilcileri ve kurul \u00fcyelerinin kat\u0131ld\u0131\u011f\u0131 panelde konu\u015fmac\u0131lar, tarihi binlerce y\u0131l gerilere giden Donukta\u015f Tap\u0131na\u011f\u0131, Roma Hamam\u0131, Antik Yol, Tarihi K\u00f6pr\u00fc, Sa\u011fl\u0131k K\u00f6y\u00fc, Roma Yolu, Zeytinpazar\u0131 antik d\u00f6nem sarn\u0131c\u0131 ile kentin d\u00f6rt bir noktas\u0131nda yer alan tarihi eserlerle ilgili bilgiler verdiler.<\/p>\n<p>Tarsus M\u00fcze M\u00fcd\u00fcr\u00fc Arkeolog Do\u011fukan Alper konu\u015fmas\u0131nda, Tarsus M\u00fczesi&#8217;nin kurulu\u015f a\u015famas\u0131ndan g\u00fcn\u00fcm\u00fcze kadar s\u00fcregelen geli\u015fim s\u00fcrecini aktard\u0131. \u00d6\u011fretim G\u00f6revlisi Dr. Ulus Tepeba\u015f ise, Tarsus M\u00fczesi&#8217;nde bulunan heykellerle ilgili olarak ayr\u0131nt\u0131l\u0131 bilgiler verdi.<\/p>\n<p>Do\u00e7. Dr. Kaplan: &#8220;Tarsus&#8217;ta daha iyi i\u015fler yapaca\u011f\u0131m\u0131z\u0131 d\u00fc\u015f\u00fcn\u00fcyoruz&#8221;<\/p>\n<p>Do\u00e7. Dr. Deniz Kaplan, &#8220;Tarsuslularla beraber Tarsus arkeolojisi, Tarsus k\u00fclt\u00fcr miras\u0131 ve varl\u0131klar\u0131n\u0131n gelece\u011fe ta\u015f\u0131nmas\u0131 i\u00e7in ne yapabilece\u011fimiz \u00fczerine kapsaml\u0131 bir tart\u0131\u015fma yapt\u0131k. Ve tabi ki bu ilk oldu, ama son olmayacak. Biz bu konularda Tarsuslularla beraber tart\u0131\u015fmaya ve bu konu hakk\u0131nda faaliyetler \u00fcretmeye devam edece\u011fiz&#8221; dedi.<\/p>\n<p>Bu etkinli\u011fi ger\u00e7ekle\u015ftiren kurum ve kurulu\u015flara te\u015fekk\u00fcr eden Do\u00e7. Dr. Kaplan, &#8220;Tarsus&#8217;un k\u00fclt\u00fcr varl\u0131\u011f\u0131n\u0131 ve k\u00fclt\u00fcr miras\u0131n\u0131 ortaya \u00e7\u0131kartmak, ya\u015fatmak ve sahiplenip gelecek ku\u015faklara aktarmak i\u00e7in Tarsuslular\u0131n deste\u011fini istiyoruz. Onlar bize destek verdik\u00e7e de, Tarsus&#8217;ta daha iyi i\u015fler yapaca\u011f\u0131m\u0131z\u0131 d\u00fc\u015f\u00fcn\u00fcyoruz&#8221; \u015feklinde konu\u015ftu.<\/p>\n","protected":false},"excerpt":{"rendered":"<p>Mersin B\u00fcy\u00fck\u015fehir Belediyesi K\u00fclt\u00fcr ve Sosyal \u0130\u015fler Dairesi b\u00fcnyesindeki Tarsus&#8217;a De\u011fer Katanlar Kurulu&#8217;nun (TADEKA) hizmet binas\u0131nda, ard\u0131 ard\u0131na sosyal ve k\u00fclt\u00fcrel faaliyetler d\u00fczenlenmeye devam ediyor. TADEKA binas\u0131nda son olarak &#8216;Tarsus Arkeolojisi ve Gelece\u011fi&#8217; konulu panel ger\u00e7ekle\u015ftirildi. Panele konu\u015fmac\u0131 olarak Do\u00e7. Dr. Deniz Kaplan, \u00d6\u011fretim G\u00f6revlisi Dr. Ulus Tepeba\u015f ve Tarsus M\u00fcze M\u00fcd\u00fcr\u00fc Arkeolog Do\u011fukan Alper [&hellip;]<\/p>\n","protected":false},"author":2,"featured_media":29706,"comment_status":"open","ping_status":"open","sticky":false,"template":"","format":"standard","meta":{"footnotes":""},"categories":[3],"tags":[],"class_list":["post-29705","post","type-post","status-publish","format-standard","has-post-thumbnail","hentry","category-manset"],"views":27,"_links":{"self":[{"href":"https:\/\/mersinkadingazetesi.com\/index.php?rest_route=\/wp\/v2\/posts\/29705"}],"collection":[{"href":"https:\/\/mersinkadingazetesi.com\/index.php?rest_route=\/wp\/v2\/posts"}],"about":[{"href":"https:\/\/mersinkadingazetesi.com\/index.php?rest_route=\/wp\/v2\/types\/post"}],"author":[{"embeddable":true,"href":"https:\/\/mersinkadingazetesi.com\/index.php?rest_route=\/wp\/v2\/users\/2"}],"replies":[{"embeddable":true,"href":"https:\/\/mersinkadingazetesi.com\/index.php?rest_route=%2Fwp%2Fv2%2Fcomments&post=29705"}],"version-history":[{"count":0,"href":"https:\/\/mersinkadingazetesi.com\/index.php?rest_route=\/wp\/v2\/posts\/29705\/revisions"}],"wp:featuredmedia":[{"embeddable":true,"href":"https:\/\/mersinkadingazetesi.com\/index.php?rest_route=\/wp\/v2\/media\/29706"}],"wp:attachment":[{"href":"https:\/\/mersinkadingazetesi.com\/index.php?rest_route=%2Fwp%2Fv2%2Fmedia&parent=29705"}],"wp:term":[{"taxonomy":"category","embeddable":true,"href":"https:\/\/mersinkadingazetesi.com\/index.php?rest_route=%2Fwp%2Fv2%2Fcategories&post=29705"},{"taxonomy":"post_tag","embeddable":true,"href":"https:\/\/mersinkadingazetesi.com\/index.php?rest_route=%2Fwp%2Fv2%2Ftags&post=29705"}],"curies":[{"name":"wp","href":"https:\/\/api.w.org\/{rel}","templated":true}]}}