{"id":29708,"date":"2023-12-31T10:36:33","date_gmt":"2023-12-31T07:36:33","guid":{"rendered":"http:\/\/mersinkadingazetesi.com\/?p=29708"},"modified":"2023-12-31T10:36:33","modified_gmt":"2023-12-31T07:36:33","slug":"daha-guclu-itfaiye-icin-ata-egitim-merkezindeki-egitimler-hiz-kesmeden-suruyor","status":"publish","type":"post","link":"https:\/\/mersinkadingazetesi.com\/?p=29708","title":{"rendered":"&#8216;DAHA G\u00dc\u00c7L\u00dc \u0130TFA\u0130YE&#8217; \u0130\u00c7\u0130N, ATA E\u011e\u0130T\u0130M MERKEZ\u0130&#8217;NDEK\u0130 E\u011e\u0130T\u0130MLER HIZ KESMEDEN S\u00dcR\u00dcYOR"},"content":{"rendered":"<p>Mersin B\u00fcy\u00fck\u015fehir Belediyesi taraf\u0131ndan, itfaiye personelinin acil durum ve afetlere kar\u015f\u0131 daha donan\u0131ml\u0131 ve e\u011fitimli hale getirilece\u011fi bir e\u011fitim merkezi olarak hizmete a\u00e7\u0131lan &#8216;Ata E\u011fitim Merkezi&#8217;nde verilen e\u011fitimler s\u00fcratle devam ediyor. \u0130tfaiye personelinin e\u011fitim ald\u0131\u011f\u0131 &#8216;Ata E\u011fitim Merkezi&#8217;nde, s\u00fcrekli olarak personele afetlere daha haz\u0131rl\u0131kl\u0131 olmalar\u0131 i\u00e7in geni\u015f kapsaml\u0131 e\u011fitimler veriliyor.<\/p>\n<p>Daha etkin ve donan\u0131ml\u0131 bir \u0130tfaiye Te\u015fkilat\u0131 ile Mersin halk\u0131na hizmet vermeyi hedefleyen B\u00fcy\u00fck\u015fehir Belediyesi, var olan personelin de yetkinliklerinin art\u0131r\u0131lmas\u0131n\u0131 ama\u00e7l\u0131yor. Personeli daha dinamik tutmak amac\u0131yla itfaiyede g\u00f6rev yapmakta olan t\u00fcm personel, haftan\u0131n 5 g\u00fcn\u00fc mesleki e\u011fitimlere tabi tutuluyor.<\/p>\n<p>Ata E\u011fitim Merkezi&#8217;nde bu kez de hizmet i\u00e7i e\u011fitimler kapsam\u0131nda; Mersin B\u00fcy\u00fck\u015fehir Belediyesi \u0130tfaiye Dairesi Ba\u015fkanl\u0131\u011f\u0131&#8217;nda grup amiri ve \u00e7avu\u015f olarak g\u00f6rev yapan personel; e\u011fitim amirleri e\u015fli\u011finde 5 g\u00fcn s\u00fcren bir uygulamal\u0131 programa tabi tutuldu.<\/p>\n<p>Grup amiri ve \u00e7avu\u015flar; a\u011fa\u00e7 ve beton kesme motoru \u00e7al\u0131\u015ft\u0131rma, motopomp ile su \u00e7ekme, hidrolik a\u00e7ma-kesme ve hava yast\u0131klar\u0131 kullanarak yaral\u0131 kurtarma ve temiz hava solunum cihaz\u0131 kullanarak yanan bodrum kat\u0131ndan yaral\u0131y\u0131 \u00e7\u0131karma istasyonlar\u0131nda uygulamalar yapt\u0131. Olu\u015fturulan bu 5 istasyonda grup amiri ve \u00e7avu\u015flar\u0131n yetkinlikleri, uygulamal\u0131 program kapsam\u0131nda g\u00f6zlemlendi. Bu sayede grup amiri ve \u00e7avu\u015flar\u0131n g\u00f6revlerindeki yetkinliklerini art\u0131rmas\u0131 ama\u00e7land\u0131. Ata E\u011fitim Merkezi&#8217;nde devaml\u0131 olarak s\u00fcren e\u011fitimler kapsam\u0131nda, ilerleyen g\u00fcnlerde de di\u011fer itfaiye personeli bu e\u011fitimlere tabi tutulacak.<\/p>\n<p>Duru: &#8220;Hedefimiz Mersin halk\u0131m\u0131z\u0131n can ve mal g\u00fcvenli\u011fini korumak&#8221;<\/p>\n<p>Mersin B\u00fcy\u00fck\u015fehir Belediyesi \u0130tfaiye Dairesi Ba\u015fkanl\u0131\u011f\u0131 \u0130tfaiye E\u011fitim \u015eube M\u00fcd\u00fcr\u00fc Abdil Duru, Ata E\u011fitim Merkezi&#8217;nin; &#8216;Bilgi, Teknik Tecr\u00fcbe ve Daha G\u00fc\u00e7l\u00fc \u0130tfaiye&#8217; mottosuyla a\u00e7\u0131ld\u0131\u011f\u0131ndan s\u00f6z ederek, bu merkezde haftan\u0131n 5 g\u00fcn\u00fc program d\u00e2hilinde e\u011fitimler verildi\u011finden bahsetti. Duru, &#8220;Bu haftaki e\u011fitimlerimiz \u0130tfaiye Dairesi Ba\u015fkanl\u0131\u011f\u0131&#8217;nda grup amiri ve itfaiye \u00e7avu\u015fu olarak g\u00f6rev yapmakta olan personelimize y\u00f6nelik d\u00fczenlendi. E\u011fitimimiz 5 istasyondan olu\u015ftu. Hedefimiz Mersin halk\u0131m\u0131z\u0131n can ve mal g\u00fcvenli\u011fini korumak, olas\u0131 yang\u0131n, kaza ve sel-su bask\u0131nlar\u0131na daha etkin ve h\u0131zl\u0131 bir \u015fekilde m\u00fcdahale edilmesidir. Burada grup amiri ve \u00e7avu\u015flar\u0131m\u0131z\u0131n becerilerini, teknik bilgilerini g\u00f6zlemledik. Bu e\u011fitimler Mersin \u0130tfaiyemizde g\u00f6rev yapmakta olan t\u00fcm personele verilecektir&#8221; dedi ve olas\u0131 afet durumlar\u0131na kar\u015f\u0131 daha etkin m\u00fccadele etmek amac\u0131yla hareket ettiklerini vurgulad\u0131.<\/p>\n","protected":false},"excerpt":{"rendered":"<p>Mersin B\u00fcy\u00fck\u015fehir Belediyesi taraf\u0131ndan, itfaiye personelinin acil durum ve afetlere kar\u015f\u0131 daha donan\u0131ml\u0131 ve e\u011fitimli hale getirilece\u011fi bir e\u011fitim merkezi olarak hizmete a\u00e7\u0131lan &#8216;Ata E\u011fitim Merkezi&#8217;nde verilen e\u011fitimler s\u00fcratle devam ediyor. \u0130tfaiye personelinin e\u011fitim ald\u0131\u011f\u0131 &#8216;Ata E\u011fitim Merkezi&#8217;nde, s\u00fcrekli olarak personele afetlere daha haz\u0131rl\u0131kl\u0131 olmalar\u0131 i\u00e7in geni\u015f kapsaml\u0131 e\u011fitimler veriliyor. Daha etkin ve donan\u0131ml\u0131 bir [&hellip;]<\/p>\n","protected":false},"author":2,"featured_media":29709,"comment_status":"open","ping_status":"open","sticky":false,"template":"","format":"standard","meta":{"footnotes":""},"categories":[2,3],"tags":[],"class_list":["post-29708","post","type-post","status-publish","format-standard","has-post-thumbnail","hentry","category-gundem","category-manset"],"views":1,"_links":{"self":[{"href":"https:\/\/mersinkadingazetesi.com\/index.php?rest_route=\/wp\/v2\/posts\/29708"}],"collection":[{"href":"https:\/\/mersinkadingazetesi.com\/index.php?rest_route=\/wp\/v2\/posts"}],"about":[{"href":"https:\/\/mersinkadingazetesi.com\/index.php?rest_route=\/wp\/v2\/types\/post"}],"author":[{"embeddable":true,"href":"https:\/\/mersinkadingazetesi.com\/index.php?rest_route=\/wp\/v2\/users\/2"}],"replies":[{"embeddable":true,"href":"https:\/\/mersinkadingazetesi.com\/index.php?rest_route=%2Fwp%2Fv2%2Fcomments&post=29708"}],"version-history":[{"count":0,"href":"https:\/\/mersinkadingazetesi.com\/index.php?rest_route=\/wp\/v2\/posts\/29708\/revisions"}],"wp:featuredmedia":[{"embeddable":true,"href":"https:\/\/mersinkadingazetesi.com\/index.php?rest_route=\/wp\/v2\/media\/29709"}],"wp:attachment":[{"href":"https:\/\/mersinkadingazetesi.com\/index.php?rest_route=%2Fwp%2Fv2%2Fmedia&parent=29708"}],"wp:term":[{"taxonomy":"category","embeddable":true,"href":"https:\/\/mersinkadingazetesi.com\/index.php?rest_route=%2Fwp%2Fv2%2Fcategories&post=29708"},{"taxonomy":"post_tag","embeddable":true,"href":"https:\/\/mersinkadingazetesi.com\/index.php?rest_route=%2Fwp%2Fv2%2Ftags&post=29708"}],"curies":[{"name":"wp","href":"https:\/\/api.w.org\/{rel}","templated":true}]}}