{"id":29711,"date":"2023-12-31T10:38:02","date_gmt":"2023-12-31T07:38:02","guid":{"rendered":"http:\/\/mersinkadingazetesi.com\/?p=29711"},"modified":"2023-12-31T10:38:02","modified_gmt":"2023-12-31T07:38:02","slug":"losevin-mutlu-et-projesi-aileleri-bulusturdu","status":"publish","type":"post","link":"https:\/\/mersinkadingazetesi.com\/?p=29711","title":{"rendered":"L\u00d6SEV\u2019\u0130N \u2018MUTLU ET PROJES\u0130\u2019 A\u0130LELER\u0130 BULU\u015eTURDU"},"content":{"rendered":"<p>Akdeniz Belediyesi\u2019nin destekleriyle, L\u00f6semili \u00c7ocuklar Sa\u011fl\u0131k ve E\u011fitim Vakf\u0131 (L\u00d6SEV) taraf\u0131ndan y\u00fcr\u00fct\u00fclen \u2018Mutlu Et Projesi\u2019 kapsam\u0131nda, kanser hastalar\u0131na ve ailelerine y\u00f6nelik panel ger\u00e7ekle\u015ftirildi.<\/p>\n<p>Akdeniz Belediyesinin destekleri ile L\u00d6SEV L\u00f6semili \u00c7ocuklar Sa\u011fl\u0131k ve E\u011fitim Vakf\u0131 Adana \u0130rtibat Ofisi taraf\u0131ndan d\u00fczenlenen; L\u00f6semi ve Kanser Hastalar\u0131 ve ailelerinin kat\u0131ld\u0131\u011f\u0131 panel, belediyenin konferans salonunda d\u00fczenlendi.  Etkinlikte, L\u00d6SEV Adana Sosyal Hizmet sorumlusu G\u00fcl \u015eahin, l\u00f6semi ve kansere yeni yakalanan \u00e7ocuklar\u0131n ailelerine, vakf\u0131n yard\u0131m s\u00fcre\u00e7leri ve 25 y\u0131ll\u0131k hikayesi hakk\u0131nda bilgiler aktard\u0131. <\/p>\n<p>Panelde; Akdeniz Belediyesi K\u00fclt\u00fcr ve Sosyal \u0130\u015fler M\u00fcd\u00fcrl\u00fc\u011f\u00fc\u2019nde g\u00f6revli Uzman Psikolog G\u00fclnihal Bilim ise, \u2018Kanserde Psiko-Sosyal Uyum\u2019 ba\u015fl\u0131kl\u0131 sunumunda, kanser s\u00fcreci ve sonras\u0131nda sosyal uyumu kolayla\u015ft\u0131rmak i\u00e7in gereken y\u00f6ntemlerden bahsederek kat\u0131l\u0131mc\u0131lara bilgilendirmelerde bulundu. <\/p>\n<p>Panel, toplu foto\u011fraf \u00e7ekiminin ard\u0131ndan, L\u00d6SEV taraf\u0131ndan ailelere mutlu et paketlerinin verilmesiyle sona erdi.<\/p>\n<p>Mutlu Et Projesi Hakk\u0131nda\u2026<\/p>\n<p>L\u00f6semili \u00c7ocuklar Sa\u011fl\u0131k ve E\u011fitim Vakf\u0131 (L\u00d6SEV), y\u00fcr\u00fctt\u00fc\u011f\u00fc &#8216;Mutlu Et Projesi&#8217; kapsam\u0131nda, y\u0131l boyunca hay\u0131rseverlerden toplad\u0131\u011f\u0131 etleri, \u00f6zel paketlerde ve taze bir \u015fekilde y\u0131l boyunca saklay\u0131p, T\u00fcrkiye genelinde ihtiya\u00e7 sahibi hastalara ve ailelerine ula\u015ft\u0131r\u0131yor.<\/p>\n","protected":false},"excerpt":{"rendered":"<p>Akdeniz Belediyesi\u2019nin destekleriyle, L\u00f6semili \u00c7ocuklar Sa\u011fl\u0131k ve E\u011fitim Vakf\u0131 (L\u00d6SEV) taraf\u0131ndan y\u00fcr\u00fct\u00fclen \u2018Mutlu Et Projesi\u2019 kapsam\u0131nda, kanser hastalar\u0131na ve ailelerine y\u00f6nelik panel ger\u00e7ekle\u015ftirildi. Akdeniz Belediyesinin destekleri ile L\u00d6SEV L\u00f6semili \u00c7ocuklar Sa\u011fl\u0131k ve E\u011fitim Vakf\u0131 Adana \u0130rtibat Ofisi taraf\u0131ndan d\u00fczenlenen; L\u00f6semi ve Kanser Hastalar\u0131 ve ailelerinin kat\u0131ld\u0131\u011f\u0131 panel, belediyenin konferans salonunda d\u00fczenlendi. Etkinlikte, L\u00d6SEV Adana Sosyal [&hellip;]<\/p>\n","protected":false},"author":2,"featured_media":29712,"comment_status":"open","ping_status":"open","sticky":false,"template":"","format":"standard","meta":{"footnotes":""},"categories":[2,3,9],"tags":[],"class_list":["post-29711","post","type-post","status-publish","format-standard","has-post-thumbnail","hentry","category-gundem","category-manset","category-saglik"],"views":0,"_links":{"self":[{"href":"https:\/\/mersinkadingazetesi.com\/index.php?rest_route=\/wp\/v2\/posts\/29711"}],"collection":[{"href":"https:\/\/mersinkadingazetesi.com\/index.php?rest_route=\/wp\/v2\/posts"}],"about":[{"href":"https:\/\/mersinkadingazetesi.com\/index.php?rest_route=\/wp\/v2\/types\/post"}],"author":[{"embeddable":true,"href":"https:\/\/mersinkadingazetesi.com\/index.php?rest_route=\/wp\/v2\/users\/2"}],"replies":[{"embeddable":true,"href":"https:\/\/mersinkadingazetesi.com\/index.php?rest_route=%2Fwp%2Fv2%2Fcomments&post=29711"}],"version-history":[{"count":0,"href":"https:\/\/mersinkadingazetesi.com\/index.php?rest_route=\/wp\/v2\/posts\/29711\/revisions"}],"wp:featuredmedia":[{"embeddable":true,"href":"https:\/\/mersinkadingazetesi.com\/index.php?rest_route=\/wp\/v2\/media\/29712"}],"wp:attachment":[{"href":"https:\/\/mersinkadingazetesi.com\/index.php?rest_route=%2Fwp%2Fv2%2Fmedia&parent=29711"}],"wp:term":[{"taxonomy":"category","embeddable":true,"href":"https:\/\/mersinkadingazetesi.com\/index.php?rest_route=%2Fwp%2Fv2%2Fcategories&post=29711"},{"taxonomy":"post_tag","embeddable":true,"href":"https:\/\/mersinkadingazetesi.com\/index.php?rest_route=%2Fwp%2Fv2%2Ftags&post=29711"}],"curies":[{"name":"wp","href":"https:\/\/api.w.org\/{rel}","templated":true}]}}